{"id":119308,"date":"2025-12-18T02:58:14","date_gmt":"2025-12-18T02:58:14","guid":{"rendered":"https:\/\/www.europesays.com\/fi\/119308\/"},"modified":"2025-12-18T02:58:14","modified_gmt":"2025-12-18T02:58:14","slug":"ransistyneen-juneksen-huvilan-remontointi-helsingin-linnunlaulussa-voi-venya-vuosilla","status":"publish","type":"post","link":"https:\/\/www.europesays.com\/fi\/119308\/","title":{"rendered":"R\u00e4nsistyneen Juneksen huvilan remontointi Helsingin Linnunlaulussa voi veny\u00e4 vuosilla"},"content":{"rendered":"<p>Arvorakennukset|Kaupunki yritti pitk\u00e4\u00e4n pakottaa Linnunlaulun huvila numero 9:n omistajaa remontoimaan talonsa, turhaan. Nyt vuorossa on perikunta.<\/p>\n<p>17.12. 14:00<\/p>\n<p>Lue tiivistelm\u00e4<\/p>\n<p class=\"article-body mb-nof-24 px-nof-16 sndp-summary-bullet-point-font\">Helsingin kaupunki on tehnyt tarkastusk\u00e4ynnin Juneksen huvilana tunnetulle kiinteist\u00f6lle Linnunlaulussa.<\/p>\n<p class=\"article-body mb-nof-24 px-nof-16 sndp-summary-bullet-point-font\">Kaupunki yritti aiemmin pakottaa edellisen omistajan remontoimaan huvilan uhkasakoilla, mutta omistaja Aulis Junes kuoli vuonna 2023 ennen remontin aloittamista.<\/p>\n<p class=\"article-body mb-nof-24 px-nof-16 sndp-summary-bullet-point-font\">Huvila siirtyi Juneksen kahdelle pojalle, ja kaupungin rakennusvalvonta toimittaa heille tarkastuslausunnon tammikuussa.<\/p>\n<p class=\"article-body mb-nof-24 px-nof-16 sndp-summary-bullet-point-font\">Rakennusvalvontap\u00e4\u00e4llikk\u00f6 Leena Immosen mukaan mahdolliset valitukset voivat viiv\u00e4stytt\u00e4\u00e4 huvilan remonttia jopa vuosilla.<\/p>\n<p class=\"article-body mb-nof-24 px-nof-16\">Helsingin kaupunki on tehnyt tarkastusk\u00e4ynnin Juneksen huvilana tunnetulle kiinteist\u00f6lle Helsingin Linnunlaulussa. K\u00e4ynnin tuloksista koottava lausunto on viel\u00e4 keskener\u00e4inen, eik\u00e4 kaupungin rakennusvalvonta kommentoi sen sis\u00e4lt\u00f6\u00e4.<\/p>\n<p class=\"article-body mb-nof-24 px-nof-16\">Helsinkil\u00e4isten silm\u00e4ter\u00e4 on tunnetusti joutunut huonoon kuntoon. Kaupunki koetti uhkasakkoja asettamalla pakottaa Linnunlaulun huvila numero 9:n edellist\u00e4 omistajaa <a class=\"article-personlink\" href=\"https:\/\/www.hs.fi\/haku\/?query=Aulis%20Junesta\" rel=\"nofollow noopener\" target=\"_blank\">Aulis Junesta <\/a>remontoimaan talonsa, turhaan.<\/p>\n<p class=\"article-body mb-nof-24 px-nof-16\">Uhkasakkoja ehti kerty\u00e4 kymmeni\u00e4 tuhansia euroja. Tarpeeseen n\u00e4hden vaatimattomia korjauksia lukuun ottamatta omistaja ei k\u00e4ynnist\u00e4nyt ratkaisevaa remonttia. Aulis Junes kuoli 2023, jolloin uhkasakot raukesivat.<\/p>\n<p class=\"article-body mb-nof-24 px-nof-16\">Kaupungin rakennusvalvonnalle selvisi vasta kuoleman j\u00e4lkeen, etteiv\u00e4t uhkasakot periydy.<\/p>\n<p><img decoding=\"async\" src=\"https:\/\/www.europesays.com\/fi\/wp-content\/uploads\/2025\/12\/1766026693_42_468.jpg\" alt=\"Linnunlaulun huvila numero 9 kuvattuna huhtikuussa 1953.\" class=\"_Img_1rerz_1\" style=\"aspect-ratio:1.080472706809229\" loading=\"eager\"\/><\/p>\n<p class=\"article-picture-caption\">Linnunlaulun huvila numero 9 kuvattuna huhtikuussa 1953. Kuva:\u00a0HS<\/p>\n<p class=\"article-body mb-nof-24 px-nof-16\">Helsingin kaupungin vuokramaalla sijaitseva huvila siirtyi perinn\u00f6njaossa Juneksen kahdelle pojalle. Perikunta ei ole tehnyt n\u00e4kyv\u00e4\u00e4 elett\u00e4 huvilan korjaamiseksi tai kertonut aikeistaan julkisuuteen.<\/p>\n<p class=\"article-body mb-nof-24 px-nof-16\">Nyt kaupungin rakennusvalvonnan k\u00e4ynnistetty\u00e4 toimenpiteet uudelleen perikunnalla on mahdollisuus ellei pakko kommentoida tilannetta kannaltaan: rakennusvalvonta toimittaa tarkastuslausunnon maanvuokralaisilleen eli Juneksen pojille tammikuussa.<\/p>\n<p class=\"article-body mb-nof-24 px-nof-16\">\u201dTarkastuslausunto toimitetaan todisteellisesti nykyisille vuokralaisille eli perikunnalle. Kun vastine on saatu, asia vied\u00e4\u00e4n ymp\u00e4rist\u00f6- ja lupajaoston p\u00e4\u00e4tett\u00e4v\u00e4ksi\u201d, rakennusvalvontap\u00e4\u00e4llikk\u00f6 <a class=\"article-personlink\" href=\"https:\/\/www.hs.fi\/haku\/?query=Leena%20Immonen\" rel=\"nofollow noopener\" target=\"_blank\">Leena Immonen<\/a> Helsingin kaupunkiymp\u00e4rist\u00f6n toimialalta kertoo s\u00e4hk\u00f6postitse.<\/p>\n<p class=\"article-body mb-nof-24 px-nof-16\">Ymp\u00e4rist\u00f6- ja lupajaosto on muun muassa rakennusluvista ja valvonnasta p\u00e4\u00e4tt\u00e4v\u00e4 poliittinen elin.<\/p>\n<p class=\"article-body mb-nof-24 px-nof-16\">\u201dJaosto velvoittaa kunnostamaan rakennuksen uhkasakon uhalla asetettavaan m\u00e4\u00e4r\u00e4aikaan menness\u00e4. Mik\u00e4li m\u00e4\u00e4r\u00e4aikaa ei noudateta, uhkasakko tuomitaan maksuun jaoston p\u00e4\u00e4t\u00f6ksell\u00e4 tai p\u00e4\u00e4t\u00f6ksill\u00e4\u201d, Immonen avaa prosessia.<\/p>\n<p><img decoding=\"async\" src=\"https:\/\/www.europesays.com\/fi\/wp-content\/uploads\/2025\/12\/1766026694_451_468.jpg\" alt=\"Kuistin ja parvekkeen kattoja on tuettu v\u00e4liaikaisilla rakenteilla.\" class=\"_Img_1rerz_1\" style=\"aspect-ratio:0.6666666666666666\" loading=\"eager\"\/><\/p>\n<p class=\"article-picture-caption\">Kuistin ja parvekkeen kattoja on tuettu v\u00e4liaikaisilla rakenteilla. Kuva:\u00a0Kalle Koponen \/ HS<\/p>\n<p class=\"article-body mb-nof-24 px-nof-16\">H\u00e4t\u00e4isimpien harmiksi kansalaisilla on oikeusvaltiossa kuntap\u00e4\u00e4t\u00f6ksiinkin valitusoikeus. Immonen muistuttaa, ett\u00e4 Linnunlaulun huvilaa koskevista p\u00e4\u00e4t\u00f6ksist\u00e4 on niist\u00e4kin mahdollisuus valittaa.<\/p>\n<p class=\"article-body mb-nof-24 px-nof-16\">\u201dLainvoimaisten p\u00e4\u00e4t\u00f6sten saaminen saattaa kest\u00e4\u00e4 pitk\u00e4\u00e4n.\u201d<\/p>\n<p class=\"article-body mb-nof-24 px-nof-16\">Suoraksi suomeksi k\u00e4\u00e4nnettyn\u00e4 t\u00e4m\u00e4 voi tarkoittaa Linnunlaulun huvila numero 9:n remontin viiv\u00e4stymist\u00e4 jopa vuosilla.<\/p>\n","protected":false},"excerpt":{"rendered":"Arvorakennukset|Kaupunki yritti pitk\u00e4\u00e4n pakottaa Linnunlaulun huvila numero 9:n omistajaa remontoimaan talonsa, turhaan. Nyt vuorossa on perikunta. 17.12. 14:00&hellip;\n","protected":false},"author":2,"featured_media":119309,"comment_status":"","ping_status":"","sticky":false,"template":"","format":"standard","meta":{"footnotes":""},"categories":[12],"tags":[22,23,26,27,33,31,30,17,46,24,25,28,29,15,18,21,32,19,20,16],"class_list":{"0":"post-119308","1":"post","2":"type-post","3":"status-publish","4":"format-standard","5":"has-post-thumbnail","7":"category-suomi","8":"tag-breaking-news","9":"tag-breakingnews","10":"tag-featured-news","11":"tag-featurednews","12":"tag-fi","13":"tag-finland","14":"tag-finnish","15":"tag-headlines","16":"tag-helsingin-sanomat","17":"tag-latest-news","18":"tag-latestnews","19":"tag-main-news","20":"tag-mainnews","21":"tag-news","22":"tag-otsikot","23":"tag-paauutiset","24":"tag-suomi","25":"tag-top-stories","26":"tag-topstories","27":"tag-uutiset"},"share_on_mastodon":{"url":"","error":""},"_links":{"self":[{"href":"https:\/\/www.europesays.com\/fi\/wp-json\/wp\/v2\/posts\/119308","targetHints":{"allow":["GET"]}}],"collection":[{"href":"https:\/\/www.europesays.com\/fi\/wp-json\/wp\/v2\/posts"}],"about":[{"href":"https:\/\/www.europesays.com\/fi\/wp-json\/wp\/v2\/types\/post"}],"author":[{"embeddable":true,"href":"https:\/\/www.europesays.com\/fi\/wp-json\/wp\/v2\/users\/2"}],"replies":[{"embeddable":true,"href":"https:\/\/www.europesays.com\/fi\/wp-json\/wp\/v2\/comments?post=119308"}],"version-history":[{"count":0,"href":"https:\/\/www.europesays.com\/fi\/wp-json\/wp\/v2\/posts\/119308\/revisions"}],"wp:featuredmedia":[{"embeddable":true,"href":"https:\/\/www.europesays.com\/fi\/wp-json\/wp\/v2\/media\/119309"}],"wp:attachment":[{"href":"https:\/\/www.europesays.com\/fi\/wp-json\/wp\/v2\/media?parent=119308"}],"wp:term":[{"taxonomy":"category","embeddable":true,"href":"https:\/\/www.europesays.com\/fi\/wp-json\/wp\/v2\/categories?post=119308"},{"taxonomy":"post_tag","embeddable":true,"href":"https:\/\/www.europesays.com\/fi\/wp-json\/wp\/v2\/tags?post=119308"}],"curies":[{"name":"wp","href":"https:\/\/api.w.org\/{rel}","templated":true}]}}