{"id":119312,"date":"2025-12-18T03:11:11","date_gmt":"2025-12-18T03:11:11","guid":{"rendered":"https:\/\/www.europesays.com\/fi\/119312\/"},"modified":"2025-12-18T03:11:11","modified_gmt":"2025-12-18T03:11:11","slug":"duo-riitta-ja-petra-ylittivat-miljoonan-katselukerran-rajapyykin-vuoden-aikana-iisalmen-sanomat","status":"publish","type":"post","link":"https:\/\/www.europesays.com\/fi\/119312\/","title":{"rendered":"Duo Riitta ja Petra ylittiv\u00e4t miljoonan katselukerran rajapyykin vuoden aikana &#8211; Iisalmen Sanomat"},"content":{"rendered":"<ol>\n<li><a href=\"https:\/\/news.google.com\/rss\/articles\/CBMiX0FVX3lxTE1FSEtTdUFjcEFlM1Y0ajNrNGFGNVg2dno3YWZzWTVLVVhMX2tUYVNjUkRtOHVHdzVYMlZaVlo4bE5WUjBpZ2Z0emlraUNiZTdZUDRwOHVDRldtOC1tbzRF?oc=5\" target=\"_blank\" rel=\"nofollow noopener\">Duo Riitta ja Petra ylittiv\u00e4t miljoonan katselukerran rajapyykin vuoden aikana<\/a>&nbsp;&nbsp;Iisalmen Sanomat<\/li>\n<li><a href=\"https:\/\/news.google.com\/rss\/articles\/CBMiVkFVX3lxTFA5LTd0WWJ5RFNsTGV3Wk42NlpYZlI3Y2xYdEM1RG1DQi1LZ053UzhLa0Z3Xy1IVkZ6UVU1ajBZaFl1dnJuX0Q0SFk0aUt1T2tDdE9HTnhn?oc=5\" target=\"_blank\" rel=\"nofollow noopener\">T\u00e4t\u00e4 mielt\u00e4 suomalaiset ovat valtion ilmastotavoitteesta<\/a>&nbsp;&nbsp;Etel\u00e4-Suomen Sanomat<\/li>\n<li><a href=\"https:\/\/news.google.com\/rss\/articles\/CBMiSEFVX3lxTFBCLVZwdTBnYURGMXZPM25TZUhyZ3VQbDNjY2tlei1oMUlVR3hheHNZcGN6YzZOWnpNQTRJTnRrYXF5a1U3Mld6Tg?oc=5\" target=\"_blank\" rel=\"nofollow noopener\">Viivi ja Wagner 18.12.2025<\/a>&nbsp;&nbsp;Etel\u00e4-Suomen Sanomat<\/li>\n<li><a href=\"https:\/\/news.google.com\/rss\/articles\/CBMiX0FVX3lxTE5EYjl1cndUbVM2RU5EeUJkN0VQTzVCUUJzRzJ1Y3RaTzNZWktNbUZNNXB1YzNGX2VUWGtWNmN5X3d0bFB5a2F2ZkpwUEZDeTFnM0JpcTRVTW1JNnVtZjBF?oc=5\" target=\"_blank\" rel=\"nofollow noopener\">Lyhyet | &#8221;Trump on kuin suoraan sadusta Keisarin uudet vaatteet&#8221;<\/a>&nbsp;&nbsp;Keskisuomalainen<\/li>\n<li><a href=\"https:\/\/news.google.com\/rss\/articles\/CBMiUEFVX3lxTFBELVJPTE9yZ1pQWDFtZjVsV05jd1czQ0c5WlhmWmVWQUZyV3NrU2oyQXNYeUJ4VWs2X2N1OFVTWW5kRFlIMWd0MWZkNnV2OXZf?oc=5\" target=\"_blank\" rel=\"nofollow noopener\">Surkea talvis\u00e4\u00e4 ei est\u00e4 hiiht\u00e4mist\u00e4 \u2013 Jyv\u00e4skyl\u00e4n ja J\u00e4ms\u00e4n ensilumenladut siet\u00e4v\u00e4t sadetta<\/a>&nbsp;&nbsp;Keskisuomalainen<\/li>\n<\/ol>\n","protected":false},"excerpt":{"rendered":"Duo Riitta ja Petra ylittiv\u00e4t miljoonan katselukerran rajapyykin vuoden aikana&nbsp;&nbsp;Iisalmen Sanomat T\u00e4t\u00e4 mielt\u00e4 suomalaiset ovat valtion ilmastotavoitteesta&nbsp;&nbsp;Etel\u00e4-Suomen Sanomat&hellip;\n","protected":false},"author":2,"featured_media":119313,"comment_status":"","ping_status":"","sticky":false,"template":"","format":"standard","meta":{"footnotes":""},"categories":[136],"tags":[138,407,137,33,31,30,408,47,141,32,485,484,109],"class_list":{"0":"post-119312","1":"post","2":"type-post","3":"status-publish","4":"format-standard","5":"has-post-thumbnail","7":"category-julkkikset","8":"tag-audio","9":"tag-celebrities","10":"tag-entertainment","11":"tag-fi","12":"tag-finland","13":"tag-finnish","14":"tag-julkkikset","15":"tag-musiikki","16":"tag-muusikot-bandit","17":"tag-suomi","18":"tag-taide-yleista","19":"tag-taiteellinen-ilmaisu-ja-mediat","20":"tag-viihde"},"share_on_mastodon":{"url":"https:\/\/pubeurope.com\/@fi\/115738383681154139","error":""},"_links":{"self":[{"href":"https:\/\/www.europesays.com\/fi\/wp-json\/wp\/v2\/posts\/119312","targetHints":{"allow":["GET"]}}],"collection":[{"href":"https:\/\/www.europesays.com\/fi\/wp-json\/wp\/v2\/posts"}],"about":[{"href":"https:\/\/www.europesays.com\/fi\/wp-json\/wp\/v2\/types\/post"}],"author":[{"embeddable":true,"href":"https:\/\/www.europesays.com\/fi\/wp-json\/wp\/v2\/users\/2"}],"replies":[{"embeddable":true,"href":"https:\/\/www.europesays.com\/fi\/wp-json\/wp\/v2\/comments?post=119312"}],"version-history":[{"count":0,"href":"https:\/\/www.europesays.com\/fi\/wp-json\/wp\/v2\/posts\/119312\/revisions"}],"wp:featuredmedia":[{"embeddable":true,"href":"https:\/\/www.europesays.com\/fi\/wp-json\/wp\/v2\/media\/119313"}],"wp:attachment":[{"href":"https:\/\/www.europesays.com\/fi\/wp-json\/wp\/v2\/media?parent=119312"}],"wp:term":[{"taxonomy":"category","embeddable":true,"href":"https:\/\/www.europesays.com\/fi\/wp-json\/wp\/v2\/categories?post=119312"},{"taxonomy":"post_tag","embeddable":true,"href":"https:\/\/www.europesays.com\/fi\/wp-json\/wp\/v2\/tags?post=119312"}],"curies":[{"name":"wp","href":"https:\/\/api.w.org\/{rel}","templated":true}]}}