{"id":119316,"date":"2025-12-18T03:19:09","date_gmt":"2025-12-18T03:19:09","guid":{"rendered":"https:\/\/www.europesays.com\/fi\/119316\/"},"modified":"2025-12-18T03:19:09","modified_gmt":"2025-12-18T03:19:09","slug":"jenni-sylkaisee-suustaan-mielipiteen-kuulostaa-torkealta","status":"publish","type":"post","link":"https:\/\/www.europesays.com\/fi\/119316\/","title":{"rendered":"Jenni sylk\u00e4isee suustaan mielipiteen \u2013 \u201dKuulostaa t\u00f6rke\u00e4lt\u00e4\u201d"},"content":{"rendered":"<p>Kolmiodraama jatkuu t\u00e4n\u00e4\u00e4n Katsomossa ja MTV3:lla.<\/p>\n<p><img decoding=\"async\" class=\"image image-show image-preview\" src=\"https:\/\/www.europesays.com\/fi\/wp-content\/uploads\/2025\/12\/eb9f41080525d31e4ed6cb5a7c1add9ceac4f720b8fec1270fb8909e50f9f51b.jpg\" alt=\"\"\/><img decoding=\"async\" class=\"image image-show\" src=\"https:\/\/www.europesays.com\/fi\/wp-content\/uploads\/2025\/12\/1766027949_326_eb9f41080525d31e4ed6cb5a7c1add9ceac4f720b8fec1270fb8909e50f9f51b.jpg\" alt=\"\"\/><\/p>\n<p>Jenni valitsi treffeille Ollin, joka my\u00f6s muutti h\u00e4nen kanssaan saman katon alle asumaan Helsingiss\u00e4. MTV3<\/p>\n<p class=\"paragraph\"><strong>Jennin<\/strong> asenne on <a href=\"https:\/\/www.iltalehti.fi\/tv-ja-leffat\/21d0478f-c4a8-4999-8060-be988b62b311\" rel=\"nofollow noopener\" target=\"_blank\">\u00e4rsytt\u00e4nyt muita<\/a> Kolmiodraamassa.<\/p>\n<p class=\"paragraph\">My\u00f6s Jennin treffi- ja asuinkumppaniksi valitsema <strong>Olli<\/strong> on toivonut, ett\u00e4 Jenni asettelisi sanansa toisin. Jenni on varsin suorasukainen puheissaan. Siit\u00e4 saadaan taas t\u00e4n\u00e4\u00e4n maistiaisia viidenness\u00e4 jaksossa, joka julkaistaan Katsomo+:n tilaajille.<\/p>\n<p class=\"paragraph\">\u2013\u2009T\u00e4m\u00e4 kuulostaa v\u00e4h\u00e4n t\u00f6rke\u00e4lt\u00e4 nyt, kun min\u00e4 sanon t\u00e4m\u00e4n n\u00e4in, mutta min\u00e4 en tied\u00e4, miten min\u00e4 t\u00e4m\u00e4n muuten sylk\u00e4isisin ulos, Jenni pohjustaa sanottavaansa.<\/p>\n<p class=\"paragraph\">Sitten h\u00e4n kertoo, mill\u00e4 perusteella h\u00e4n valitsi Ollin toisen kokelaan sijaan.<\/p>\n<p class=\"paragraph\">\u2013\u2009T\u00e4m\u00e4 toinen on sellainen, johon min\u00e4 normaalisti tarttuisin saman tien. Mutta sinun kohdallasi t\u00e4m\u00e4 oli erilaista ja uutta. Ajattelin, ett\u00e4 nyt jos joskus kokeilen. Jos oppisin itsest\u00e4ni enemm\u00e4n enk\u00e4 menisi aina sen saman kaavan ja mieltymyksen mukaan, Jenni perustelee.<\/p>\n<p class=\"paragraph\">\u2013\u2009Mutta nyt sitten huomasimme, miksi minun ei kannata menn\u00e4 uuden mukaan, vaan ottaa se, mik\u00e4 kolahtaa enemm\u00e4n.<\/p>\n<p>Olli ei ole Jennin ihannemies, mutta Jennik\u00e4\u00e4n ei v\u00e4ltt\u00e4m\u00e4tt\u00e4 ole Ollin ideaalinainen. MTV3<\/p>\n<p class=\"paragraph\">Jenni ei ole tuntenut pienim\u00e4ss\u00e4k\u00e4\u00e4n m\u00e4\u00e4rin romanttisia tunteita Ollia kohtaan, mink\u00e4 h\u00e4n on tehnyt hyvin selv\u00e4ksi my\u00f6s miehelle itselleen. Olli ei vastaa Jennin ihannemiest\u00e4, jonka h\u00e4n kuvailee uusimmassa jaksossa Ollille.<\/p>\n<p class=\"paragraph\">\u2013\u2009Ulkoisesti tykk\u00e4\u00e4n tummista ja tatuoiduista, itsest\u00e4\u00e4n huolta pit\u00e4vist\u00e4, pitkist\u00e4 miehist\u00e4. Haluan, ett\u00e4 on pahaa puolta. En tarkoita mit\u00e4\u00e4n rikollisuutta, vaan rajojen rikkomista. Samalla toivon, ett\u00e4 on pehmeytt\u00e4, hyv\u00e4t k\u00e4yt\u00f6stavat ja sosiaalisuutta ja ettei ole mik\u00e4\u00e4n perusjamppa, Jenni luettelee.<\/p>\n<p class=\"paragraph\">Olli kommentoi listaa j\u00e4lkik\u00e4teen kameralle.<\/p>\n<p class=\"paragraph\">\u2013\u2009Jennin miesmaku on hyvin erilainen kuin mit\u00e4 itse olen, h\u00e4n tyytyy toteamaan.<\/p>\n<p class=\"paragraph\">Mit\u00e4 Olli sitten toivoo vastakkaiselta sukupuolelta? Helppoa yhdess\u00e4 olemista ja kommunikointitaitoa.<\/p>\n<p>Juho pit\u00e4\u00e4 Jenni\u00e4 (vas.) kielteisen\u00e4 ihmisen\u00e4. Keskell\u00e4 Juhon valitsema Satu, joka on my\u00f6s yleens\u00e4 aamuihminen. MTV3<\/p>\n<p class=\"paragraph\">Jo aiemmin <strong>Juho<\/strong>, <strong>Teemu<\/strong> ja <strong>Sanni<\/strong> ovat esitt\u00e4neet huolensa Ollin asemasta, eik\u00e4 se ole hellitt\u00e4nyt.<\/p>\n<p class=\"paragraph\">\u2013\u2009Haluan tiet\u00e4\u00e4, miten Olli on selvinnyt. Onko Olli ajettu entist\u00e4 pahemmin nurkkaan? Juho kyselee nyt ennen yhteist\u00e4 kokoontumista.<\/p>\n<p class=\"paragraph\">\u2013\u2009Minulle j\u00e4i Jennist\u00e4 negatiivinen kuva. H\u00e4n moitti Ollia. J\u00e4i Ollin puolesta sellainen fiilis, ett\u00e4 toivottavasti h\u00e4nell\u00e4 on kaikki hyvin ja kiva olla kuitenkin.<\/p>\n<p class=\"paragraph\">Kolmiodraama t\u00e4n\u00e4\u00e4n MTV3:lla kello 21.00 &amp; Katsomossa. <a href=\"https:\/\/www.iltalehti.fi\/telkku\/\" rel=\"nofollow noopener\" target=\"_blank\">Katso kaikki\u00a0TV-ohjelmat ja l\u00e4hetysajat Telkun TV-oppaasta<\/a>.<\/p>\n","protected":false},"excerpt":{"rendered":"Kolmiodraama jatkuu t\u00e4n\u00e4\u00e4n Katsomossa ja MTV3:lla. Jenni valitsi treffeille Ollin, joka my\u00f6s muutti h\u00e4nen kanssaan saman katon alle&hellip;\n","protected":false},"author":2,"featured_media":119317,"comment_status":"","ping_status":"","sticky":false,"template":"","format":"standard","meta":{"footnotes":""},"categories":[130],"tags":[35,153,137,33,31,30,101,979,32,140,139,109],"class_list":{"0":"post-119316","1":"post","2":"type-post","3":"status-publish","4":"format-standard","5":"has-post-thumbnail","7":"category-viihde","8":"tag-24h","9":"tag-audiovisuaalinen-media","10":"tag-entertainment","11":"tag-fi","12":"tag-finland","13":"tag-finnish","14":"tag-ihmissuhteet","15":"tag-sahkoinen-media","16":"tag-suomi","17":"tag-tv-ja-elokuvat","18":"tag-tv-ohjelmat","19":"tag-viihde"},"share_on_mastodon":{"url":"https:\/\/pubeurope.com\/@fi\/115738415157509351","error":""},"_links":{"self":[{"href":"https:\/\/www.europesays.com\/fi\/wp-json\/wp\/v2\/posts\/119316","targetHints":{"allow":["GET"]}}],"collection":[{"href":"https:\/\/www.europesays.com\/fi\/wp-json\/wp\/v2\/posts"}],"about":[{"href":"https:\/\/www.europesays.com\/fi\/wp-json\/wp\/v2\/types\/post"}],"author":[{"embeddable":true,"href":"https:\/\/www.europesays.com\/fi\/wp-json\/wp\/v2\/users\/2"}],"replies":[{"embeddable":true,"href":"https:\/\/www.europesays.com\/fi\/wp-json\/wp\/v2\/comments?post=119316"}],"version-history":[{"count":0,"href":"https:\/\/www.europesays.com\/fi\/wp-json\/wp\/v2\/posts\/119316\/revisions"}],"wp:featuredmedia":[{"embeddable":true,"href":"https:\/\/www.europesays.com\/fi\/wp-json\/wp\/v2\/media\/119317"}],"wp:attachment":[{"href":"https:\/\/www.europesays.com\/fi\/wp-json\/wp\/v2\/media?parent=119316"}],"wp:term":[{"taxonomy":"category","embeddable":true,"href":"https:\/\/www.europesays.com\/fi\/wp-json\/wp\/v2\/categories?post=119316"},{"taxonomy":"post_tag","embeddable":true,"href":"https:\/\/www.europesays.com\/fi\/wp-json\/wp\/v2\/tags?post=119316"}],"curies":[{"name":"wp","href":"https:\/\/api.w.org\/{rel}","templated":true}]}}