{"id":119338,"date":"2025-12-18T03:51:11","date_gmt":"2025-12-18T03:51:11","guid":{"rendered":"https:\/\/www.europesays.com\/fi\/119338\/"},"modified":"2025-12-18T03:51:11","modified_gmt":"2025-12-18T03:51:11","slug":"de-wever-ottaa-orbanin-paikan-parrasvaloissa-kun-eu-johtajat-neuvottelevat-ukrainan-kohtalosta","status":"publish","type":"post","link":"https:\/\/www.europesays.com\/fi\/119338\/","title":{"rendered":"De Wever ottaa Orb\u00e1nin paikan parrasvaloissa, kun EU-johtajat neuvottelevat Ukrainan kohtalosta"},"content":{"rendered":"<p>HS-analyysi|Belgian p\u00e4\u00e4ministeri vastustaa yh\u00e4 Ven\u00e4j\u00e4n keskuspankin varoihin kajoamista. T\u00e4n\u00e4\u00e4n alkava huippukokous m\u00e4\u00e4ritt\u00e4\u00e4 Belgian paikan EU:ssa, kirjoittaa HS:n EU-kirjeenvaihtaja Jarno Hartikainen.<\/p>\n<p class=\"article-body mb-nof-24 px-nof-16\">Bryssel<\/p>\n<p class=\"article-body mb-nof-24 px-nof-16\">EU-maiden johtajat kokoontuvat torstaina Brysseliin yhteen l\u00e4hihistorian t\u00e4rkeimmist\u00e4 huippukokouksista. Peliss\u00e4 on Ukrainan kohtalo, sill\u00e4 huippukokouksen on tarkoitus p\u00e4\u00e4tt\u00e4\u00e4, kuinka Ukrainan yli 130 miljardin euron rahoitustarpeet l\u00e4hivuosina katetaan. Ilman ulkopuolista rahoitusta valtiota uhkaa maksukyvytt\u00f6myys jo ensi kev\u00e4\u00e4n\u00e4.<\/p>\n<p class=\"article-body mb-nof-24 px-nof-16\">Rahoitusp\u00e4\u00e4t\u00f6ksell\u00e4 on kytk\u00f6s my\u00f6s k\u00e4ynniss\u00e4 oleviin rauhanneuvotteluihin.<\/p>\n<p class=\"article-body mb-nof-24 px-nof-16\">\u201dJos emme onnistu sopimaan rahoituksesta, heikenn\u00e4mme Ukrainaa\u201d, sanoo korkea-arvoinen virkal\u00e4hde.<\/p>\n<p class=\"article-body mb-nof-24 px-nof-16\">Kokousta vet\u00e4v\u00e4 Eurooppa-neuvoston puheenjohtaja <a class=\"article-personlink\" href=\"https:\/\/www.hs.fi\/haku\/?query=Ant%C3%B3nio%20Costa\" rel=\"nofollow noopener\" target=\"_blank\">Ant\u00f3nio Costa<\/a> on sanonut, ett\u00e4 huippukokousta jatketaan niin pitk\u00e4\u00e4n, kunnes p\u00e4\u00e4t\u00f6s rahoituksesta syntyy.<\/p>\n<p class=\"article-body mb-nof-24 px-nof-16\">Ukrainan tuesta on k\u00e4yty aiemminkin EU-johtajien kesken vaikeita neuvotteluita, ja tuolloin vastarannankiisken\u00e4 on toiminut yleens\u00e4 Unkarin p\u00e4\u00e4ministeri <a class=\"article-personlink\" href=\"https:\/\/www.hs.fi\/haku\/?query=Viktor%20Orb%C3%A1n\" rel=\"nofollow noopener\" target=\"_blank\">Viktor Orb\u00e1n<\/a>. T\u00e4ll\u00e4 kertaa Orb\u00e1nin paikan parrasvaloissa ottaa Belgian p\u00e4\u00e4ministeri <a class=\"article-personlink\" href=\"https:\/\/www.hs.fi\/haku\/?query=Bart%20De%20Wever\" rel=\"nofollow noopener\" target=\"_blank\">Bart De Wever<\/a>.<\/p>\n<p class=\"article-body mb-nof-24 px-nof-16\">Valtaosa EU-maista kannattaa Ukrainan tukemista Ven\u00e4j\u00e4n keskuspankin j\u00e4\u00e4dytettyj\u00e4 varoja k\u00e4ytt\u00e4m\u00e4ll\u00e4. <a class=\"article-genericlink\" href=\"https:\/\/www.hs.fi\/politiikka\/art-2000011666460.html\" rel=\"nofollow noopener\" target=\"_blank\">Euroopan komission valmistelemassa mallissa<\/a> j\u00e4\u00e4dytetyist\u00e4 varoista rakennettaisiin Ukrainalle 90 miljardin euron sotakorvauslaina, jonka maa maksaisi takaisin vain siin\u00e4 tapauksessa, ett\u00e4 Ven\u00e4j\u00e4 joskus korvaa hy\u00f6kk\u00e4yssotansa aiheuttamat tuhot.<\/p>\n<p class=\"article-body mb-nof-24 px-nof-16\">De Wever vastustaa j\u00e4rjestely\u00e4. Valtaosa j\u00e4\u00e4dytetyist\u00e4 varoista sijaitsee Belgian rekister\u00f6idyn arvopaperikeskus Euroclearin tilill\u00e4, joten Belgia pelk\u00e4\u00e4 j\u00e4rjestelyn juridisia ja taloudellisia riskej\u00e4 ja Ven\u00e4j\u00e4n vastatoimien kohteeksi joutumista.<\/p>\n<p class=\"article-body mb-nof-24 px-nof-16\">De Wever on vaatinut riskien jakamista EU-maiden kesken. T\u00e4t\u00e4 pidet\u00e4\u00e4n muissa EU-maissa sin\u00e4ns\u00e4 ymm\u00e4rrett\u00e4v\u00e4n\u00e4 ja kohtuullisena vaatimuksena.<\/p>\n<p class=\"article-body mb-nof-24 px-nof-16\">Euroopan komissio esitteli joulukuun alussa sotakorvauslainasta mallin, joka oli suunniteltu vastaamaan Belgian huoliin.<\/p>\n<p class=\"article-body mb-nof-24 px-nof-16\">Malli pyrkii suojelemaan Belgiaa ja Euroclearia oikeustoimilta ja mahdollisilta vastatoimilta, kuten belgialaisten yhti\u00f6iden omaisuuserien takavarikoinnilta Ven\u00e4j\u00e4ll\u00e4 tai Ven\u00e4j\u00e4n vaikutuspiiriss\u00e4 olevissa maissa. Mallissa muut EU-maat my\u00f6s sitoutuvat tarjoamaan j\u00e4\u00e4dytetyt varat kokonaisuudessaan silt\u00e4 varalta, ett\u00e4 Euroclear joutuisi palauttamaan varat Ven\u00e4j\u00e4n keskuspankille. Lis\u00e4ksi j\u00e4\u00e4dytettyjen varojen siirt\u00e4minen takaisin Ven\u00e4j\u00e4lle kiellet\u00e4\u00e4n.<\/p>\n<p class=\"article-body mb-nof-24 px-nof-16\">Belgia ei silti ole ollut valmis hyv\u00e4ksym\u00e4\u00e4n j\u00e4rjestely\u00e4. De Wever haluaa viel\u00e4 vahvemman suojan Ven\u00e4j\u00e4n vastatoimilta.<\/p>\n<p class=\"article-body mb-nof-24 px-nof-16\">Yksi h\u00e4nen ydinvaatimuksistaan on, ett\u00e4 muiden EU-maiden pit\u00e4isi tarjota Belgialle rajattomat takaukset. Peruste on se, ett\u00e4 Ven\u00e4j\u00e4 voi vaatia oikeusteitse korvauksia, jotka ylitt\u00e4v\u00e4t Euroclearin hallussa olevien j\u00e4\u00e4dytettyjen varojen 185 miljardin euron summan.<\/p>\n<p class=\"article-body mb-nof-24 px-nof-16\">T\u00e4m\u00e4 on k\u00e4yt\u00e4nn\u00f6ss\u00e4 mahdoton vaatimus. Suomen hallitus, joka kuuluu sotakorvauslainan voimakkaimpiin kannattajiin, on asettanut hyv\u00e4ksymisen ehdoksi sen, ett\u00e4 takausvastuiden enimm\u00e4ism\u00e4\u00e4r\u00e4n on oltava tarkasti rajattu.<\/p>\n<p class=\"article-body mb-nof-24 px-nof-16\">Belgia ajaa edelleen Ukrainan rahoittamista EU-maiden yhteisell\u00e4 velalla.<\/p>\n<p class=\"article-body mb-nof-24 px-nof-16\">T\u00e4m\u00e4n mallin ongelma on se, ett\u00e4 p\u00e4\u00e4t\u00f6s vaatisi perussopimuksen mukaan j\u00e4senmaiden yksimielisen p\u00e4\u00e4t\u00f6ksen. Ukrainan tukemista vastustava Unkari on jo sanonut, ettei se t\u00e4llaista p\u00e4\u00e4t\u00f6st\u00e4 hyv\u00e4ksy.<\/p>\n<p class=\"article-body mb-nof-24 px-nof-16\">T\u00e4ll\u00e4 viikolla Belgia ehdotti ratkaisuksi mallia, jossa yhteisvelkaa otettaisiin EU:n perussopimuksen kriisipyk\u00e4l\u00e4n, artikla 122:n nojalla. T\u00e4m\u00e4 mahdollistaisi p\u00e4\u00e4t\u00f6ksen tekemisen m\u00e4\u00e4r\u00e4enemmist\u00f6ll\u00e4.<\/p>\n<p class=\"article-body mb-nof-24 px-nof-16\">Sotakorvauslainan kannattajat tyrm\u00e4\u00e4v\u00e4t esityksen. EU-instituutioiden oikeuspalvelut ovat my\u00f6s katsoneet, ettei se olisi laillinen, er\u00e4s korkea-arvoinen EU-diplomaatti sanoo.<\/p>\n<p class=\"article-body mb-nof-24 px-nof-16\">Yhteisvelan ottaminen m\u00e4\u00e4r\u00e4enemmist\u00f6p\u00e4\u00e4t\u00f6ksell\u00e4 olisi ennen kaikkea poliittisesti askel, johon Saksan, Hollannin tai vaikkapa Suomen hallitukset tuskin suostuisivat. N\u00e4m\u00e4 maat suhtautuvat yhteisvelkaan l\u00e4ht\u00f6kohtaisesti kielteisesti, ja yksimielisyysvaatimuksen kiert\u00e4minen olisi niiden n\u00e4k\u00f6kulmasta vaarallinen ennakkotapaus.<\/p>\n<p class=\"article-body mb-nof-24 px-nof-16\">Sotakorvauslainan kannattajille kysymys on my\u00f6s moraalinen: rahat Ukrainan tukemiseen on otettava Ven\u00e4j\u00e4lt\u00e4, ei eurooppalaisilta veronmaksajilta.<\/p>\n<p class=\"article-body mb-nof-24 px-nof-16\">Edess\u00e4 on siis hyvin vaikeat neuvottelut, joiden lopputulosta kukaan ei uskalla ennustaa. De Wever on kovan paineen alle.<\/p>\n<p class=\"article-body mb-nof-24 px-nof-16\">Vaikka komissio sorvasi lakiesityksens\u00e4 siten, ett\u00e4 sotakorvauslainasta voidaan periaatteessa p\u00e4\u00e4tt\u00e4\u00e4 m\u00e4\u00e4r\u00e4enemmist\u00f6ll\u00e4, k\u00e4yt\u00e4nn\u00f6ss\u00e4 Belgialla on asiassa veto-oikeus. Diplomaatit useista j\u00e4senmaista sanovat, ettei j\u00e4\u00e4dytettyjen varojen kohtalosta voida p\u00e4\u00e4tt\u00e4\u00e4 vastoin Belgian tahtoa, kun maa kantaa asiassa suurimmat taloudelliset riskit.<\/p>\n<p class=\"article-body mb-nof-24 px-nof-16\">Sotakorvauslainan torppaaminen olisi kuitenkin Belgian p\u00e4\u00e4ministerilt\u00e4 ennen n\u00e4kem\u00e4tt\u00f6m\u00e4n kova temppu.<\/p>\n<p class=\"article-body mb-nof-24 px-nof-16\">P\u00e4\u00e4t\u00f6ksen est\u00e4minen my\u00f6s asemoisi Belgian outoon joukkoon. Avoimesti sotakorvauslainaa vastaan ovat asettuneet vain It\u00e4-Euroopan populistijohtajat Unkarin Orb\u00e1n, Slovakian <a class=\"article-personlink\" href=\"https:\/\/www.hs.fi\/haku\/?query=Robert%20Fico\" rel=\"nofollow noopener\" target=\"_blank\">Robert Fico<\/a> ja T\u0161ekin <a class=\"article-personlink\" href=\"https:\/\/www.hs.fi\/haku\/?query=Andrej%20Babi%C5%A1\" rel=\"nofollow noopener\" target=\"_blank\">Andrej Babi\u0161<\/a>. My\u00f6s Italian p\u00e4\u00e4ministeri <a class=\"article-personlink\" href=\"https:\/\/www.hs.fi\/haku\/?query=Giorgia%20Meloni\" rel=\"nofollow noopener\" target=\"_blank\">Giorgia Meloni<\/a> suhtautuu j\u00e4rjestelyyn kriittisesti.<\/p>\n<p class=\"article-body mb-nof-24 px-nof-16\">T\u00e4m\u00e4 tuskin on ryhm\u00e4, johon EU-instituutioiden ja Naton is\u00e4nt\u00e4maan p\u00e4\u00e4ministeri haluaa itsens\u00e4 liitt\u00e4\u00e4.<\/p>\n","protected":false},"excerpt":{"rendered":"HS-analyysi|Belgian p\u00e4\u00e4ministeri vastustaa yh\u00e4 Ven\u00e4j\u00e4n keskuspankin varoihin kajoamista. T\u00e4n\u00e4\u00e4n alkava huippukokous m\u00e4\u00e4ritt\u00e4\u00e4 Belgian paikan EU:ssa, kirjoittaa HS:n EU-kirjeenvaihtaja&hellip;\n","protected":false},"author":2,"featured_media":119339,"comment_status":"","ping_status":"","sticky":false,"template":"","format":"standard","meta":{"footnotes":""},"categories":[5],"tags":[22,23,26,27,33,31,30,17,46,24,25,28,29,15,18,21,32,19,20,16],"class_list":{"0":"post-119338","1":"post","2":"type-post","3":"status-publish","4":"format-standard","5":"has-post-thumbnail","7":"category-otsikot","8":"tag-breaking-news","9":"tag-breakingnews","10":"tag-featured-news","11":"tag-featurednews","12":"tag-fi","13":"tag-finland","14":"tag-finnish","15":"tag-headlines","16":"tag-helsingin-sanomat","17":"tag-latest-news","18":"tag-latestnews","19":"tag-main-news","20":"tag-mainnews","21":"tag-news","22":"tag-otsikot","23":"tag-paauutiset","24":"tag-suomi","25":"tag-top-stories","26":"tag-topstories","27":"tag-uutiset"},"share_on_mastodon":{"url":"https:\/\/pubeurope.com\/@fi\/115738540982441059","error":""},"_links":{"self":[{"href":"https:\/\/www.europesays.com\/fi\/wp-json\/wp\/v2\/posts\/119338","targetHints":{"allow":["GET"]}}],"collection":[{"href":"https:\/\/www.europesays.com\/fi\/wp-json\/wp\/v2\/posts"}],"about":[{"href":"https:\/\/www.europesays.com\/fi\/wp-json\/wp\/v2\/types\/post"}],"author":[{"embeddable":true,"href":"https:\/\/www.europesays.com\/fi\/wp-json\/wp\/v2\/users\/2"}],"replies":[{"embeddable":true,"href":"https:\/\/www.europesays.com\/fi\/wp-json\/wp\/v2\/comments?post=119338"}],"version-history":[{"count":0,"href":"https:\/\/www.europesays.com\/fi\/wp-json\/wp\/v2\/posts\/119338\/revisions"}],"wp:featuredmedia":[{"embeddable":true,"href":"https:\/\/www.europesays.com\/fi\/wp-json\/wp\/v2\/media\/119339"}],"wp:attachment":[{"href":"https:\/\/www.europesays.com\/fi\/wp-json\/wp\/v2\/media?parent=119338"}],"wp:term":[{"taxonomy":"category","embeddable":true,"href":"https:\/\/www.europesays.com\/fi\/wp-json\/wp\/v2\/categories?post=119338"},{"taxonomy":"post_tag","embeddable":true,"href":"https:\/\/www.europesays.com\/fi\/wp-json\/wp\/v2\/tags?post=119338"}],"curies":[{"name":"wp","href":"https:\/\/api.w.org\/{rel}","templated":true}]}}