{"id":119341,"date":"2025-12-18T04:08:09","date_gmt":"2025-12-18T04:08:09","guid":{"rendered":"https:\/\/www.europesays.com\/fi\/119341\/"},"modified":"2025-12-18T04:08:09","modified_gmt":"2025-12-18T04:08:09","slug":"salatut-elamat-juonipaljastukset-kalle-saa-yllattavan-viestin-ja-laila-suutelee-verttia","status":"publish","type":"post","link":"https:\/\/www.europesays.com\/fi\/119341\/","title":{"rendered":"Salatut el\u00e4m\u00e4t -juonipaljastukset: Kalle saa yll\u00e4tt\u00e4v\u00e4n viestin ja Laila suutelee Vertti\u00e4"},"content":{"rendered":"<p class=\"article-content article-content-width !bg-background\">Kertun iloksi h\u00e4nen Riikka-\u00e4itins\u00e4 ja Henrik tulevat hyvin juttuun. Henrik kutsuu Kertun luokseen Akin yll\u00e4tykseksi. Henrik ja Kerttu p\u00e4\u00e4tt\u00e4v\u00e4t alkaa seurustella.<\/p>\n<p class=\"font-weight-bold m-font-weight-bold article-content article-content-width !bg-background\">Video: Kurkista Salatut el\u00e4m\u00e4t -sarjan kulisseihin.<\/p>\n<p class=\"article-content article-content-width !bg-background\">Laila torppaa Vertin haaveet yhteisest\u00e4 taipaleesta. Vertti harmistuu. Mustasukkaisena h\u00e4n satuttaa Ollia koripallopeliss\u00e4. Daniela neuvoo Lailaa keskittym\u00e4\u00e4n ainoastaan Olliin. Vertti k\u00e4ytt\u00e4ytyy oudosti, muttei kerro yst\u00e4villeen syyt\u00e4 k\u00e4yt\u00f6kselleen. Vertti kuulee Kertun kirist\u00e4v\u00e4n Lailalta lis\u00e4\u00e4 rahaa.<\/p>\n<p>Kalle yll\u00e4ttyy<\/p>\n<p class=\"article-content article-content-width !bg-background\">Tatu palaa lomalta ja utelee Lindan kuulumisia. Toisaalla Kalle ei usko, ett\u00e4 Tatu haluaa olla h\u00e4nen kanssaan en\u00e4\u00e4 tekemisiss\u00e4. Yll\u00e4tyksekseen Kalle saa viestin Tatulta, jossa h\u00e4n ehdottaa tapaamista.\u00a0<\/p>\n<p class=\"article-content article-content-width !bg-background\">Kalle avautuu stressaantuneena Ismolle siit\u00e4, ett\u00e4 Linda on kertonut Tatulle h\u00e4nen k\u00e4nnisekoilustaan kaupalla. Kalle sisuuntuu ja sopii tapaamisen Tatun kanssa. Kallen h\u00e4mm\u00e4stykseksi Linda ei ole kertonut Tatulle kaupan poltosta. Kalle tunnustaa itse toilailunsa.<\/p>\n<p>Laila suutelee Vertti\u00e4<\/p>\n<p class=\"article-content article-content-width !bg-background\">Salla ei suostu auttamaan Sampoa majatalon remontissa. Sampo h\u00e4\u00e4t\u00e4\u00e4 Dahlian ja Gunnarin sviitist\u00e4 remontin ajaksi. Dahlia muuttaa remontin ajaksi Taalasmaille.<\/p>\n<p class=\"article-content article-content-width !bg-background\">Laila ei tied\u00e4 Vertin suunnitelmasta. H\u00e4n varastaa lis\u00e4\u00e4 Ollin pillereit\u00e4. Vertti tarjoaa toisaalla Kertulle 5 000 euroa, mik\u00e4li t\u00e4m\u00e4 suostuu j\u00e4tt\u00e4m\u00e4\u00e4n Lailan rauhaan. Kerttu taipuu Vertin tarjoukseen. Laila h\u00e4mm\u00e4styy, kun kuulee Vertin teosta. Laila ja Vertti suutelevat.<\/p>\n<p>                <img decoding=\"async\" src=\"https:\/\/www.europesays.com\/fi\/wp-content\/uploads\/2025\/12\/2017448.webp\" width=\"576\" height=\"274\" title=\"Vertti maksaa Kertulle.\" alt=\"Salatut el\u00e4m\u00e4t: Vertti ja Kerttu\" loading=\"lazy\" \/>            <\/p>\n<p>\n            Vertti maksaa Kertulle.<br \/>\n            MTV\n        <\/p>\n<p class=\"italic m-italic article-content article-content-width !bg-background\">Salatut el\u00e4m\u00e4t ma-to MTV3:lla ja MTV Katsomossa, seuraavan viikon jaksot perjantaisin MTV Katsomo+:ssa.<\/p>\n","protected":false},"excerpt":{"rendered":"Kertun iloksi h\u00e4nen Riikka-\u00e4itins\u00e4 ja Henrik tulevat hyvin juttuun. Henrik kutsuu Kertun luokseen Akin yll\u00e4tykseksi. Henrik ja Kerttu&hellip;\n","protected":false},"author":2,"featured_media":119342,"comment_status":"","ping_status":"","sticky":false,"template":"","format":"standard","meta":{"footnotes":""},"categories":[133],"tags":[137,33,31,30,21588,21585,21586,905,209,12504,7145,32,206,1318,156,21587,109],"class_list":{"0":"post-119341","1":"post","2":"type-post","3":"status-publish","4":"format-standard","5":"has-post-thumbnail","7":"category-televisiot","8":"tag-entertainment","9":"tag-fi","10":"tag-finland","11":"tag-finnish","12":"tag-kalle","13":"tag-kerttu","14":"tag-laila","15":"tag-mtv3","16":"tag-salatut-elamat","17":"tag-salatut-elamat-nayttelija","18":"tag-salatut-elamat-juonipaljastukset","19":"tag-suomi","20":"tag-televisiot","21":"tag-tv-ohjelma","22":"tag-tv","23":"tag-vertti","24":"tag-viihde"},"share_on_mastodon":{"url":"https:\/\/pubeurope.com\/@fi\/115738608031278217","error":""},"_links":{"self":[{"href":"https:\/\/www.europesays.com\/fi\/wp-json\/wp\/v2\/posts\/119341","targetHints":{"allow":["GET"]}}],"collection":[{"href":"https:\/\/www.europesays.com\/fi\/wp-json\/wp\/v2\/posts"}],"about":[{"href":"https:\/\/www.europesays.com\/fi\/wp-json\/wp\/v2\/types\/post"}],"author":[{"embeddable":true,"href":"https:\/\/www.europesays.com\/fi\/wp-json\/wp\/v2\/users\/2"}],"replies":[{"embeddable":true,"href":"https:\/\/www.europesays.com\/fi\/wp-json\/wp\/v2\/comments?post=119341"}],"version-history":[{"count":0,"href":"https:\/\/www.europesays.com\/fi\/wp-json\/wp\/v2\/posts\/119341\/revisions"}],"wp:featuredmedia":[{"embeddable":true,"href":"https:\/\/www.europesays.com\/fi\/wp-json\/wp\/v2\/media\/119342"}],"wp:attachment":[{"href":"https:\/\/www.europesays.com\/fi\/wp-json\/wp\/v2\/media?parent=119341"}],"wp:term":[{"taxonomy":"category","embeddable":true,"href":"https:\/\/www.europesays.com\/fi\/wp-json\/wp\/v2\/categories?post=119341"},{"taxonomy":"post_tag","embeddable":true,"href":"https:\/\/www.europesays.com\/fi\/wp-json\/wp\/v2\/tags?post=119341"}],"curies":[{"name":"wp","href":"https:\/\/api.w.org\/{rel}","templated":true}]}}