{"id":119374,"date":"2025-12-18T04:46:10","date_gmt":"2025-12-18T04:46:10","guid":{"rendered":"https:\/\/www.europesays.com\/fi\/119374\/"},"modified":"2025-12-18T04:46:10","modified_gmt":"2025-12-18T04:46:10","slug":"kupsin-saumat-jattiyllatykseen-lontoossa-parantumassa-syyna-terveys-edella-tehty-paatos-vastuutonta-urheilua-lyhyesti","status":"publish","type":"post","link":"https:\/\/www.europesays.com\/fi\/119374\/","title":{"rendered":"KuPSin saumat j\u00e4ttiyll\u00e4tykseen Lontoossa parantumassa \u2013 syyn\u00e4 terveys edell\u00e4 tehty p\u00e4\u00e4t\u00f6s: \u201dVastuutonta\u201d | Urheilua lyhyesti"},"content":{"rendered":"<ul class=\"aw-1jjocuh iJTSwP yle__article__list yle__article__list--ul\">\n<li class=\"aw-1j7gwms gNYKfi\">Kuopion Palloseura tavoittelee torstaina historiallista jatkopaikkaa Konferenssiliigassa Crystal Palacea vastaan.<\/li>\n<li class=\"aw-1j7gwms gNYKfi\">Valioliigassa pelaavalla Crystal Palacella on kova otteluruuhka, ja se aikoo managerinsa mukaan kierr\u00e4tt\u00e4\u00e4 pelaajiaan.<\/li>\n<li class=\"aw-1j7gwms gNYKfi\">T\u00e4m\u00e4 parantaa KuPSin mahdollisuuksia, sill\u00e4 Crystal Palace tulee kent\u00e4lle todenn\u00e4k\u00f6isesti nuorella joukkueella.<\/li>\n<\/ul>\n<p class=\"aw-1gybjub aw-1p7kakr kEtdKx cEmitX yle__article__paragraph\">Kuopion Palloseura taistelee Konferenssiliigassa historiallisesta jatkopaikasta 24 parhaan joukkoon torstai-iltana lontoolaista Valioliiga-seuraa Crystal Palacea vastaan.<\/p>\n<p class=\"aw-1gybjub aw-1p7kakr kEtdKx cEmitX yle__article__paragraph\">Voitto kello 22.00 alkavasta ottelusta veisi KuPSin varmasti jatkopeleihin. Tasapeli voi riitt\u00e4\u00e4, jos muut ottelut menev\u00e4t sopivasti ristiin.<\/p>\n<p class=\"aw-1gybjub aw-1p7kakr kEtdKx cEmitX yle__article__paragraph\">KuPSin ja Crystal Palacen kohtaamisen ennakkoasetelmissa on mielenkiintoinen ristiriita.<\/p>\n<p class=\"aw-1gybjub aw-1p7kakr kEtdKx cEmitX yle__article__paragraph\">KuPSilla on ollut viimeiseen kuukauteen kaksi Konferenssiliiga-peli\u00e4, kun taas Crystal Palacella on ollut seitsem\u00e4n ottelua useassa eri kilpailussa.<\/p>\n<p class=\"aw-1gybjub aw-1p7kakr kEtdKx cEmitX yle__article__paragraph\">Crystal Palacella tulee olemaan nyt my\u00f6s 48 tunnin sis\u00e4ll\u00e4 kaksi peli\u00e4. Crystal Palace kohtaa KuPS-pelin j\u00e4lkeen heti lauantaina Valioliigassa Leedsin.<\/p>\n<p class=\"aw-1gybjub aw-1p7kakr kEtdKx cEmitX yle__article__paragraph\">Ensi viikon tiistaina Crystal Palacella on ohjelmassa Englannin liigacupin puoliv\u00e4lier\u00e4 Arsenalia vastaan. Pelej\u00e4 tulee siis viiteen p\u00e4iv\u00e4\u00e4n kolme.<\/p>\n<p class=\"aw-1gybjub aw-1p7kakr kEtdKx cEmitX yle__article__paragraph\">Valioliigassa per\u00e4ti viidenten\u00e4 olevalla Crystal Palacella on my\u00f6s panosta KuPSia vastaan, vaikka jatkopaikka pudotuspeleihin onkin k\u00e4yt\u00e4nn\u00f6ss\u00e4 jo varma.<\/p>\n<p class=\"aw-1gybjub aw-1p7kakr kEtdKx cEmitX yle__article__paragraph\">Voitolla Crystal Palace varmistaisi paikkansa Konferenssiliigan liigavaiheessa kahdeksan parhaan joukossa. Se tarkoittaisi suoraa paikkaa nelj\u00e4nnesv\u00e4lieriin eli 16 parhaan joukossa.<\/p>\n<p class=\"aw-1gybjub aw-1p7kakr kEtdKx cEmitX yle__article__paragraph\">Silloin Crystal Palacen ei tarvitsisi pelata Konferenssiliigan ensimm\u00e4isell\u00e4 pudotuspelikierroksella helmikuussa.<\/p>\n<p class=\"aw-1gybjub aw-1p7kakr kEtdKx cEmitX yle__article__paragraph\">Crystal Palacella on nyt muutenkin kova otteluruuhka. Joukkueen manageri <strong class=\"aw-ak79eh KyCXm yle__article__strong\">Oliver Glasner<\/strong> <a class=\"aw-iao6s4 iHOxEa yle__article__link\" href=\"https:\/\/x.com\/SkySportsPL\/status\/1997770238406865094\/video\/1\" role=\"link\" rel=\"nofollow\">h\u00e4mm\u00e4stytti<\/a> puolitoista viikkoa sitten lehdist\u00f6tilaisuudessa luettelemalla ulkomuistista joukkueensa kovan otteluohjelman joulukuun puoliv\u00e4lin paikkeilta tammikuun puoliv\u00e4lin paikkeille.<\/p>\n<p class=\"aw-1gybjub aw-1p7kakr kEtdKx cEmitX yle__article__paragraph\">Crystal Palacelle voi tulla 38 p\u00e4iv\u00e4\u00e4n per\u00e4ti 12 ottelua riippuen, miten he p\u00e4rj\u00e4\u00e4v\u00e4t eri cup-kilpailuissa.<\/p>\n<p class=\"aw-1gybjub aw-1p7kakr kEtdKx cEmitX yle__article__paragraph\">Viikko sitten Shelbournea vastaan pelatun Konferenssiliiga-pelin j\u00e4lkeen manageri Glasner kertoi, ett\u00e4 KuPSia ja Leedsi\u00e4 vastaan n\u00e4hd\u00e4\u00e4n t\u00e4ysin erilaiset Crystal Palacen joukkueet kent\u00e4ll\u00e4.<\/p>\n<p class=\"aw-1gybjub aw-1p7kakr kEtdKx cEmitX yle__article__paragraph\">\u2013 Meill\u00e4 on vastuu pelaajien hyvinvoinnista, Glasner painotti <a class=\"aw-iao6s4 iHOxEa yle__article__link\" href=\"https:\/\/www.nytimes.com\/athletic\/6888560\/2025\/12\/17\/crystal-palace-oliver-glasner-premier-league-conference-league\/\" role=\"link\" rel=\"nofollow noopener\" target=\"_blank\">The Athleticin mukaan<\/a>.<\/p>\n<p><img decoding=\"async\" alt=\"Oliver Glasner valmentaa Crystal Palacea.\" src=\"https:\/\/www.europesays.com\/fi\/wp-content\/uploads\/2025\/12\/39-15714056942bb951202e.jpeg\" loading=\"lazy\" class=\"aw-1l9m598 hKVVvP\"\/><\/p>\n<p>Avaa kuvien katselu<\/p>\n<p>It\u00e4valtalainen Oliver Glasner korostaa vastuutaan pelaajien hyvinvoinnista. Kuva: EPAKaru p\u00e4\u00e4t\u00f6s terveys edell\u00e4<\/p>\n<p class=\"aw-1gybjub aw-1p7kakr kEtdKx cEmitX yle__article__paragraph\">Glasner vakuutti kuitenkin, ett\u00e4 Crystal Palace yritt\u00e4\u00e4 voittaa KuPSin. H\u00e4n ei ollut kuitenkaan huolissaan, mik\u00e4li n\u00e4in ei k\u00e4y ja Crystal Palace joutuu pelaamaan Konferenssiliigaa helmikuussa.<\/p>\n<p class=\"aw-1gybjub aw-1p7kakr kEtdKx cEmitX yle__article__paragraph\">The Athletic <a class=\"aw-iao6s4 iHOxEa yle__article__link\" href=\"https:\/\/www.nytimes.com\/athletic\/6888560\/2025\/12\/17\/crystal-palace-oliver-glasner-premier-league-conference-league\/\" role=\"link\" rel=\"nofollow noopener\" target=\"_blank\">kuvaili<\/a>, ett\u00e4 Glasnerilla on KuPSia vastaan edess\u00e4\u00e4n karu p\u00e4\u00e4t\u00f6s.<\/p>\n<p class=\"aw-1gybjub aw-1p7kakr kEtdKx cEmitX yle__article__paragraph\">Yritt\u00e4\u00e4k\u00f6 pelata parhaalla mahdollisella kokoonpanolla KuPSia vastaan vai priorisoida Valioliigaa sek\u00e4 Liigacupia?<\/p>\n<p class=\"aw-1gybjub aw-1p7kakr kEtdKx cEmitX yle__article__paragraph\">The Athleticin Crystal Palace -toimittaja <strong class=\"aw-ak79eh KyCXm yle__article__strong\">Matt Woosnam<\/strong> n\u00e4kee p\u00e4\u00e4t\u00f6ksen vaikeana. Pulmia aiheuttaa my\u00f6s Crystal Palacen kokoonpanon ohuus.<\/p>\n<p class=\"aw-1gybjub aw-1p7kakr kEtdKx cEmitX yle__article__paragraph\"><strong class=\"aw-ak79eh KyCXm yle__article__strong\">Ismaila Sarr<\/strong> on valmistautumassa Afrikan-mestaruuskisoihin Senegalin paidassa. Muista vakiokasvoista <strong class=\"aw-ak79eh KyCXm yle__article__strong\">Daichi Kamada<\/strong> sek\u00e4 <strong class=\"aw-ak79eh KyCXm yle__article__strong\">Daniel Mu\u00f1oz<\/strong> ovat loukkaantuneina.<\/p>\n<p class=\"aw-1gybjub aw-1p7kakr kEtdKx cEmitX yle__article__paragraph\">The Athletic muistuttaa my\u00f6s, ett\u00e4 Crystal Palace on t\u00e4ll\u00e4 kaudella tehnyt v\u00e4hiten muutoksia avauskokoonpanoonsa. Vain 15 muutosta 16 peliss\u00e4.<\/p>\n<p class=\"aw-1gybjub aw-1p7kakr kEtdKx cEmitX yle__article__paragraph\">15 muutosta on kovin pieni m\u00e4\u00e4r\u00e4, sill\u00e4 kent\u00e4ll\u00e4 on kerrallaan 11 pelaajaa. Wolverhampton ja Chelsea ovat tehneet muutoksia avauskokoonpanonsa eniten, kumpikin yhteens\u00e4 47 kertaa. Crystal Palace on my\u00f6s peluuttanut kaikista 20 Valioliiga-joukkueesta v\u00e4hiten vaihtopelaajiaan.<\/p>\n<p><img decoding=\"async\" alt=\"Ismaila Sarr ja Daniel Munoz Crystal Palacen paidassa.\" src=\"https:\/\/www.europesays.com\/fi\/wp-content\/uploads\/2025\/12\/39-15714046942bb94ab429.jpeg\" loading=\"lazy\" class=\"aw-1l9m598 hKVVvP\"\/><\/p>\n<p>Avaa kuvien katselu<\/p>\n<p>Ismaila Sarr (vas.) ja Daniel Mu\u00f1oz (oik.) tuulettamassa maalia Crystal Palacen paidassa. Molemmat ovat tehneet t\u00e4ll\u00e4 kaudella Valioliigassa kolme maalia. Heit\u00e4 enemm\u00e4n Palacelle maaleja on iskenyt vain Jean-Philippe Mateta. Sarr ja Mu\u00f1oz eiv\u00e4t kuitenkaan pelaa KuPSia vastaan. Kuva: Anthony Hanc\/Shutterstock\/All Over Press<\/p>\n<p class=\"aw-1gybjub aw-1p7kakr kEtdKx cEmitX yle__article__paragraph\">The Athletic pit\u00e4\u00e4 todenn\u00e4k\u00f6isen\u00e4, ett\u00e4 Crystal Palace asettaa KuPSia vastaan kent\u00e4lle nuoren joukkueen.<\/p>\n<p class=\"aw-1gybjub aw-1p7kakr kEtdKx cEmitX yle__article__paragraph\">Heid\u00e4n avauskokoonpanomuodostelmassa on vain kolme t\u00e4ll\u00e4 kaudella Valioliigassa avauskokoonpanossa ollutta: <strong class=\"aw-ak79eh KyCXm yle__article__strong\">Jefferson Lerma<\/strong>, <strong class=\"aw-ak79eh KyCXm yle__article__strong\">Justin Devenny<\/strong> ja <strong class=\"aw-ak79eh KyCXm yle__article__strong\">Jayden Canvot<\/strong>.<\/p>\n<p class=\"aw-1gybjub aw-1p7kakr kEtdKx cEmitX yle__article__paragraph\">Yksik\u00e4\u00e4n heist\u00e4 ei ole kuitenkaan ollut vakituisesti t\u00e4ll\u00e4 kaudella Valioliigassa avauskokoonpanossa, vaan kyse on ollut yksitt\u00e4isist\u00e4 kerroista. He ovat olleet t\u00e4ll\u00e4 kaudella Valioliigassa l\u00e4ht\u00f6kohtaisesti vaihtopelaajia.<\/p>\n<p class=\"aw-1gybjub aw-1p7kakr kEtdKx cEmitX yle__article__paragraph\">Avauskokoonpanosommitelmasta l\u00f6ytyv\u00e4t my\u00f6s vaihtopelaajana hajaminuutteja saanut <strong class=\"aw-ak79eh KyCXm yle__article__strong\">Christantus Uche<\/strong> ja yhdess\u00e4 Valioliiga-peliss\u00e4 kent\u00e4ll\u00e4 k\u00e4ynyt <strong class=\"aw-ak79eh KyCXm yle__article__strong\">Romain Esse.<\/strong><\/p>\n<p class=\"aw-1gybjub aw-1p7kakr kEtdKx cEmitX yle__article__paragraph\">The Athletic arvioikin, ett\u00e4 puolet Crystal Palacen avauskokoonpanosta KuPSia vastaan t\u00e4ydentyy 16\u201321-vuotiaista seuran akatemiapelaajista.<\/p>\n<p class=\"aw-1gybjub aw-1p7kakr kEtdKx cEmitX yle__article__paragraph\">Glasner vahvisti KuPS-pelin aattona lehdist\u00f6tilaisuudessa, ett\u00e4 aikoo edelleen peluuttaa kahta eri joukkuetta KuPSia ja Leedsi\u00e4 vastaan. H\u00e4n kantoi yh\u00e4 huolta pelaajien hyvinvoinnista.<\/p>\n<p class=\"aw-1gybjub aw-1p7kakr kEtdKx cEmitX yle__article__paragraph\">\u2013 Olisi vastuutonta, jos tekisimme niin, Glasner sanoi samoilla pelaajilla pelaamisesta.<\/p>\n<p class=\"aw-1gybjub aw-1p7kakr kEtdKx cEmitX yle__article__paragraph\">\u2013 Aloitamme kahdella t\u00e4ysin eri joukkueella, mutta minuutteja totta kai jaetaan, jos se on mahdollista.<\/p>\n<p>Ylen asiantuntija: KuPSilla voi olla etu<\/p>\n<p class=\"aw-1gybjub aw-1p7kakr kEtdKx cEmitX yle__article__paragraph\">Yle Urheilun jalkapalloasiantuntija <strong class=\"aw-ak79eh KyCXm yle__article__strong\">Antti Pohja<\/strong> n\u00e4kee KuPSin mahdollisuudet Crystal Palacea vastaan kohtuullisen pienin\u00e4, jos Valioliiga-seura asettaisi kent\u00e4lle parhaan mahdollisen kokoonpanonsa. Silloin tasoero olisi suuri.<\/p>\n<p class=\"aw-1gybjub aw-1p7kakr kEtdKx cEmitX yle__article__paragraph\">Pohja arvioi, ett\u00e4 Crystal Palacen pelatessa parhaalla kokoonpanollaan KuPSin jatkopaikka olisi suuri yll\u00e4tys.<\/p>\n<p class=\"aw-1gybjub aw-1p7kakr kEtdKx cEmitX yle__article__paragraph\"><strong class=\"aw-ak79eh KyCXm yle__article__strong\">Kuinka paljon Crystal Palacen kaltaisella organisaatiolla on varaa laittaa akatemiapelaajia ja junioreita kent\u00e4lle KuPSia vastaan?<\/strong><\/p>\n<p class=\"aw-1gybjub aw-1p7kakr kEtdKx cEmitX yle__article__paragraph\">\u2013 Asetelma muuttuisi, jos Crystal Palace juoksuttaisi kent\u00e4lle pelaajia, joilla ei ole Valioliiga-statusta tai eiv\u00e4t ole aloituskokoonpanon pelaajia. Tasoero tasoittuisi melkoisesti. Sitten tuntuma ja kokemus europeleist\u00e4 voisi olla KuPSin puolella. Jos Palace kierr\u00e4tt\u00e4\u00e4 enemm\u00e4nkin KuPSia vastaan, KuPSin mahdollisuudet parantuvat huomattavasti, Antti Pohja kommentoi.<\/p>\n<p><img decoding=\"async\" alt=\"KuPS juhlii europelivoittoaan Tampereella.\" src=\"https:\/\/www.europesays.com\/fi\/wp-content\/uploads\/2025\/12\/39-1550138690d2a1f00049.jpeg\" loading=\"lazy\" class=\"aw-1l9m598 hKVVvP\"\/><\/p>\n<p>Avaa kuvien katselu<\/p>\n<p>Per\u00e4ti yli 800 KuPSin kannustajaa on Lontoossa joukkueensa tukena. Kuva: Getty Images<\/p>\n<p class=\"aw-1gybjub aw-1p7kakr kEtdKx cEmitX yle__article__paragraph\">KuPS pelasi maalittoman tasapelin edellisell\u00e4 kierroksella Konferenssiliigassa sveitsil\u00e4ist\u00e4 Lausannea vastaan Tampereella.<\/p>\n<p class=\"aw-1gybjub aw-1p7kakr kEtdKx cEmitX yle__article__paragraph\">Pohjan mielest\u00e4 sveitsil\u00e4isjoukkue oli Tampereella pelatussa ottelussa kuopiolaisia parempi. Silti Pohja kokee, ett\u00e4 KuPSilla on oma peli uomissaan. Pohjan mukaan Crystal Palacea vastaan paljon on kiinni Lausanne-pelin tapaan molempien rangaistusalueiden tapahtumista.<\/p>\n<p class=\"aw-1gybjub aw-1p7kakr kEtdKx cEmitX yle__article__paragraph\">\u2013 KuPS oli Lausannea vastaan molemmilla rangaistusalueilla heikompi kuin vastustajansa. Nyt v\u00e4hist\u00e4 paikoista on p\u00e4\u00e4st\u00e4v\u00e4 paremmin viimeistelypaikoille. Oman rangaistusalueen vartioinnin pit\u00e4\u00e4 olla my\u00f6s ihan eri luokkaa kuin Lausannea vastaan, Pohja arvioi.<\/p>\n<p>N\u00e4in KuPS tuhlaili maalipaikkoja Lausannea vastaan viikko sitten. Katso parhaat paikat Ylen aamussa!<\/p>\n","protected":false},"excerpt":{"rendered":"Kuopion Palloseura tavoittelee torstaina historiallista jatkopaikkaa Konferenssiliigassa Crystal Palacea vastaan. Valioliigassa pelaavalla Crystal Palacella on kova otteluruuhka, ja&hellip;\n","protected":false},"author":2,"featured_media":119375,"comment_status":"","ping_status":"","sticky":false,"template":"","format":"standard","meta":{"footnotes":""},"categories":[5],"tags":[22,23,26,27,33,31,30,17,43,3300,1132,3299,24,25,28,29,15,18,21,32,19,20,160,161,16,45],"class_list":{"0":"post-119374","1":"post","2":"type-post","3":"status-publish","4":"format-standard","5":"has-post-thumbnail","7":"category-otsikot","8":"tag-breaking-news","9":"tag-breakingnews","10":"tag-featured-news","11":"tag-featurednews","12":"tag-fi","13":"tag-finland","14":"tag-finnish","15":"tag-headlines","16":"tag-jalkapallo","17":"tag-kotimaan-jalkapallo","18":"tag-kuopio","19":"tag-kuopion-palloseura","20":"tag-latest-news","21":"tag-latestnews","22":"tag-main-news","23":"tag-mainnews","24":"tag-news","25":"tag-otsikot","26":"tag-paauutiset","27":"tag-suomi","28":"tag-top-stories","29":"tag-topstories","30":"tag-urheilu","31":"tag-urheilutapahtumat","32":"tag-uutiset","33":"tag-veikkausliiga"},"share_on_mastodon":{"url":"https:\/\/pubeurope.com\/@fi\/115738757452588541","error":""},"_links":{"self":[{"href":"https:\/\/www.europesays.com\/fi\/wp-json\/wp\/v2\/posts\/119374","targetHints":{"allow":["GET"]}}],"collection":[{"href":"https:\/\/www.europesays.com\/fi\/wp-json\/wp\/v2\/posts"}],"about":[{"href":"https:\/\/www.europesays.com\/fi\/wp-json\/wp\/v2\/types\/post"}],"author":[{"embeddable":true,"href":"https:\/\/www.europesays.com\/fi\/wp-json\/wp\/v2\/users\/2"}],"replies":[{"embeddable":true,"href":"https:\/\/www.europesays.com\/fi\/wp-json\/wp\/v2\/comments?post=119374"}],"version-history":[{"count":0,"href":"https:\/\/www.europesays.com\/fi\/wp-json\/wp\/v2\/posts\/119374\/revisions"}],"wp:featuredmedia":[{"embeddable":true,"href":"https:\/\/www.europesays.com\/fi\/wp-json\/wp\/v2\/media\/119375"}],"wp:attachment":[{"href":"https:\/\/www.europesays.com\/fi\/wp-json\/wp\/v2\/media?parent=119374"}],"wp:term":[{"taxonomy":"category","embeddable":true,"href":"https:\/\/www.europesays.com\/fi\/wp-json\/wp\/v2\/categories?post=119374"},{"taxonomy":"post_tag","embeddable":true,"href":"https:\/\/www.europesays.com\/fi\/wp-json\/wp\/v2\/tags?post=119374"}],"curies":[{"name":"wp","href":"https:\/\/api.w.org\/{rel}","templated":true}]}}