{"id":119378,"date":"2025-12-18T04:50:07","date_gmt":"2025-12-18T04:50:07","guid":{"rendered":"https:\/\/www.europesays.com\/fi\/119378\/"},"modified":"2025-12-18T04:50:07","modified_gmt":"2025-12-18T04:50:07","slug":"ranta-varjaytyi-verenpunaiseksi-hormuzin-saarella","status":"publish","type":"post","link":"https:\/\/www.europesays.com\/fi\/119378\/","title":{"rendered":"Ranta v\u00e4rj\u00e4ytyi verenpunaiseksi Hormuzin saarella"},"content":{"rendered":"<p><strong class=\"typography-bold\">Hormuzin saaren rannat v\u00e4rj\u00e4ytyiv\u00e4t verenpunaisiksi tiistaina. Taustalla on ilmi\u00f6, joka v\u00e4rj\u00e4\u00e4 my\u00f6s Marsin planeettaa.<\/strong><\/p>\n<p>Hormuzin saarella Iranissa kuvattiin tiistaina rankkasateen j\u00e4lkeen h\u00e4mm\u00e4stytt\u00e4v\u00e4 n\u00e4ky, kun vesi ja ranta v\u00e4rj\u00e4ytyiv\u00e4t verenpunaisiksi.<\/p>\n<p>Ilmi\u00f6t\u00e4 on nimitetty pahaenteisesti &#8221;verisateeksi&#8221;, mutta yliluonnolliselta n\u00e4ytt\u00e4v\u00e4n n\u00e4yn takana on t\u00e4ysin luonnollinen selitys.<\/p>\n<p>Persianlahdella sijaitsevan Hormuzin saaren rannat ovat tunnettuja punertavasta v\u00e4rityksest\u00e4\u00e4n, ja toisinaan luonnonvoimat voimistavat v\u00e4riloiston t\u00e4yteen hehkuunsa.\u00a0<\/p>\n<p><strong class=\"typography-bold\">Lue my\u00f6s: <\/strong><a class=\"cursor-pointer underline\" data-testid=\"internal-link\" role=\"link\" data-sentry-element=\"Link\" data-sentry-component=\"InternalLink\" data-sentry-source-file=\"InternalLink.tsx\" href=\"https:\/\/www.mtvuutiset.fi\/artikkeli\/turkkiin-on-ilmestynyt-satoja-syvia-kuoppia-synkka-viesti-ihmiskunnalle\/9270442\" rel=\"nofollow noopener\" target=\"_blank\"><strong class=\"typography-bold\">Turkkiin on ilmestynyt satoja syvi\u00e4 kuoppia \u2013 synkk\u00e4 viesti ihmiskunnalle<\/strong><\/a><\/p>\n<p>Saaren maaper\u00e4ss\u00e4 on runsaasti rautaoksideja ja etenkin hematiittia. My\u00f6s verikiveksi kutsuttu mineraali on osaltaan syyp\u00e4\u00e4 esimerkiksi Marsin punertavaan v\u00e4riin.<\/p>\n<p>Verenpunaiset virtaukset syntyv\u00e4t, kun sadevesi huuhtoo mineraaleja maaper\u00e4st\u00e4 v\u00e4rj\u00e4ten rantahiekan ja veden.<\/p>\n","protected":false},"excerpt":{"rendered":"Hormuzin saaren rannat v\u00e4rj\u00e4ytyiv\u00e4t verenpunaisiksi tiistaina. Taustalla on ilmi\u00f6, joka v\u00e4rj\u00e4\u00e4 my\u00f6s Marsin planeettaa. Hormuzin saarella Iranissa kuvattiin&hellip;\n","protected":false},"author":2,"featured_media":119379,"comment_status":"","ping_status":"","sticky":false,"template":"","format":"standard","meta":{"footnotes":""},"categories":[114],"tags":[453,33,31,30,118,452,32,119],"class_list":{"0":"post-119378","1":"post","2":"type-post","3":"status-publish","4":"format-standard","5":"has-post-thumbnail","7":"category-avaruus","8":"tag-avaruus","9":"tag-fi","10":"tag-finland","11":"tag-finnish","12":"tag-science","13":"tag-space","14":"tag-suomi","15":"tag-tiede"},"share_on_mastodon":{"url":"https:\/\/pubeurope.com\/@fi\/115738772956202566","error":""},"_links":{"self":[{"href":"https:\/\/www.europesays.com\/fi\/wp-json\/wp\/v2\/posts\/119378","targetHints":{"allow":["GET"]}}],"collection":[{"href":"https:\/\/www.europesays.com\/fi\/wp-json\/wp\/v2\/posts"}],"about":[{"href":"https:\/\/www.europesays.com\/fi\/wp-json\/wp\/v2\/types\/post"}],"author":[{"embeddable":true,"href":"https:\/\/www.europesays.com\/fi\/wp-json\/wp\/v2\/users\/2"}],"replies":[{"embeddable":true,"href":"https:\/\/www.europesays.com\/fi\/wp-json\/wp\/v2\/comments?post=119378"}],"version-history":[{"count":0,"href":"https:\/\/www.europesays.com\/fi\/wp-json\/wp\/v2\/posts\/119378\/revisions"}],"wp:featuredmedia":[{"embeddable":true,"href":"https:\/\/www.europesays.com\/fi\/wp-json\/wp\/v2\/media\/119379"}],"wp:attachment":[{"href":"https:\/\/www.europesays.com\/fi\/wp-json\/wp\/v2\/media?parent=119378"}],"wp:term":[{"taxonomy":"category","embeddable":true,"href":"https:\/\/www.europesays.com\/fi\/wp-json\/wp\/v2\/categories?post=119378"},{"taxonomy":"post_tag","embeddable":true,"href":"https:\/\/www.europesays.com\/fi\/wp-json\/wp\/v2\/tags?post=119378"}],"curies":[{"name":"wp","href":"https:\/\/api.w.org\/{rel}","templated":true}]}}