{"id":119383,"date":"2025-12-18T05:05:09","date_gmt":"2025-12-18T05:05:09","guid":{"rendered":"https:\/\/www.europesays.com\/fi\/119383\/"},"modified":"2025-12-18T05:05:09","modified_gmt":"2025-12-18T05:05:09","slug":"podcast-emil-liekari-joi-olutta-ennen-maailmancupin-kisaa","status":"publish","type":"post","link":"https:\/\/www.europesays.com\/fi\/119383\/","title":{"rendered":"Podcast: Emil Liekari joi olutta ennen maailmancupin kisaa"},"content":{"rendered":"<p>Emil Liekari vietti lauantaita \u201dsuomalaisella tavalla\u201d. Seuraavan aamun puhelu yll\u00e4tti.<\/p>\n<p>17.12. 20:35<\/p>\n<p class=\"article-body mb-nof-24 px-nof-16\">Huippuhiiht\u00e4j\u00e4 <a class=\"article-personlink\" href=\"https:\/\/www.is.fi\/haku\/?query=Emil%20Liekari\" rel=\"nofollow noopener\" target=\"_blank\">Emil Liekari<\/a>, 24, koki melkoisen yll\u00e4tyksen Davosin maailmancupissa viime viikonloppuna. H\u00e4n oli hiiht\u00e4nyt sprintti\u00e4 lauantaina ja luuli ettei hiihd\u00e4 sunnuntaina lainkaan, joten h\u00e4n p\u00e4\u00e4tti menn\u00e4 lauantaina saunaan.<\/p>\n<p class=\"article-body mb-nof-24 px-nof-16\">\u2013\u2009Tuli puhetta, ett\u00e4 k\u00e4yd\u00e4\u00e4n saunassa ja otetaan suomalaiseen tyyliin muutama saunahiiva [olut] kyytipojaksi. Ne tuli siin\u00e4 imeskelty\u00e4 ja vedetty\u00e4 yksi pitsa ja sipsipussi, Liekari sanoi <a class=\"article-genericlink\" href=\"https:\/\/open.spotify.com\/episode\/3yoBtJRbDg8YEHHfwHkLow\" rel=\"nofollow noopener\" target=\"_blank\">Vuoroveto<\/a>-podcastissa.<\/p>\n<p class=\"article-body mb-nof-24 px-nof-16\">H\u00e4n kertoi saunomisen kest\u00e4neen noin pari tuntia.<\/p>\n<p class=\"article-body mb-nof-24 px-nof-16\">Sunnuntaiaamuna soi Liekarin puhelin. Linjan toisessa p\u00e4\u00e4ss\u00e4 oli maajoukkueen p\u00e4\u00e4valmentaja <a class=\"article-personlink\" href=\"https:\/\/www.is.fi\/haku\/?query=Teemu%20Pasanen\" rel=\"nofollow noopener\" target=\"_blank\">Teemu Pasanen<\/a>. <a class=\"article-personlink\" href=\"https:\/\/www.is.fi\/haku\/?query=Iivo%20Niskanen\" rel=\"nofollow noopener\" target=\"_blank\">Iivo Niskanen<\/a> oli sairastunut y\u00f6ll\u00e4, ja Pasanen kyseli Liekaria hiiht\u00e4m\u00e4\u00e4n.<\/p>\n<p class=\"article-body mb-nof-24 px-nof-16\">\u2013\u2009Sanoin, ett\u00e4 hiihd\u00e4n. Kun kerran olen sanonut, ett\u00e4 haluan hiiht\u00e4\u00e4 distanssimatokoja, niin kyll\u00e4 hiihd\u00e4n, Liekari kertoi podcastissa.<\/p>\n<p class=\"article-body mb-nof-24 px-nof-16\">H\u00e4n sijoittui sunnuntaina 10 kilometrin vapaan hiihtotavan kilpailussa 42:nneksi.<\/p>\n<p class=\"article-body mb-nof-24 px-nof-16\">\u2013\u2009Ei valmistautuminen mitenk\u00e4\u00e4n optimi ollut, sen verran voin suoraan sanoa.<\/p>\n<p class=\"article-body mb-nof-24 px-nof-16\">Hiiht\u00e4j\u00e4 ei silti kadu lauantain vapaa-ajan viettoaan.<\/p>\n<p class=\"article-body mb-nof-24 px-nof-16\">\u2013\u2009Koin, ett\u00e4 \u201dcocktail\u201d oli ihan ansaittu. Jos joku rupeaa siit\u00e4 moralisoimaan, minulle se on ihan sama, Liekari sanoi.<\/p>\n<p class=\"article-body mb-nof-24 px-nof-16\">Davosin kymppi oli sprintterin\u00e4 paremmin tunnetun Liekarin ensimm\u00e4inen distanssimatka maailmancupissa.<\/p>\n<p class=\"article-body mb-nof-24 px-nof-16\">H\u00e4n antoi itselleen kisasta \u201dihan ok paperit\u201d.<\/p>\n","protected":false},"excerpt":{"rendered":"Emil Liekari vietti lauantaita \u201dsuomalaisella tavalla\u201d. Seuraavan aamun puhelu yll\u00e4tti. 17.12. 20:35 Huippuhiiht\u00e4j\u00e4 Emil Liekari, 24, koki melkoisen&hellip;\n","protected":false},"author":2,"featured_media":119384,"comment_status":"","ping_status":"","sticky":false,"template":"","format":"standard","meta":{"footnotes":""},"categories":[158],"tags":[33,31,30,34,159,32,160],"class_list":{"0":"post-119383","1":"post","2":"type-post","3":"status-publish","4":"format-standard","5":"has-post-thumbnail","7":"category-urheilu","8":"tag-fi","9":"tag-finland","10":"tag-finnish","11":"tag-ilta-sanomat","12":"tag-sports","13":"tag-suomi","14":"tag-urheilu"},"share_on_mastodon":{"url":"https:\/\/pubeurope.com\/@fi\/115738832225992578","error":""},"_links":{"self":[{"href":"https:\/\/www.europesays.com\/fi\/wp-json\/wp\/v2\/posts\/119383","targetHints":{"allow":["GET"]}}],"collection":[{"href":"https:\/\/www.europesays.com\/fi\/wp-json\/wp\/v2\/posts"}],"about":[{"href":"https:\/\/www.europesays.com\/fi\/wp-json\/wp\/v2\/types\/post"}],"author":[{"embeddable":true,"href":"https:\/\/www.europesays.com\/fi\/wp-json\/wp\/v2\/users\/2"}],"replies":[{"embeddable":true,"href":"https:\/\/www.europesays.com\/fi\/wp-json\/wp\/v2\/comments?post=119383"}],"version-history":[{"count":0,"href":"https:\/\/www.europesays.com\/fi\/wp-json\/wp\/v2\/posts\/119383\/revisions"}],"wp:featuredmedia":[{"embeddable":true,"href":"https:\/\/www.europesays.com\/fi\/wp-json\/wp\/v2\/media\/119384"}],"wp:attachment":[{"href":"https:\/\/www.europesays.com\/fi\/wp-json\/wp\/v2\/media?parent=119383"}],"wp:term":[{"taxonomy":"category","embeddable":true,"href":"https:\/\/www.europesays.com\/fi\/wp-json\/wp\/v2\/categories?post=119383"},{"taxonomy":"post_tag","embeddable":true,"href":"https:\/\/www.europesays.com\/fi\/wp-json\/wp\/v2\/tags?post=119383"}],"curies":[{"name":"wp","href":"https:\/\/api.w.org\/{rel}","templated":true}]}}