{"id":119391,"date":"2025-12-18T05:10:08","date_gmt":"2025-12-18T05:10:08","guid":{"rendered":"https:\/\/www.europesays.com\/fi\/119391\/"},"modified":"2025-12-18T05:10:08","modified_gmt":"2025-12-18T05:10:08","slug":"trump-amerikkalaissotilaille-1-776-dollarin-joulushekki-uutisia-lyhyesti","status":"publish","type":"post","link":"https:\/\/www.europesays.com\/fi\/119391\/","title":{"rendered":"Trump: Amerikkalaissotilaille 1 776 dollarin joulushekki | Uutisia lyhyesti"},"content":{"rendered":"<p class=\"aw-1gybjub aw-5vja16 kEtdKx kmuxyA yle__article__paragraph\">Presidentin arveltiin ennakkoon k\u00e4sittelev\u00e4n puheessaan muun muassa Venezuelan tilannetta, mutta h\u00e4n ei kommentoinut asiaa sanallakaan.<\/p>\n<p>Trump lupasi puheessaan joulurahaa sotilaille.<\/p>\n<p class=\"aw-1gybjub aw-1p7kakr kEtdKx cEmitX yle__article__paragraph\">Yhdysvaltain presidentin <strong class=\"aw-ak79eh KyCXm yle__article__strong\">Donald Trump<\/strong> ylisti Yhdysvaltojen taloutta Valkoisessa talossa pit\u00e4m\u00e4ss\u00e4\u00e4n puheessa. H\u00e4n puhui varhain torstaiaamuna Suomen aikaa.<\/p>\n<p class=\"aw-1gybjub aw-1p7kakr kEtdKx cEmitX yle__article__paragraph\">Trump aloitti puheensa arvostelemalla tuttuun tapaansa edelt\u00e4j\u00e4ns\u00e4 <strong class=\"aw-ak79eh KyCXm yle__article__strong\">Joe Bidenin<\/strong> kautta. T\u00e4m\u00e4n j\u00e4lkeen h\u00e4n toisti j\u00e4lleen tullipolitiikkansa saavutuksia.<\/p>\n<p class=\"aw-1gybjub aw-1p7kakr kEtdKx cEmitX yle__article__paragraph\">Presidentti korosti niin ik\u00e4\u00e4n tiukentuneen laittoman maahanmuuton suitsinnan olevan hallintonsa merkitt\u00e4vimpi\u00e4 saavutuksia.<\/p>\n<p class=\"aw-1gybjub aw-1p7kakr kEtdKx cEmitX yle__article__paragraph\">Trump ilmoitti my\u00f6s, ett\u00e4 1,45 miljoonaa amerikkalaissotilasta saa ennen joulua postissa 1 776 dollarin suuruisen soturibonusshekin Yhdysvaltojen perustamisvuoden 1776 kunniaksi. Trump perusteli bonusmaksua tulleilla, joiden h\u00e4n sanoi tuovan rahaa Yhdysvaltoihin, mutta ei tarkentanut, miten hanke k\u00e4yt\u00e4nn\u00f6ss\u00e4 rahoitetaan.<\/p>\n<p class=\"aw-1gybjub aw-1p7kakr kEtdKx cEmitX yle__article__paragraph\">Presidentin arveltiin ennakkoon k\u00e4sittelev\u00e4n puheessaan my\u00f6s Venezuelan tilannetta, mutta h\u00e4n ei kommentoinut asiaa sanallakaan. Trump m\u00e4\u00e4r\u00e4si keskiviikkona saarron pakotteiden alaisille \u00f6ljytankkereille, jotka matkaavat Venezuelaan tai l\u00e4htev\u00e4t sielt\u00e4.<\/p>\n","protected":false},"excerpt":{"rendered":"Presidentin arveltiin ennakkoon k\u00e4sittelev\u00e4n puheessaan muun muassa Venezuelan tilannetta, mutta h\u00e4n ei kommentoinut asiaa sanallakaan. Trump lupasi puheessaan&hellip;\n","protected":false},"author":2,"featured_media":95573,"comment_status":"","ping_status":"","sticky":false,"template":"","format":"standard","meta":{"footnotes":""},"categories":[14],"tags":[22,23,26,27,33,31,30,17,24,25,28,29,15,18,21,32,19,20,56,16,59,60,61,619],"class_list":{"0":"post-119391","1":"post","2":"type-post","3":"status-publish","4":"format-standard","5":"has-post-thumbnail","7":"category-ulkomaat","8":"tag-breaking-news","9":"tag-breakingnews","10":"tag-featured-news","11":"tag-featurednews","12":"tag-fi","13":"tag-finland","14":"tag-finnish","15":"tag-headlines","16":"tag-latest-news","17":"tag-latestnews","18":"tag-main-news","19":"tag-mainnews","20":"tag-news","21":"tag-otsikot","22":"tag-paauutiset","23":"tag-suomi","24":"tag-top-stories","25":"tag-topstories","26":"tag-ulkomaat","27":"tag-uutiset","28":"tag-world","29":"tag-world-news","30":"tag-worldnews","31":"tag-yhdysvallat"},"share_on_mastodon":{"url":"https:\/\/pubeurope.com\/@fi\/115738852069943587","error":""},"_links":{"self":[{"href":"https:\/\/www.europesays.com\/fi\/wp-json\/wp\/v2\/posts\/119391","targetHints":{"allow":["GET"]}}],"collection":[{"href":"https:\/\/www.europesays.com\/fi\/wp-json\/wp\/v2\/posts"}],"about":[{"href":"https:\/\/www.europesays.com\/fi\/wp-json\/wp\/v2\/types\/post"}],"author":[{"embeddable":true,"href":"https:\/\/www.europesays.com\/fi\/wp-json\/wp\/v2\/users\/2"}],"replies":[{"embeddable":true,"href":"https:\/\/www.europesays.com\/fi\/wp-json\/wp\/v2\/comments?post=119391"}],"version-history":[{"count":0,"href":"https:\/\/www.europesays.com\/fi\/wp-json\/wp\/v2\/posts\/119391\/revisions"}],"wp:featuredmedia":[{"embeddable":true,"href":"https:\/\/www.europesays.com\/fi\/wp-json\/wp\/v2\/media\/95573"}],"wp:attachment":[{"href":"https:\/\/www.europesays.com\/fi\/wp-json\/wp\/v2\/media?parent=119391"}],"wp:term":[{"taxonomy":"category","embeddable":true,"href":"https:\/\/www.europesays.com\/fi\/wp-json\/wp\/v2\/categories?post=119391"},{"taxonomy":"post_tag","embeddable":true,"href":"https:\/\/www.europesays.com\/fi\/wp-json\/wp\/v2\/tags?post=119391"}],"curies":[{"name":"wp","href":"https:\/\/api.w.org\/{rel}","templated":true}]}}