{"id":119399,"date":"2025-12-18T05:31:08","date_gmt":"2025-12-18T05:31:08","guid":{"rendered":"https:\/\/www.europesays.com\/fi\/119399\/"},"modified":"2025-12-18T05:31:08","modified_gmt":"2025-12-18T05:31:08","slug":"carolina-kluft-42-palasi-kisoihin-tulos-allistyttaa","status":"publish","type":"post","link":"https:\/\/www.europesays.com\/fi\/119399\/","title":{"rendered":"Carolina Kl\u00fcft, 42, palasi kisoihin \u2013 Tulos \u00e4llistytt\u00e4\u00e4"},"content":{"rendered":"<p>Ruotsalaist\u00e4hti r\u00f6kitti kaikki miehet.<\/p>\n<p><img decoding=\"async\" class=\"image image-show image-preview\" src=\"https:\/\/www.europesays.com\/fi\/wp-content\/uploads\/2025\/12\/1591e8bdbe6d910bdcefc13c8c970ff49b187348812d2992b873e2771a48f33f.jpg\" alt=\"\"\/><img decoding=\"async\" class=\"image image-show\" src=\"https:\/\/www.europesays.com\/fi\/wp-content\/uploads\/2025\/12\/1766035868_69_1591e8bdbe6d910bdcefc13c8c970ff49b187348812d2992b873e2771a48f33f.jpg\" alt=\"\"\/><\/p>\n<p>Carolina Kl\u00fcft on yh\u00e4 rautaisessa kunnossa. AOP<\/p>\n<p class=\"paragraph\">Ruotsin yleisurheilulegenda <a href=\"https:\/\/www.iltalehti.fi\/henkilot\/Carolina Kl\u00fcft\" class=\"article-link-person-page\" rel=\"nofollow noopener\" target=\"_blank\">Carolina Kl\u00fcft<\/a>, 42, palasi kilpakentille 13 vuoden tauon j\u00e4lkeen, <a href=\"https:\/\/www.aftonbladet.se\/sportbladet\/a\/y5vwR2\/carolina-kluft-gjorde-ovantad-comeback-hoppades-i-skymundan\" target=\"_blank\" rel=\"noopener nofollow\">Aftonbladet<\/a> uutisoi.<\/p>\n<p class=\"paragraph\">Kl\u00fcft oli mukana Bolln\u00e4sin joulukisoissa, miss\u00e4 h\u00e4n osallistui kuulanty\u00f6nt\u00f6\u00f6n. Tapahtuma oli varsin ep\u00e4virallinen, sill\u00e4 kuulaa ty\u00f6nsiv\u00e4t vuorotellen sek\u00e4 miehet ett\u00e4 naiset \u2013 ik\u00e4\u00e4n katsomatta.<\/p>\n<p class=\"paragraph\">Seitsenottelun olympiavoittaja pieksi kisassa jopa kaikki miehet. H\u00e4n ty\u00f6nsi nelj\u00e4n kilon kuulaa 11,11 metri\u00e4, mik\u00e4 oli per\u00e4ti 2,42 metri\u00e4 enemm\u00e4n kuin kakkoseksi sijoittuneen tulos.<\/p>\n<p class=\"paragraph\">Kl\u00fcft ajatteli, ettei h\u00e4nen kisasuorituksensa voisi mitenk\u00e4\u00e4n p\u00e4\u00e4ty\u00e4 julkisuuteen, mutta yleisurheilukollega <a href=\"https:\/\/www.iltalehti.fi\/henkilot\/Stefan Holm\" class=\"article-link-person-page\" rel=\"nofollow noopener\" target=\"_blank\">Stefan Holm<\/a> kertoi \u201dyll\u00e4tt\u00e4v\u00e4st\u00e4 comebackista\u201d sosiaalisessa mediassa, ja otsikot Ruotsissa olivat valmiit.<\/p>\n<p class=\"paragraph\">\u2013 Stefanilla luulisi olevan parempaa tekemist\u00e4. Teid\u00e4n olisi parempi kirjoittaa vain aktiiviurheilijoista, Kl\u00fcft parahti Aftonbladetille.<\/p>\n<p class=\"paragraph\">Ruotsalaist\u00e4hden enn\u00e4tys kuulanty\u00f6nn\u00f6ss\u00e4 on 14,81.<\/p>\n<p class=\"paragraph\">Kl\u00fcft korostaa, ettei ole viritt\u00e4m\u00e4ss\u00e4 paluuta yleisurheilukentille. H\u00e4n osallistui Bolln\u00e4sin kisoihin vain liikkuakseen perheens\u00e4 kanssa.<\/p>\n<p class=\"paragraph\">\u2013 Ty\u00f6nsin paikaltaan, koska en varmaan olisi hy\u00f6tynyt vauhdinotosta mit\u00e4\u00e4n. 11 metri\u00e4 on aika masentava tulos, h\u00e4n sanoi itsekriittisesti.<\/p>\n","protected":false},"excerpt":{"rendered":"Ruotsalaist\u00e4hti r\u00f6kitti kaikki miehet. Carolina Kl\u00fcft on yh\u00e4 rautaisessa kunnossa. AOP Ruotsin yleisurheilulegenda Carolina Kl\u00fcft, 42, palasi kilpakentille&hellip;\n","protected":false},"author":2,"featured_media":119400,"comment_status":"","ping_status":"","sticky":false,"template":"","format":"standard","meta":{"footnotes":""},"categories":[158],"tags":[35,4492,33,31,30,148,147,41,159,32,538,160],"class_list":{"0":"post-119399","1":"post","2":"type-post","3":"status-publish","4":"format-standard","5":"has-post-thumbnail","7":"category-urheilu","8":"tag-24h","9":"tag-digimedia","10":"tag-fi","11":"tag-finland","12":"tag-finnish","13":"tag-internet","14":"tag-internet-palvelut","15":"tag-liikunta-ja-urheilu","16":"tag-sports","17":"tag-suomi","18":"tag-tiede-ja-tekniikka","19":"tag-urheilu"},"share_on_mastodon":{"url":"https:\/\/pubeurope.com\/@fi\/115738934384593197","error":""},"_links":{"self":[{"href":"https:\/\/www.europesays.com\/fi\/wp-json\/wp\/v2\/posts\/119399","targetHints":{"allow":["GET"]}}],"collection":[{"href":"https:\/\/www.europesays.com\/fi\/wp-json\/wp\/v2\/posts"}],"about":[{"href":"https:\/\/www.europesays.com\/fi\/wp-json\/wp\/v2\/types\/post"}],"author":[{"embeddable":true,"href":"https:\/\/www.europesays.com\/fi\/wp-json\/wp\/v2\/users\/2"}],"replies":[{"embeddable":true,"href":"https:\/\/www.europesays.com\/fi\/wp-json\/wp\/v2\/comments?post=119399"}],"version-history":[{"count":0,"href":"https:\/\/www.europesays.com\/fi\/wp-json\/wp\/v2\/posts\/119399\/revisions"}],"wp:featuredmedia":[{"embeddable":true,"href":"https:\/\/www.europesays.com\/fi\/wp-json\/wp\/v2\/media\/119400"}],"wp:attachment":[{"href":"https:\/\/www.europesays.com\/fi\/wp-json\/wp\/v2\/media?parent=119399"}],"wp:term":[{"taxonomy":"category","embeddable":true,"href":"https:\/\/www.europesays.com\/fi\/wp-json\/wp\/v2\/categories?post=119399"},{"taxonomy":"post_tag","embeddable":true,"href":"https:\/\/www.europesays.com\/fi\/wp-json\/wp\/v2\/tags?post=119399"}],"curies":[{"name":"wp","href":"https:\/\/api.w.org\/{rel}","templated":true}]}}