{"id":119407,"date":"2025-12-18T05:36:09","date_gmt":"2025-12-18T05:36:09","guid":{"rendered":"https:\/\/www.europesays.com\/fi\/119407\/"},"modified":"2025-12-18T05:36:09","modified_gmt":"2025-12-18T05:36:09","slug":"kreikkalaispoliitikko-kavi-toimittajien-kimppuun-baarissa-strasbourgissa-uutisia-lyhyesti","status":"publish","type":"post","link":"https:\/\/www.europesays.com\/fi\/119407\/","title":{"rendered":"Kreikkalaispoliitikko k\u00e4vi toimittajien kimppuun baarissa Strasbourgissa | Uutisia lyhyesti"},"content":{"rendered":"<p class=\"aw-1gybjub aw-5vja16 kEtdKx kmuxyA yle__article__paragraph\">Kreikkalaismeppi Nikos Pappas erotettiin baaritappelun takia Syriza-puolueen europarlamenttiryhm\u00e4st\u00e4. <\/p>\n<p><img decoding=\"async\" alt=\"Nikos Pappas puhuu mikkeihin.\" src=\"https:\/\/www.europesays.com\/fi\/wp-content\/uploads\/2025\/12\/39-1571589694387467865f.jpeg\" class=\"aw-1l9m598 hKVVvP\"\/><\/p>\n<p>Avaa kuvien katselu<\/p>\n<p>Nikos Pappas Ateenassa vuonna 2023. Kuva: George Vitsaras \/ EPA<\/p>\n<p class=\"aw-1gybjub aw-1p7kakr kEtdKx cEmitX yle__article__paragraph\">Kreikkalainen europarlamentaarikko <strong class=\"aw-ak79eh KyCXm yle__article__strong\">Nikos Pappas<\/strong> on erotettu Syriza-puolueen europarlamenttiryhm\u00e4st\u00e4 t\u00e4m\u00e4n k\u00e4yty\u00e4 kreikkalaistoimittajien p\u00e4\u00e4lle baarissa Ranskan Strasbourgissa. Asiasta uutisoi muun muassa <a class=\"aw-iao6s4 iHOxEa yle__article__link\" href=\"https:\/\/www.kathimerini.gr\/politics\/563981086\/o-syriza-diegrapse-ton-eyrovoyleyti-niko-pappa\/\" role=\"link\" rel=\"nofollow noopener\" target=\"_blank\">kreikkalaislehti Kathimerini<\/a>.<\/p>\n<p class=\"aw-1gybjub aw-1p7kakr kEtdKx cEmitX yle__article__paragraph\">Kreikkalaistoimittajat olivat tiistaina vierailemassa Strasbourgissa, jossa Euroopan parlamentti kokoontuu t\u00e4ysistuntoon kerran kuukaudessa. Kreikkalaistoimittajien porukka oli viett\u00e4nyt illasta aikaa baarissa, jossa oli paikalla my\u00f6s kreikkalaismeppej\u00e4, Pappas mukaan lukien.<\/p>\n<p class=\"aw-1gybjub aw-1p7kakr kEtdKx cEmitX yle__article__paragraph\">Kun kaksi kreikkalaistoimittajaa olivat l\u00e4hd\u00f6ss\u00e4 baarista, Pappas yritti yll\u00e4tt\u00e4en kampata toisen n\u00e4ist\u00e4. Toimittajien varoitettua Pappasia olemaan en\u00e4\u00e4 koskematta n\u00e4ihin Pappas oli ly\u00f6nyt toista takaraivoon. Ranskassa Pappaksesta on annettu pid\u00e4tysm\u00e4\u00e4r\u00e4ys, mutta ilmeisesti t\u00e4t\u00e4 ei ole viel\u00e4 otettu kiinni.<\/p>\n<p class=\"aw-1gybjub aw-1p7kakr kEtdKx cEmitX yle__article__paragraph\">Vasemmistopuolue Syriza-P.S:n europarlamenttiryhm\u00e4n puheenjohtaja <strong class=\"aw-ak79eh KyCXm yle__article__strong\">Sokratis Famellos<\/strong> erotti Pappasin puolueen europarlamenttiryhm\u00e4st\u00e4 pian tapahtuneen j\u00e4leen. Kreikan varap\u00e4\u00e4ministeri <strong class=\"aw-ak79eh KyCXm yle__article__strong\">Pavlos Marinakis<\/strong> tuomitsi t\u00e4m\u00e4n k\u00e4yt\u00f6ksen.<\/p>\n","protected":false},"excerpt":{"rendered":"Kreikkalaismeppi Nikos Pappas erotettiin baaritappelun takia Syriza-puolueen europarlamenttiryhm\u00e4st\u00e4. Avaa kuvien katselu Nikos Pappas Ateenassa vuonna 2023. Kuva: George&hellip;\n","protected":false},"author":2,"featured_media":119408,"comment_status":"","ping_status":"","sticky":false,"template":"","format":"standard","meta":{"footnotes":""},"categories":[14],"tags":[21596,22,23,21594,21595,1617,17977,26,27,33,31,30,17,21598,24,25,28,29,15,18,21,637,1422,21593,32,21597,19,20,56,16,59,60,61],"class_list":{"0":"post-119407","1":"post","2":"type-post","3":"status-publish","4":"format-standard","5":"has-post-thumbnail","7":"category-ulkomaat","8":"tag-baarit","9":"tag-breaking-news","10":"tag-breakingnews","11":"tag-eu-parlamentin-poliittiset-ryhmat","12":"tag-eu-politiikka","13":"tag-euroopan-unioni","14":"tag-europarlamentaarikot","15":"tag-featured-news","16":"tag-featurednews","17":"tag-fi","18":"tag-finland","19":"tag-finnish","20":"tag-headlines","21":"tag-kreikan-poliittiset-puolueet","22":"tag-latest-news","23":"tag-latestnews","24":"tag-main-news","25":"tag-mainnews","26":"tag-news","27":"tag-otsikot","28":"tag-paauutiset","29":"tag-politiikka","30":"tag-ranska","31":"tag-strasbourg","32":"tag-suomi","33":"tag-syriza","34":"tag-top-stories","35":"tag-topstories","36":"tag-ulkomaat","37":"tag-uutiset","38":"tag-world","39":"tag-world-news","40":"tag-worldnews"},"share_on_mastodon":{"url":"","error":"Validation failed: Text character limit of 500 exceeded"},"_links":{"self":[{"href":"https:\/\/www.europesays.com\/fi\/wp-json\/wp\/v2\/posts\/119407","targetHints":{"allow":["GET"]}}],"collection":[{"href":"https:\/\/www.europesays.com\/fi\/wp-json\/wp\/v2\/posts"}],"about":[{"href":"https:\/\/www.europesays.com\/fi\/wp-json\/wp\/v2\/types\/post"}],"author":[{"embeddable":true,"href":"https:\/\/www.europesays.com\/fi\/wp-json\/wp\/v2\/users\/2"}],"replies":[{"embeddable":true,"href":"https:\/\/www.europesays.com\/fi\/wp-json\/wp\/v2\/comments?post=119407"}],"version-history":[{"count":0,"href":"https:\/\/www.europesays.com\/fi\/wp-json\/wp\/v2\/posts\/119407\/revisions"}],"wp:featuredmedia":[{"embeddable":true,"href":"https:\/\/www.europesays.com\/fi\/wp-json\/wp\/v2\/media\/119408"}],"wp:attachment":[{"href":"https:\/\/www.europesays.com\/fi\/wp-json\/wp\/v2\/media?parent=119407"}],"wp:term":[{"taxonomy":"category","embeddable":true,"href":"https:\/\/www.europesays.com\/fi\/wp-json\/wp\/v2\/categories?post=119407"},{"taxonomy":"post_tag","embeddable":true,"href":"https:\/\/www.europesays.com\/fi\/wp-json\/wp\/v2\/tags?post=119407"}],"curies":[{"name":"wp","href":"https:\/\/api.w.org\/{rel}","templated":true}]}}