{"id":119411,"date":"2025-12-18T05:38:14","date_gmt":"2025-12-18T05:38:14","guid":{"rendered":"https:\/\/www.europesays.com\/fi\/119411\/"},"modified":"2025-12-18T05:38:14","modified_gmt":"2025-12-18T05:38:14","slug":"pihtiputaan-kunta-nousi-vastarintaan-valittaa-palveluiden-karsimisesta-ja-valayttaa-hyvinvointialueen-vaihtamista-keski-suomi","status":"publish","type":"post","link":"https:\/\/www.europesays.com\/fi\/119411\/","title":{"rendered":"Pihtiputaan kunta nousi vastarintaan \u2013 valittaa \u00adpalveluiden karsimisesta ja v\u00e4l\u00e4ytt\u00e4\u00e4 hyvinvointi\u00adalueen vaihtamista | Keski-Suomi"},"content":{"rendered":"<p class=\"aw-1gybjub aw-5vja16 kEtdKx kmuxyA yle__article__paragraph\">Pihtipudas selvitt\u00e4\u00e4 mahdollisuuksia vaihtaa hyvinvointi\u00adaluetta. Kunta on pettynyt Keski-Suomen hyvinvointi\u00adalueen palveluverkko\u00adp\u00e4\u00e4t\u00f6ksiin.<\/p>\n<p><img decoding=\"async\" alt=\"Pihtiputaan terveyskeskuksen p\u00e4\u00e4sis\u00e4\u00e4nk\u00e4ynti. Nietokset ymp\u00e4r\u00f6iv\u00e4t kulkuv\u00e4yl\u00e4\u00e4.\" src=\"https:\/\/www.europesays.com\/fi\/wp-content\/uploads\/2025\/12\/39-89480061c182dd08152.jpeg\" class=\"aw-1l9m598 hKVVvP\"\/><\/p>\n<p>Avaa kuvien katselu<\/p>\n<p>Pihtiputaan terveysasemasta aiotaan tehd\u00e4 palvelupiste, josta saisi nykyist\u00e4 huomattavasti suppeampia palveluita. My\u00f6s vuodeosasto ja hammashoitola aiotaan lakkauttaa. Arkistokuva. Kuva: Jarkko Riikonen \/ Yle<\/p>\n<p>17.12. 11:41\u2022P\u00e4ivitetty 17.12. 12:35<\/p>\n<p class=\"aw-1gybjub aw-1p7kakr kEtdKx cEmitX yle__article__paragraph\">Pihtiputaan kunta ei tyydy Keski-Suomen hyvinvointialueen ratkaisuihin palveluverkosta.<\/p>\n<p class=\"aw-1gybjub aw-1p7kakr kEtdKx cEmitX yle__article__paragraph\">Kunta aikoo valittaa p\u00e4\u00e4t\u00f6ksest\u00e4 hallinto-oikeuteen.<\/p>\n<p class=\"aw-1gybjub aw-1p7kakr kEtdKx cEmitX yle__article__paragraph\">Keski-Suomen aluevaltuusto teki viime viikolla <a class=\"aw-iao6s4 iHOxEa yle__article__link\" href=\"https:\/\/yle.fi\/a\/74-20198835\" role=\"link\" rel=\"nofollow noopener\" target=\"_blank\">palveluverkkop\u00e4\u00e4t\u00f6ksen<\/a>, jonka perusteella Pihtiputaan terveysasema muutetaan palvelupisteeksi. Lis\u00e4ksi paikkakunnalta lakkautetaan hammashoitola ja vuodeosasto.<\/p>\n<p class=\"aw-1gybjub aw-1p7kakr kEtdKx cEmitX yle__article__paragraph\">Kunnan mukaan aluevaltuuston p\u00e4\u00e4t\u00f6s on hyvinvointialueen strategian vastainen, ja se on tehty ilman vaikutusten arviointia. Pihtipudas pit\u00e4\u00e4 erikoisena my\u00f6s sit\u00e4, ett\u00e4 se ei ole saanut hyvinvointialueelta tietoja terveysasemien yksikk\u00f6kustannuksista pyynn\u00f6ist\u00e4 huolimatta.<\/p>\n<p class=\"aw-1gybjub aw-1p7kakr kEtdKx cEmitX yle__article__paragraph\">Kunta kertoo tiedotteessaan, ett\u00e4 se kartoittaa mahdollisuuksia vaihtaa hyvinvointialuetta. Lis\u00e4ksi se selvitt\u00e4\u00e4 yksityisten sotepalvelujen saamista paikkakunnalle.<\/p>\n<p class=\"aw-1gybjub aw-1p7kakr kEtdKx cEmitX yle__article__paragraph\">Pihtiputaan mukaan syyn\u00e4 on tilanne, jossa kunnasta k\u00e4yt\u00e4nn\u00f6ss\u00e4 vied\u00e4\u00e4n keskeiset peruspalvelut.<\/p>\n<p class=\"aw-1gybjub aw-1p7kakr kEtdKx cEmitX yle__article__paragraph\"><a class=\"aw-iao6s4 iHOxEa yle__article__link\" href=\"https:\/\/yle.fi\/a\/74-20198953\" role=\"link\" rel=\"nofollow noopener\" target=\"_blank\">Jatkossa monien pihtiputaalaisten l\u00e4himm\u00e4t sote-asemat sijaitsevat<\/a> kunnan mukaan Haapaj\u00e4rvell\u00e4 tai Pyh\u00e4j\u00e4rvell\u00e4 eli naapurimaakunnassa Pohjois-Pohjanmaalla. Erityisesti Pihtiputaan pohjoisosista matka naapurimaakunnan sotepalveluihin voi olla merkitt\u00e4v\u00e4sti lyhyempi kuin Viitasaarelle.<\/p>\n<p class=\"aw-1gybjub aw-1p7kakr kEtdKx cEmitX yle__article__paragraph\">Keski-Suomessa pihtiputaalaisten l\u00e4hiterveysasema on jatkossa Viitasaarella, jonne on Pihtiputaan keskustasta matkaa noin 40 kilometri\u00e4.<\/p>\n<p class=\"aw-1gybjub aw-1p7kakr kEtdKx cEmitX yle__article__paragraph\"><strong class=\"aw-ak79eh KyCXm yle__article__strong\">N\u00e4in Keski-Suomen hyvinvointialueen suunnitelmia kommentoivat Pihtiputaalla lokakuussa Anna Minkkinen, Eija Pasanen, Heli Nurmenniemi ja Veijo Siekkinen. Tuolloin terveysaseman muuttaminen palvelupisteeksi oli vasta suunnitteilla:<\/strong><\/p>\n<p><strong class=\"aw-1bgq5a3 bSmpIc\">Terveyspalvelujen supistussuunnitelmat tyrm\u00e4ttiin Pihtiputaalla<\/strong><\/p>\n<p class=\"aw-1gybjub aw-1p7kakr kEtdKx cEmitX yle__article__paragraph\">Korjattu 17.12.2025 kello 12.36. Jutussa luki aiemmin, ett\u00e4 jatkossa pihtiputaalaisten l\u00e4himm\u00e4t sote-asemat sijaitsevat naapurimaakunnassa. Korjattu ilmaus muotoon: jatkossa monien pihtiputaalaisten l\u00e4himm\u00e4t sote-asemat ovat naapurimaakunnassa. Lis\u00e4tty, ett\u00e4 erityisesti Pihtiputaan pohjoisosista matka naapurimaakunnan sotepalveluihin voi olla lyhyempi kuin Viitasaarelle.<\/p>\n","protected":false},"excerpt":{"rendered":"Pihtipudas selvitt\u00e4\u00e4 mahdollisuuksia vaihtaa hyvinvointi\u00adaluetta. Kunta on pettynyt Keski-Suomen hyvinvointi\u00adalueen palveluverkko\u00adp\u00e4\u00e4t\u00f6ksiin. Avaa kuvien katselu Pihtiputaan terveysasemasta aiotaan tehd\u00e4&hellip;\n","protected":false},"author":2,"featured_media":119412,"comment_status":"","ping_status":"","sticky":false,"template":"","format":"standard","meta":{"footnotes":""},"categories":[5],"tags":[22,23,26,27,33,31,30,17,2218,474,71,24,25,28,29,15,18,21,6045,32,504,19,20,16,21599],"class_list":{"0":"post-119411","1":"post","2":"type-post","3":"status-publish","4":"format-standard","5":"has-post-thumbnail","7":"category-otsikot","8":"tag-breaking-news","9":"tag-breakingnews","10":"tag-featured-news","11":"tag-featurednews","12":"tag-fi","13":"tag-finland","14":"tag-finnish","15":"tag-headlines","16":"tag-hyvinvointialueet","17":"tag-keski-suomi","18":"tag-kotimaa","19":"tag-latest-news","20":"tag-latestnews","21":"tag-main-news","22":"tag-mainnews","23":"tag-news","24":"tag-otsikot","25":"tag-paauutiset","26":"tag-pihtipudas","27":"tag-suomi","28":"tag-terveyspalvelut","29":"tag-top-stories","30":"tag-topstories","31":"tag-uutiset","32":"tag-vuodeosastot"},"share_on_mastodon":{"url":"https:\/\/pubeurope.com\/@fi\/115738961861460424","error":""},"_links":{"self":[{"href":"https:\/\/www.europesays.com\/fi\/wp-json\/wp\/v2\/posts\/119411","targetHints":{"allow":["GET"]}}],"collection":[{"href":"https:\/\/www.europesays.com\/fi\/wp-json\/wp\/v2\/posts"}],"about":[{"href":"https:\/\/www.europesays.com\/fi\/wp-json\/wp\/v2\/types\/post"}],"author":[{"embeddable":true,"href":"https:\/\/www.europesays.com\/fi\/wp-json\/wp\/v2\/users\/2"}],"replies":[{"embeddable":true,"href":"https:\/\/www.europesays.com\/fi\/wp-json\/wp\/v2\/comments?post=119411"}],"version-history":[{"count":0,"href":"https:\/\/www.europesays.com\/fi\/wp-json\/wp\/v2\/posts\/119411\/revisions"}],"wp:featuredmedia":[{"embeddable":true,"href":"https:\/\/www.europesays.com\/fi\/wp-json\/wp\/v2\/media\/119412"}],"wp:attachment":[{"href":"https:\/\/www.europesays.com\/fi\/wp-json\/wp\/v2\/media?parent=119411"}],"wp:term":[{"taxonomy":"category","embeddable":true,"href":"https:\/\/www.europesays.com\/fi\/wp-json\/wp\/v2\/categories?post=119411"},{"taxonomy":"post_tag","embeddable":true,"href":"https:\/\/www.europesays.com\/fi\/wp-json\/wp\/v2\/tags?post=119411"}],"curies":[{"name":"wp","href":"https:\/\/api.w.org\/{rel}","templated":true}]}}