{"id":11942,"date":"2025-08-21T08:17:07","date_gmt":"2025-08-21T08:17:07","guid":{"rendered":"https:\/\/www.europesays.com\/fi\/11942\/"},"modified":"2025-08-21T08:17:07","modified_gmt":"2025-08-21T08:17:07","slug":"matti-ja-teppo-ovat-olleet-pitkalla-tauolla","status":"publish","type":"post","link":"https:\/\/www.europesays.com\/fi\/11942\/","title":{"rendered":"Matti ja Teppo ovat olleet pitk\u00e4ll\u00e4 tauolla"},"content":{"rendered":"<p>Iskelm\u00e4suuruudet <strong>Matti<\/strong> ja <strong>Teppo<\/strong> <strong>Ruohonen<\/strong> ovat olleet poissa julkisuudesta jo puolentoista vuoden ajan. Matin sairastuminen pakotti syksyll\u00e4 2023 veljekset perumaan useita keikkoja. Helmikuussa 2024 he ilmoittivat joutuvansa luopumaan koko tulevan kes\u00e4n esiintymisist\u00e4 l\u00e4\u00e4ketieteellisist\u00e4 syist\u00e4.<\/p>\n<p>Lue my\u00f6s: <a href=\"https:\/\/www.como.fi\/uutiset\/mattiin-ja-teppoon-liittyen-kuuluu-turusta-uutisia\/\" title=\"Mattiin ja Teppoon liittyen kuuluu Turusta uutisia\" class=\"underline-custom !font-montserrat !font-bold !underline-offset-4 !decoration-4 !decoration-red-600 !text-md\" rel=\"nofollow noopener\" target=\"_blank\">Mattiin ja Teppoon liittyen kuuluu Turusta uutisia<\/a><\/p>\n<p>Nyt Seiska on saanut veljesten pojilta muutaman kommentin t\u00e4m\u00e4nhetkisest\u00e4 tilanteesta. Matin poika <strong>Toni Ruohonen<\/strong> kertoo olevansa tietoinen is\u00e4ns\u00e4 tilanteesta, mutta ei halua kommentoida asioita sen enemp\u00e4\u00e4.<\/p>\n<p>\u2013 Kyll\u00e4, mutten valitettavasti voi kommentoida asiaa sen enemp\u00e4\u00e4. Antaa h\u00e4nen itse tulla asian kanssa julki, jos joskus sen aika on, kertoi Toni Seiskalle.<\/p>\n<p>Tepon poika<strong> Oskari Ruohonen<\/strong> antaa tilanteesta toiveikkaamman kuvan. H\u00e4nkin kertoi Seiskalle, ett\u00e4 keikkataukoa ei ole pidetty huvikseen.<\/p>\n<p>\u2013 Siihen on syy\u2026 Mutta min\u00e4 en voi olla se, joka yht\u00e4kki\u00e4 kertoo mist\u00e4 on kyse. Jos he haluavat olla kertomatta jostain asiasta, he ovat sitten kertomatta siit\u00e4. N\u00e4in se on. Voi olla, ett\u00e4 jossain vaiheessa kerrotaan jotain, tai sitten ei kerrota, antaa Oskari tilanteesta v\u00e4h\u00e4n toiveikkaamman kuvan.<\/p>\n<p>Oskari kertoo tilanteesta lis\u00e4\u00e4 ja se antaa viel\u00e4 entist\u00e4 enemm\u00e4n toivoa.<\/p>\n<p>\u2013 Sanotaan n\u00e4in, ett\u00e4 itsell\u00e4ni on t\u00e4ss\u00e4 ihan hyv\u00e4t tunnelmat. Ehk\u00e4 se viestii siit\u00e4, ettei mik\u00e4\u00e4n katastrofi ole kyseess\u00e4, totesi Oskari Seiskalle.<\/p>\n<p>Oskari kehotti nauttimaan sitten, kun tulee iloisia uutisia.<\/p>\n<p>Matti ja Teppo ovat luoneet jo pitk\u00e4n uran<\/p>\n<p>Matti ja Teppo t\u00e4ytt\u00e4v\u00e4t molemmat muutaman vuoden sis\u00e4ll\u00e4 80 vuotta. Heill\u00e4 on takanaan pitk\u00e4 ura, joka alkoi jo vuonna 1969. He aloittivat tuona vuonna esiintymiset tanssilavoilla ja tekiv\u00e4t ensilevytyksens\u00e4 (Jos olet onnellinen). Siit\u00e4 seuraavana vuonna heid\u00e4n kappaleensa Kissankultaa nousi listaykk\u00f6seksi.<\/p>\n<p>Veljesten kultarajan ylitt\u00e4neit\u00e4 levyj\u00e4 on myyty Suomessa v\u00e4h\u00e4n yli miljoona kappaletta. He ovat Suomen toiseksi parhaiten levyj\u00e4 myyneit\u00e4 artisteja. Heill\u00e4 on seitsem\u00e4n platinalevy\u00e4 ja 29 kultalevy\u00e4.<\/p>\n<p>Veljekset j\u00e4rjestiv\u00e4t 50-vuotisjuhlakiertueen syksyll\u00e4 vuonna 2019. He esiintyiv\u00e4t sen merkeiss\u00e4 usealla eri paikkakunnalla. Kiertueen viimeinen konsertti j\u00e4rjestettiin Hartwall Arenalla Helsingiss\u00e4 sunnuntaina 15. p\u00e4iv\u00e4 joulukuuta. Sen j\u00e4lkeen heid\u00e4n keikkojaan oli en\u00e4\u00e4 harvoin ja vain kes\u00e4isin.<\/p>\n<p>L\u00e4hde: <a href=\"https:\/\/www.seiska.fi\/vain-seiskassa\/uutta-tietoa-matin-ja-tepon-tilanteesta-jo-15-vuotta-kateissa\/1902547\" target=\"_blank\" rel=\"noreferrer noopener nofollow\">Seiska<\/a><\/p>\n<p>Lue my\u00f6s: <a href=\"https:\/\/www.como.fi\/tilaa-comon-uutiskirje\/\" title=\"Tilaa Comon uutiskirje ja tied\u00e4t mist\u00e4 kahvitauolla puhutaan! Nappaa kotimaan tv-vinkit ja puheenaiheet suoraan s\u00e4hk\u00f6postiin t\u00e4st\u00e4.\" class=\"underline-custom !font-montserrat !font-bold !underline-offset-4 !decoration-4 !decoration-red-600 !text-md\" rel=\"nofollow noopener\" target=\"_blank\">Tilaa Comon uutiskirje ja tied\u00e4t mist\u00e4 kahvitauolla puhutaan! Nappaa kotimaan tv-vinkit ja puheenaiheet suoraan s\u00e4hk\u00f6postiin t\u00e4st\u00e4.<\/a><\/p>\n","protected":false},"excerpt":{"rendered":"Iskelm\u00e4suuruudet Matti ja Teppo Ruohonen ovat olleet poissa julkisuudesta jo puolentoista vuoden ajan. Matin sairastuminen pakotti syksyll\u00e4 2023&hellip;\n","protected":false},"author":2,"featured_media":11943,"comment_status":"","ping_status":"","sticky":false,"template":"","format":"standard","meta":{"footnotes":""},"categories":[133],"tags":[137,33,31,30,5051,32,206,156,109],"class_list":{"0":"post-11942","1":"post","2":"type-post","3":"status-publish","4":"format-standard","5":"has-post-thumbnail","7":"category-televisiot","8":"tag-entertainment","9":"tag-fi","10":"tag-finland","11":"tag-finnish","12":"tag-matti-ja-teppo","13":"tag-suomi","14":"tag-televisiot","15":"tag-tv","16":"tag-viihde"},"share_on_mastodon":{"url":"","error":""},"_links":{"self":[{"href":"https:\/\/www.europesays.com\/fi\/wp-json\/wp\/v2\/posts\/11942","targetHints":{"allow":["GET"]}}],"collection":[{"href":"https:\/\/www.europesays.com\/fi\/wp-json\/wp\/v2\/posts"}],"about":[{"href":"https:\/\/www.europesays.com\/fi\/wp-json\/wp\/v2\/types\/post"}],"author":[{"embeddable":true,"href":"https:\/\/www.europesays.com\/fi\/wp-json\/wp\/v2\/users\/2"}],"replies":[{"embeddable":true,"href":"https:\/\/www.europesays.com\/fi\/wp-json\/wp\/v2\/comments?post=11942"}],"version-history":[{"count":0,"href":"https:\/\/www.europesays.com\/fi\/wp-json\/wp\/v2\/posts\/11942\/revisions"}],"wp:featuredmedia":[{"embeddable":true,"href":"https:\/\/www.europesays.com\/fi\/wp-json\/wp\/v2\/media\/11943"}],"wp:attachment":[{"href":"https:\/\/www.europesays.com\/fi\/wp-json\/wp\/v2\/media?parent=11942"}],"wp:term":[{"taxonomy":"category","embeddable":true,"href":"https:\/\/www.europesays.com\/fi\/wp-json\/wp\/v2\/categories?post=11942"},{"taxonomy":"post_tag","embeddable":true,"href":"https:\/\/www.europesays.com\/fi\/wp-json\/wp\/v2\/tags?post=11942"}],"curies":[{"name":"wp","href":"https:\/\/api.w.org\/{rel}","templated":true}]}}