{"id":119423,"date":"2025-12-18T05:58:09","date_gmt":"2025-12-18T05:58:09","guid":{"rendered":"https:\/\/www.europesays.com\/fi\/119423\/"},"modified":"2025-12-18T05:58:09","modified_gmt":"2025-12-18T05:58:09","slug":"kulttihetki-ilmaiskatselussa-hilpea-70-luvun-jattihamahakkikaaos-niin-huono-etta-se-on-hyva","status":"publish","type":"post","link":"https:\/\/www.europesays.com\/fi\/119423\/","title":{"rendered":"Kulttihetki: Ilmaiskatselussa hilpe\u00e4 70-luvun j\u00e4ttih\u00e4m\u00e4h\u00e4kkikaaos \u2013 niin huono ett\u00e4 se on hyv\u00e4!"},"content":{"rendered":"<p>Kun meteori sy\u00f6ksyy pienen Merrillin kaupungin l\u00e4heisyyteen, edess\u00e4 on t\u00e4ysin ennalta-arvaamaton kaaos. Pian luonnossa nimitt\u00e4in vipelt\u00e4\u00e4 j\u00e4ttim\u00e4iseksi kasvavia h\u00e4m\u00e4h\u00e4kkej\u00e4, jotka ruokkivat itse\u00e4\u00e4n el\u00e4inten ja ihmisten lihalla. Tilanteen eskaloituessa viranomaiset ja tutkijat yritt\u00e4v\u00e4t ep\u00e4toivoisesti pys\u00e4ytt\u00e4\u00e4 uhan ennen kuin h\u00e4m\u00e4h\u00e4kit p\u00e4\u00e4sev\u00e4t levi\u00e4m\u00e4\u00e4n laajemmalle alueelle.<\/p>\n<p>H\u00e4m\u00e4h\u00e4kkien hy\u00f6kk\u00e4ys (The Giant Spider Invasion, 1975) on j\u00e4risytt\u00e4v\u00e4n huonon vastaanoton saanut, mutta sittemmin vuosikymmenten aikana rakastetuksi kulttielokuvaksi muodostunut yhdysvaltalainen scifi-kauhuelokuva. Tai oikeastaan komedia.<\/p>\n<p>Elokuva tuli tunnetuksi surullisenkuuluisasta pienibudjettisuudestaan, mink\u00e4 seurauksena sen erikoistehosteet ovat kauniisti sanottuna surkeat. H\u00e4m\u00e4h\u00e4kkitehosteet toteutettiin p\u00e4\u00e4osin optisin keinoin kuvaamalla oikeita h\u00e4m\u00e4h\u00e4kkej\u00e4 sek\u00e4 yhdell\u00e4 mekaanisella, Volkswagenin rungon p\u00e4\u00e4lle rakennetulla \u201dj\u00e4ttil\u00e4ish\u00e4m\u00e4h\u00e4kill\u00e4\u201d. N\u00e4m\u00e4 n\u00e4yt olivat jo 1970-luvulla hymyilytt\u00e4v\u00e4n huonoja, ja niiden arvo on kasvanut vuosien saatossa. Leffa kuuluukin sarjaan \u201dniin huono ett\u00e4 se on hyv\u00e4\u201d, mit\u00e4 vahvisti sen esiintyminen Mystery Science Theater 3000 -sarjassa.<\/p>\n<p>Elokuvan ohjasi <strong>Bill Rebane<\/strong>, ja sen p\u00e4\u00e4osissa n\u00e4hd\u00e4\u00e4n <strong>Steve Brodie<\/strong>, <strong>Barbara Hale<\/strong>, <strong>Robert Easton<\/strong> ja <strong>Alan Hale Jr<\/strong>. J\u00e4lkimm\u00e4inen oli tunnettu suositusta Gilligan\u2019s Island -televisiosarjasta, mik\u00e4 toi elokuvalle pient\u00e4 t\u00e4htivoimaa \u2013 teattereiden lipputulot olivatkin kohtuullisen hyv\u00e4t.<\/p>\n<p>T\u00e4m\u00e4n kulttielokuvan voi katsoa nyt ilmaiseksi Plexiss\u00e4. Suoratoistoversiossa ei ole suomenkielisi\u00e4 tekstityksi\u00e4.<\/p>\n<p>Lue my\u00f6s: <a href=\"https:\/\/www.episodi.fi\/uutiset\/kulttihetki-ilmaiskatselussa-nayttelijan-erikoisin-rooli-selviytymistaistelua-eristetylla-vankilasaarella\/\" title=\"Kulttihetki: Ilmaiskatselussa suosikkin\u00e4yttelij\u00e4n erikoisin rooli \u2013 selviytymistaistelua eristetyll\u00e4 vankilasaarella\" class=\"underline-custom !font-montserrat !font-bold !underline-offset-4 !decoration-4 !decoration-episodi-blue !text-md\" rel=\"nofollow noopener\" target=\"_blank\">Kulttihetki: Ilmaiskatselussa suosikkin\u00e4yttelij\u00e4n erikoisin rooli \u2013 selviytymistaistelua eristetyll\u00e4 vankilasaarella<\/a><\/p>\n<p>Katso H\u00e4m\u00e4h\u00e4kkien hy\u00f6kk\u00e4ys <a href=\"https:\/\/watch.plex.tv\/movie\/the-giant-spider-invasion\" target=\"_blank\" rel=\"noreferrer noopener nofollow\">t\u00e4\u00e4ll\u00e4<\/a>. Elokuvan kesto on 80 minuuttia, ja siihen voi sis\u00e4lty\u00e4 mainoksia, mit\u00e4 ei tosin Episodin katselussa ilmennyt. Suomessa elokuvaa ei ole koskaan tarkastettu virallisten lakien mukaisesti, mutta ennen videosensuurilakia julkaistussa videokasetissa oli merkint\u00e4 \u201dkielletty lapsilta\u201d.<\/p>\n<p>Alla elokuvan juliste ja traileri.<\/p>\n<p><img loading=\"lazy\" height=\"973\" width=\"648\" class=\"wp-image-250421 sp-no-webp perfmatters-lazy\" alt=\"\" decoding=\"async\" src=\"https:\/\/www.europesays.com\/fi\/wp-content\/uploads\/2025\/12\/thegiantspiderinvasion-1975-01-648x973.jpg\"  data-\/> <\/p>\n<p><img loading=\"lazy\" decoding=\"async\" alt=\"YouTube video\" width=\"480\" height=\"360\" data-pin-nopin=\"true\" nopin=\"nopin\" class=\"perfmatters-lazy\" src=\"https:\/\/www.europesays.com\/fi\/wp-content\/uploads\/2025\/12\/1766037489_398_hqdefault.jpg\"\/><\/p>\n<p>Lue my\u00f6s: <a href=\"https:\/\/www.episodi.fi\/uutiset\/kulttihetki-ilmaiskatselussa-70-luvun-camp-klassikko-hyytelohirmu-kauhistuttaa-pikkukaupunkia\/\" title=\"Kulttihetki: Ilmaiskatselussa 70-luvun camp-klassikko \u2013 hyytel\u00f6hirmu kauhistuttaa pikkukaupunkia\" class=\"underline-custom !font-montserrat !font-bold !underline-offset-4 !decoration-4 !decoration-episodi-blue !text-md\" rel=\"nofollow noopener\" target=\"_blank\">Kulttihetki: Ilmaiskatselussa 70-luvun camp-klassikko \u2013 hyytel\u00f6hirmu kauhistuttaa pikkukaupunkia<\/a><\/p>\n<p>Lue my\u00f6s: <a href=\"https:\/\/www.episodi.fi\/uutiset\/viela-hetken-ilmaiskatselussa-avaruudesta-pudonnut-esine-katkee-sisaansa-pelottavan-mysteerin\/\" title=\"Viel\u00e4 hetken ilmaiskatselussa: Avaruudesta pudonnut esine k\u00e4tkee sis\u00e4\u00e4ns\u00e4 pelottavan mysteerin\" class=\"underline-custom !font-montserrat !font-bold !underline-offset-4 !decoration-4 !decoration-episodi-blue !text-md\" rel=\"nofollow noopener\" target=\"_blank\">Viel\u00e4 hetken ilmaiskatselussa: Avaruudesta pudonnut esine k\u00e4tkee sis\u00e4\u00e4ns\u00e4 pelottavan mysteerin<\/a><\/p>\n<p>Lue my\u00f6s: <a href=\"https:\/\/www.episodi.fi\/uutiset\/nyt-suoratoistossa-rakkautta-ja-verenvuodatusta-ystavanpaiva-ei-ole-koskaan-ollut-nain-vaarallinen\/\" title=\"Nyt suoratoistossa: Rakkautta ja verenvuodatusta \u2013 Yst\u00e4v\u00e4np\u00e4iv\u00e4 ei ole koskaan ollut n\u00e4in vaarallinen!\" class=\"underline-custom !font-montserrat !font-bold !underline-offset-4 !decoration-4 !decoration-episodi-blue !text-md\" rel=\"nofollow noopener\" target=\"_blank\">Nyt suoratoistossa: Rakkautta ja verenvuodatusta \u2013 Yst\u00e4v\u00e4np\u00e4iv\u00e4 ei ole koskaan ollut n\u00e4in vaarallinen!<\/a><\/p>\n<p>Lue my\u00f6s: <a href=\"https:\/\/www.episodi.fi\/uutiskirje\/?uutiskirjemainos=tekstilinkkimainos\" title=\"Tilaa Episodin uutiskirje ja voit voittaa leffalippuja! Nappaa tv-vinkit suoraan s\u00e4hk\u00f6postiin t\u00e4st\u00e4.\" class=\"underline-custom !font-montserrat !font-bold !underline-offset-4 !decoration-4 !decoration-episodi-blue !text-md\" rel=\"nofollow noopener\" target=\"_blank\">Tilaa Episodin uutiskirje ja voit voittaa leffalippuja! Nappaa katseluvinkit suoraan s\u00e4hk\u00f6postiin t\u00e4st\u00e4.<\/a><\/p>\n","protected":false},"excerpt":{"rendered":"Kun meteori sy\u00f6ksyy pienen Merrillin kaupungin l\u00e4heisyyteen, edess\u00e4 on t\u00e4ysin ennalta-arvaamaton kaaos. Pian luonnossa nimitt\u00e4in vipelt\u00e4\u00e4 j\u00e4ttim\u00e4iseksi kasvavia&hellip;\n","protected":false},"author":2,"featured_media":119424,"comment_status":"","ping_status":"","sticky":false,"template":"","format":"standard","meta":{"footnotes":""},"categories":[130],"tags":[137,33,31,30,7228,9591,32,109],"class_list":{"0":"post-119423","1":"post","2":"type-post","3":"status-publish","4":"format-standard","5":"has-post-thumbnail","7":"category-viihde","8":"tag-entertainment","9":"tag-fi","10":"tag-finland","11":"tag-finnish","12":"tag-kulttielokuva","13":"tag-plex","14":"tag-suomi","15":"tag-viihde"},"share_on_mastodon":{"url":"https:\/\/pubeurope.com\/@fi\/115739040417345160","error":""},"_links":{"self":[{"href":"https:\/\/www.europesays.com\/fi\/wp-json\/wp\/v2\/posts\/119423","targetHints":{"allow":["GET"]}}],"collection":[{"href":"https:\/\/www.europesays.com\/fi\/wp-json\/wp\/v2\/posts"}],"about":[{"href":"https:\/\/www.europesays.com\/fi\/wp-json\/wp\/v2\/types\/post"}],"author":[{"embeddable":true,"href":"https:\/\/www.europesays.com\/fi\/wp-json\/wp\/v2\/users\/2"}],"replies":[{"embeddable":true,"href":"https:\/\/www.europesays.com\/fi\/wp-json\/wp\/v2\/comments?post=119423"}],"version-history":[{"count":0,"href":"https:\/\/www.europesays.com\/fi\/wp-json\/wp\/v2\/posts\/119423\/revisions"}],"wp:featuredmedia":[{"embeddable":true,"href":"https:\/\/www.europesays.com\/fi\/wp-json\/wp\/v2\/media\/119424"}],"wp:attachment":[{"href":"https:\/\/www.europesays.com\/fi\/wp-json\/wp\/v2\/media?parent=119423"}],"wp:term":[{"taxonomy":"category","embeddable":true,"href":"https:\/\/www.europesays.com\/fi\/wp-json\/wp\/v2\/categories?post=119423"},{"taxonomy":"post_tag","embeddable":true,"href":"https:\/\/www.europesays.com\/fi\/wp-json\/wp\/v2\/tags?post=119423"}],"curies":[{"name":"wp","href":"https:\/\/api.w.org\/{rel}","templated":true}]}}