{"id":119425,"date":"2025-12-18T06:00:10","date_gmt":"2025-12-18T06:00:10","guid":{"rendered":"https:\/\/www.europesays.com\/fi\/119425\/"},"modified":"2025-12-18T06:00:10","modified_gmt":"2025-12-18T06:00:10","slug":"oneplus-15r-on-nyt-julkaistu-virallisesti-165-hz-amoled-naytto-jattiakku-ja-huippuluokan-suojausluokitus","status":"publish","type":"post","link":"https:\/\/www.europesays.com\/fi\/119425\/","title":{"rendered":"OnePlus 15R on nyt julkaistu virallisesti: 165 Hz AMOLED-n\u00e4ytt\u00f6, j\u00e4ttiakku ja huippuluokan suojausluokitus"},"content":{"rendered":"<p>OnePlus on julkaissut uuden 15R-lippulaivapuhelimen, jossa yhdistyv\u00e4t Snapdragon 8 Gen 5 -mobiilialustan suorituskyky, poikkeuksellisen suuri akku ja korkean virkistystaajuuden AMOLED-n\u00e4ytt\u00f6.<\/p>\n<p>OnePlus 15R on ensimm\u00e4inen globaalisti saatavilla oleva \u00e4lypuhelin, joka hy\u00f6dynt\u00e4\u00e4 Qualcomm Snapdragon 8 Gen 5 -j\u00e4rjestelm\u00e4piiri\u00e4. Piirin kerrotaan tarjoavan merkitt\u00e4vi\u00e4 parannuksia suorituskykyyn: prosessoriteho kasvaa jopa 36 prosenttia, grafiikkasuorituskyky 11 prosenttia ja teko\u00e4lylaskentatehokin 46 prosenttia verrattuna edelliseen sukupolveen. Kokonaisuuden t\u00e4ydent\u00e4v\u00e4t 12 gigatavua LPDDR5X Ultra -keskusmuistia ja 256 tai 512 gigatavua UFS 4.1 -tallennustilaa.<\/p>\n<p>Puhelin erottuu my\u00f6s 7400 milliampeeritunnin pii-pohjaisella akulla, joka tukee 80 watin Supervooc-pikalatausta. OnePlussan mukaan akku s\u00e4ilytt\u00e4\u00e4 v\u00e4hint\u00e4\u00e4n 80 prosenttia kapasiteetistaan nelj\u00e4n vuoden k\u00e4yt\u00f6n j\u00e4lkeen.<\/p>\n<p><a href=\"https:\/\/muropaketti.com\/wp-content\/uploads\/2025\/12\/oneplus-15r-vihrea.jpg\" rel=\"nofollow noopener\" target=\"_blank\"><img fetchpriority=\"high\" decoding=\"async\" width=\"1024\" height=\"1024\" alt=\"\" class=\"wp-image-914682 awpo-lazy\"  data- src=\"https:\/\/www.europesays.com\/fi\/wp-content\/uploads\/2025\/12\/oneplus-15r-vihrea-1024x1024.jpg\"\/><\/a>Kuva: OnePlus<\/p>\n<p>N\u00e4yt\u00f6ss\u00e4 k\u00e4ytet\u00e4\u00e4n 6,83-tuumaista 1,5K-tarkkuuden LTPS AMOLED -paneelia, joka ylt\u00e4\u00e4 jopa 165 hertsin virkistystaajuuteen ja enint\u00e4\u00e4n 1800 nitin kirkkauteen.<\/p>\n<p>Kamerapuolella OnePlus 15R tarjoaa 50 megapikselin p\u00e4\u00e4kameran IMX906-kennolla, 8 megapikselin ultralaajakulmakameran sek\u00e4 32 megapikselin automaattitarkenteisen etukameran. Videokuvaus onnistuu 4K-tarkkuudella enint\u00e4\u00e4n 120 ruudun sekuntinopeudella.<\/p>\n<p>Puhelimen rakenteen kerrotaan olevan hyvin suojattu, ja puhelimella onkin IP66-, IP68-, IP69- ja IP69K-suojausluokitukset. Laite on saatavana hiilenmustana ja mintunvihre\u00e4n\u00e4 Velvet Glass -pinnalla. <\/p>\n<p>OnePlus 15R tulee valmistajan tiedotteen mukaan myyntiin Suomessa 15. tammikuuta. Hinnat ovat seuraavat: 699 euroa (12+256 Gt, vain musta) ja 799 euroa (12+512 Gt).<\/p>\n","protected":false},"excerpt":{"rendered":"OnePlus on julkaissut uuden 15R-lippulaivapuhelimen, jossa yhdistyv\u00e4t Snapdragon 8 Gen 5 -mobiilialustan suorituskyky, poikkeuksellisen suuri akku ja korkean&hellip;\n","protected":false},"author":2,"featured_media":119426,"comment_status":"","ping_status":"","sticky":false,"template":"","format":"standard","meta":{"footnotes":""},"categories":[84],"tags":[33,31,30,15224,844,32,91,92],"class_list":{"0":"post-119425","1":"post","2":"type-post","3":"status-publish","4":"format-standard","5":"has-post-thumbnail","7":"category-teknologia","8":"tag-fi","9":"tag-finland","10":"tag-finnish","11":"tag-lippulaivapuhelimet","12":"tag-oneplus","13":"tag-suomi","14":"tag-technology","15":"tag-teknologia"},"share_on_mastodon":{"url":"https:\/\/pubeurope.com\/@fi\/115739048469712474","error":""},"_links":{"self":[{"href":"https:\/\/www.europesays.com\/fi\/wp-json\/wp\/v2\/posts\/119425","targetHints":{"allow":["GET"]}}],"collection":[{"href":"https:\/\/www.europesays.com\/fi\/wp-json\/wp\/v2\/posts"}],"about":[{"href":"https:\/\/www.europesays.com\/fi\/wp-json\/wp\/v2\/types\/post"}],"author":[{"embeddable":true,"href":"https:\/\/www.europesays.com\/fi\/wp-json\/wp\/v2\/users\/2"}],"replies":[{"embeddable":true,"href":"https:\/\/www.europesays.com\/fi\/wp-json\/wp\/v2\/comments?post=119425"}],"version-history":[{"count":0,"href":"https:\/\/www.europesays.com\/fi\/wp-json\/wp\/v2\/posts\/119425\/revisions"}],"wp:featuredmedia":[{"embeddable":true,"href":"https:\/\/www.europesays.com\/fi\/wp-json\/wp\/v2\/media\/119426"}],"wp:attachment":[{"href":"https:\/\/www.europesays.com\/fi\/wp-json\/wp\/v2\/media?parent=119425"}],"wp:term":[{"taxonomy":"category","embeddable":true,"href":"https:\/\/www.europesays.com\/fi\/wp-json\/wp\/v2\/categories?post=119425"},{"taxonomy":"post_tag","embeddable":true,"href":"https:\/\/www.europesays.com\/fi\/wp-json\/wp\/v2\/tags?post=119425"}],"curies":[{"name":"wp","href":"https:\/\/api.w.org\/{rel}","templated":true}]}}