{"id":119429,"date":"2025-12-18T06:02:09","date_gmt":"2025-12-18T06:02:09","guid":{"rendered":"https:\/\/www.europesays.com\/fi\/119429\/"},"modified":"2025-12-18T06:02:09","modified_gmt":"2025-12-18T06:02:09","slug":"putin-sanoo-etta-venaja-saavuttaa-varmasti-tavoitteensa-ukrainassa-uutissuomalainen","status":"publish","type":"post","link":"https:\/\/www.europesays.com\/fi\/119429\/","title":{"rendered":"Putin sanoo, ett\u00e4 Ven\u00e4j\u00e4 saavuttaa varmasti tavoitteensa Ukrainassa | Uutissuomalainen"},"content":{"rendered":"<p>Ukrainan presidentin Volodymyr Zelenskyi arvioi keskiviikkona jokailtaisessa puheessaan, ett\u00e4 Ven\u00e4j\u00e4 valmistautuu jatkamaan hy\u00f6kk\u00e4yssotaansa Ukrainassa my\u00f6s ensi vuonna. <\/p>\n<p>Aiemmin keskiviikkona Ven\u00e4j\u00e4n presidentti Vladimir Putin sanoi olevansa varma, ett\u00e4 Ven\u00e4j\u00e4 saavuttaa tavoitteensa ja saa vallattua haluamansa alueet Ukrainalta sotilaallisin keinoin.<\/p>\n<p>\u2013\u2009Erikoisoperaation tavoitteet saavutetaan varmasti, Putin sanoi tapaamisessa maansa puolustusministeri\u00f6n virkamiesten kanssa keskiviikkona uutistoimisto AFP:n mukaan.<\/p>\n<p>Putinista olisi parempi, jos tavoitteet voitaisiin saavuttaa ja &#8221;konfliktin juurisyyt&#8221; ratkaista diplomaattisesti. Putinin mukaan Ven\u00e4j\u00e4 ottaa sotilaallisesti haltuunsa alueet, jotka maa sanoo liitt\u00e4neens\u00e4 itseens\u00e4, jos Ukraina ja sen tukijat kielt\u00e4ytyv\u00e4t osallistumasta &#8221;todellisiin&#8221; keskusteluihin.<\/p>\n<p>Ven\u00e4j\u00e4 on vaatinut itselleen Donetskin, Luhanskin, Zaporizhzhjan ja Hersonin maakuntia, jotka se on osittain miehitt\u00e4nyt.<\/p>\n<p>Putin on usein puhunut &#8221;erikoisoperaatioon&#8221; Ukrainassa johtaneista &#8221;juurisyist\u00e4&#8221;, kuten vaatimuksestaan, ettei Ukraina saa liitty\u00e4 sotilasliitto Natoon. Putin on my\u00f6s v\u00e4itt\u00e4nyt, ett\u00e4 ven\u00e4j\u00e4nkielisi\u00e4 sorretaan Ukrainassa.<\/p>\n<p>Kremlin tiedottaja Dmitri Peskov sanoi aiemmin keskiviikkona Ven\u00e4j\u00e4n odottavan Yhdysvalloilta tietoja Berliinin neuvottelujen tuloksista. Eurooppalaisjohtajia ja Yhdysvaltain edustajia oli sunnuntaina ja maanantaina koolla Berliiniss\u00e4 keskustelemassa rauhasta Ukrainaan.<\/p>\n<p>\t\t\t\tZelenskyin mukaan neuvottelut edistyneet<\/p>\n<p>Zelenskyin mukaan l\u00e4nness\u00e4 neuvottelut Ukrainan turvatakuista ovat viime aikoina edistyneet. Zelenskyi kertoi maanantaina, ett\u00e4 Ukrainan alueluovutuksiin liittyv\u00e4t kysymykset ovat rauhanneuvotteluissa edelleen kipeit\u00e4. H\u00e4nen mukaansa Yhdysvalloilla ja Ukrainalla on niist\u00e4 osin eri k\u00e4sitykset. H\u00e4n kuitenkin sanoi uskovansa, ett\u00e4 Yhdysvaltojen avulla rauhansopimus voidaan saada aikaan.<\/p>\n<p>Yhdysvaltain rauhanneuvottelijat haluavat edelleen Ukrainan luovuttavan Donbasin alueen Ven\u00e4j\u00e4lle ehtona rauhasta. Asiasta kertoi uutistoimisto AFP:lle neuvotteluista perill\u00e4 oleva virkahenkil\u00f6 maanantaina.<\/p>\n<p>Joukko Euroopan johtajia julkaisi maanantaina julkilausuman, jonka mukaan Yhdysvaltojen ja Euroopan johtajat sitoutuivat tekem\u00e4\u00e4n yhteisty\u00f6t\u00e4 tarjotakseen Ukrainalle vahvat turvallisuustakuut.<\/p>\n<p>Julkilausumassa mukana oleva presidentti Alexander Stubb sanoi maanantaina, ett\u00e4 rauha Ukrainassa on l\u00e4hemp\u00e4n\u00e4 kuin aiemmin.<\/p>\n","protected":false},"excerpt":{"rendered":"Ukrainan presidentin Volodymyr Zelenskyi arvioi keskiviikkona jokailtaisessa puheessaan, ett\u00e4 Ven\u00e4j\u00e4 valmistautuu jatkamaan hy\u00f6kk\u00e4yssotaansa Ukrainassa my\u00f6s ensi vuonna. Aiemmin&hellip;\n","protected":false},"author":2,"featured_media":119430,"comment_status":"","ping_status":"","sticky":false,"template":"","format":"standard","meta":{"footnotes":""},"categories":[14],"tags":[22,23,2267,26,27,33,31,30,17,24,25,28,29,2579,15,18,21,142,637,144,32,19,20,21377,56,16,2257,59,60,61],"class_list":{"0":"post-119429","1":"post","2":"type-post","3":"status-publish","4":"format-standard","5":"has-post-thumbnail","7":"category-ulkomaat","8":"tag-breaking-news","9":"tag-breakingnews","10":"tag-eurooppa","11":"tag-featured-news","12":"tag-featurednews","13":"tag-fi","14":"tag-finland","15":"tag-finnish","16":"tag-headlines","17":"tag-latest-news","18":"tag-latestnews","19":"tag-main-news","20":"tag-mainnews","21":"tag-nato","22":"tag-news","23":"tag-otsikot","24":"tag-paauutiset","25":"tag-poliitikot","26":"tag-politiikka","27":"tag-presidentti","28":"tag-suomi","29":"tag-top-stories","30":"tag-topstories","31":"tag-ukrainan-kriisi","32":"tag-ulkomaat","33":"tag-uutiset","34":"tag-vladimir-putin","35":"tag-world","36":"tag-world-news","37":"tag-worldnews"},"share_on_mastodon":{"url":"https:\/\/pubeurope.com\/@fi\/115739056315023734","error":""},"_links":{"self":[{"href":"https:\/\/www.europesays.com\/fi\/wp-json\/wp\/v2\/posts\/119429","targetHints":{"allow":["GET"]}}],"collection":[{"href":"https:\/\/www.europesays.com\/fi\/wp-json\/wp\/v2\/posts"}],"about":[{"href":"https:\/\/www.europesays.com\/fi\/wp-json\/wp\/v2\/types\/post"}],"author":[{"embeddable":true,"href":"https:\/\/www.europesays.com\/fi\/wp-json\/wp\/v2\/users\/2"}],"replies":[{"embeddable":true,"href":"https:\/\/www.europesays.com\/fi\/wp-json\/wp\/v2\/comments?post=119429"}],"version-history":[{"count":0,"href":"https:\/\/www.europesays.com\/fi\/wp-json\/wp\/v2\/posts\/119429\/revisions"}],"wp:featuredmedia":[{"embeddable":true,"href":"https:\/\/www.europesays.com\/fi\/wp-json\/wp\/v2\/media\/119430"}],"wp:attachment":[{"href":"https:\/\/www.europesays.com\/fi\/wp-json\/wp\/v2\/media?parent=119429"}],"wp:term":[{"taxonomy":"category","embeddable":true,"href":"https:\/\/www.europesays.com\/fi\/wp-json\/wp\/v2\/categories?post=119429"},{"taxonomy":"post_tag","embeddable":true,"href":"https:\/\/www.europesays.com\/fi\/wp-json\/wp\/v2\/tags?post=119429"}],"curies":[{"name":"wp","href":"https:\/\/api.w.org\/{rel}","templated":true}]}}