{"id":119437,"date":"2025-12-18T06:23:18","date_gmt":"2025-12-18T06:23:18","guid":{"rendered":"https:\/\/www.europesays.com\/fi\/119437\/"},"modified":"2025-12-18T06:23:18","modified_gmt":"2025-12-18T06:23:18","slug":"venalaishiihtaja-paasi-vihdoin-maailmancupiin-puoliso-kertoo-nyt-miten-reissu-meni","status":"publish","type":"post","link":"https:\/\/www.europesays.com\/fi\/119437\/","title":{"rendered":"Ven\u00e4l\u00e4ishiiht\u00e4j\u00e4 p\u00e4\u00e4si vihdoin maailmancupiin \u2013 Puoliso kertoo nyt, miten reissu meni"},"content":{"rendered":"<p>Ven\u00e4j\u00e4n Darja Neprjajeva hiihti viime viikonloppuna Davosissa.<\/p>\n<p><img decoding=\"async\" class=\"image image-show image-preview\" src=\"https:\/\/www.europesays.com\/fi\/wp-content\/uploads\/2025\/12\/5651133f0ac8e71e07723512b146fdfaf50452f0528b268d56fdf4bb5b249b90.jpg\" alt=\"\"\/><img decoding=\"async\" class=\"image image-show\" src=\"https:\/\/www.europesays.com\/fi\/wp-content\/uploads\/2025\/12\/1766038996_964_5651133f0ac8e71e07723512b146fdfaf50452f0528b268d56fdf4bb5b249b90.jpg\" alt=\"\"\/><\/p>\n<p>Darja Neprjajeva kisasi viime viikonloppuna ensimm\u00e4ist\u00e4 kertaa urallaan maailmancupissa. EPA \/ AOP<\/p>\n<p class=\"paragraph\">Neutraalin urheilijan statuksen saaneet <strong>Darja Neprjajeva<\/strong> ja <strong>Saveli Korosteljov<\/strong> p\u00e4\u00e4siv\u00e4t viime viikonloppuna ensimm\u00e4ist\u00e4 kertaa mukaan maailmancupiin Davosissa.<\/p>\n<p class=\"paragraph\">Valtavaa menestyst\u00e4 ei tullut: Neprjajeva oli parhaimmillaan 20:s ja Korosteljov 25:s.<\/p>\n<p class=\"paragraph\">\u2013 Juttelin \u201dDashan\u201d kanssa puhelimessa. H\u00e4nell\u00e4 oli ymm\u00e4rrett\u00e4v\u00e4sti tunteet pinnassa, Neprjajevan miesyst\u00e4v\u00e4 <strong>Sergei Volkov<\/strong> paljasti ven\u00e4l\u00e4iselle <a href=\"https:\/\/www.sport-express.ru\/skiing\/reviews\/sergey-volkov-intervyu-rossiyskogo-lyzhnika-o-serebre-v-sprinte-na-etape-kubka-rossii-v-chusovom-i-zayavke-na-neytralnyy-status-2383378\/\" target=\"_blank\" rel=\"noopener nofollow\">Sport-Express-lehdelle<\/a>.<\/p>\n<p class=\"paragraph\">Tunteet olivat kuitenkin positiivisia.<\/p>\n<p class=\"paragraph\">\u2013 Rakastan sit\u00e4, ett\u00e4 n\u00e4en tytt\u00f6yst\u00e4v\u00e4ni hymyilem\u00e4ss\u00e4 iloisena.<\/p>\n<p class=\"paragraph\">Volkovin mukaan olosuhteet Davosissa olivat erinomaiset, mutta rata oli rankka. P\u00e4\u00e4lle tuli viel\u00e4 ylim\u00e4\u00e4r\u00e4inen rasitus matkustuksesta, mutta silti nainen oli iloinen.<\/p>\n<p class=\"paragraph\">\u2013 \u201dDasha\u201d suorastaan hehkui iloa, mik\u00e4 antoi minullekin energiaa.<\/p>\n<p class=\"paragraph\">Kaikki meni paremmin kuin Volkov uskalsi edes odottaa.<\/p>\n<p class=\"paragraph\">\u2013 Se ei ole mik\u00e4\u00e4n salaisuus, ett\u00e4 olin enemm\u00e4n huolissani h\u00e4nest\u00e4 kuin itsest\u00e4ni, koska kyse oli h\u00e4nen debyytist\u00e4\u00e4n maailmancupissa.<\/p>\n<p class=\"paragraph\">Volkov toivoo, ett\u00e4 h\u00e4nkin saa pian neutraalin urheilijan statuksen, jotta mies p\u00e4\u00e4sisi itsekin kisaamaan kansainv\u00e4lisill\u00e4 kentill\u00e4. H\u00e4n on jo j\u00e4tt\u00e4nyt hakemuksen.<\/p>\n<p class=\"paragraph\">\u2013 Rehellisesti sanottuna he ovat varmaan jo v\u00e4syneit\u00e4 minuun, koska olen t\u00e4ytt\u00e4nyt heid\u00e4n postilaatikkonsa. Eilen kirjoitin taas uuden s\u00e4hk\u00f6postin, johon he vastasivat, ett\u00e4 hakemusten k\u00e4sittely kest\u00e4\u00e4 30 p\u00e4iv\u00e4\u00e4.<\/p>\n<p class=\"paragraph\">Volkovin ei siis auta kuin odottaa.<\/p>\n<p class=\"paragraph\">\u2013 He sanoivat, ett\u00e4 urheilulajeja on monia, ja he yritt\u00e4v\u00e4t ottaa huomioon kaikki, my\u00f6s valkoven\u00e4l\u00e4iset, jotta kaikkien lajien urheilijat p\u00e4\u00e4sisiv\u00e4t kisoihin.<\/p>\n<p class=\"paragraph\">Volkov toivoo, ett\u00e4 h\u00e4n p\u00e4\u00e4see mukaan jo Tour de Skille, joka starttaa 28.12.<\/p>\n<p><a href=\"https:\/\/www.iltalehti.fi\/telkku\/?utm_source=iltalehti.fi&amp;utm_medium=almainternal&amp;utm_campaign=urheilu_artikkelibanneri&amp;utm_content=banner_612_a\" rel=\"nofollow noopener\" target=\"_blank\"><img decoding=\"async\" src=\"https:\/\/www.europesays.com\/fi\/wp-content\/uploads\/2025\/08\/7ef604e47d46ca174b7df4149bd3557dbde56a86d520f8e1b2125548b0a2e03a.png\" alt=\"TV-ohjelmat t\u00e4n\u00e4\u00e4n, TV-opas\"\/><\/a><\/p>\n","protected":false},"excerpt":{"rendered":"Ven\u00e4j\u00e4n Darja Neprjajeva hiihti viime viikonloppuna Davosissa. Darja Neprjajeva kisasi viime viikonloppuna ensimm\u00e4ist\u00e4 kertaa urallaan maailmancupissa. EPA \/&hellip;\n","protected":false},"author":2,"featured_media":119438,"comment_status":"","ping_status":"","sticky":false,"template":"","format":"standard","meta":{"footnotes":""},"categories":[158],"tags":[35,2110,33,31,30,41,923,103,159,32,1145,160],"class_list":{"0":"post-119437","1":"post","2":"type-post","3":"status-publish","4":"format-standard","5":"has-post-thumbnail","7":"category-urheilu","8":"tag-24h","9":"tag-elamantapa-ja-vapaa-aika","10":"tag-fi","11":"tag-finland","12":"tag-finnish","13":"tag-liikunta-ja-urheilu","14":"tag-matkustaminen","15":"tag-sosiaalikysymykset","16":"tag-sports","17":"tag-suomi","18":"tag-talviurheilu","19":"tag-urheilu"},"share_on_mastodon":{"url":"https:\/\/pubeurope.com\/@fi\/115739139020351686","error":""},"_links":{"self":[{"href":"https:\/\/www.europesays.com\/fi\/wp-json\/wp\/v2\/posts\/119437","targetHints":{"allow":["GET"]}}],"collection":[{"href":"https:\/\/www.europesays.com\/fi\/wp-json\/wp\/v2\/posts"}],"about":[{"href":"https:\/\/www.europesays.com\/fi\/wp-json\/wp\/v2\/types\/post"}],"author":[{"embeddable":true,"href":"https:\/\/www.europesays.com\/fi\/wp-json\/wp\/v2\/users\/2"}],"replies":[{"embeddable":true,"href":"https:\/\/www.europesays.com\/fi\/wp-json\/wp\/v2\/comments?post=119437"}],"version-history":[{"count":0,"href":"https:\/\/www.europesays.com\/fi\/wp-json\/wp\/v2\/posts\/119437\/revisions"}],"wp:featuredmedia":[{"embeddable":true,"href":"https:\/\/www.europesays.com\/fi\/wp-json\/wp\/v2\/media\/119438"}],"wp:attachment":[{"href":"https:\/\/www.europesays.com\/fi\/wp-json\/wp\/v2\/media?parent=119437"}],"wp:term":[{"taxonomy":"category","embeddable":true,"href":"https:\/\/www.europesays.com\/fi\/wp-json\/wp\/v2\/categories?post=119437"},{"taxonomy":"post_tag","embeddable":true,"href":"https:\/\/www.europesays.com\/fi\/wp-json\/wp\/v2\/tags?post=119437"}],"curies":[{"name":"wp","href":"https:\/\/api.w.org\/{rel}","templated":true}]}}