{"id":119450,"date":"2025-12-18T06:45:09","date_gmt":"2025-12-18T06:45:09","guid":{"rendered":"https:\/\/www.europesays.com\/fi\/119450\/"},"modified":"2025-12-18T06:45:09","modified_gmt":"2025-12-18T06:45:09","slug":"amazing-race-suomi-saantorikkomus-johtaa-yhden-parin-rankaisemiseen","status":"publish","type":"post","link":"https:\/\/www.europesays.com\/fi\/119450\/","title":{"rendered":"Amazing Race Suomi: S\u00e4\u00e4nt\u00f6rikkomus johtaa yhden parin rankaisemiseen"},"content":{"rendered":"<p>\n            Mia &#8221;Millu&#8221; Haataja ja Karoliina Tuominen joutuvat useaan piinalliseen tilanteeseen 6. jaksossa.<br \/>\n            Sanoma\n        <\/p>\n<p class=\"subtitle \">Mokailu Amazing Race Suomessa vaikeuttaa useiden parien etenemist\u00e4 kisassa.<\/p>\n<p class=\"article-content article-content-width !bg-background\">Useampikin Amazing Race Suomi -kisan pari joutuu sarjan kuudennessa jaksossa pulaan oman huolimattomuutensa ja turhan mokailun takia. Jakso esitet\u00e4\u00e4n Nelosella lauantaina 20.12.<\/p>\n<p class=\"font-weight-bold m-font-weight-bold article-content article-content-width !bg-background\">Video: Kisaajat paljastavat, mit\u00e4 ilman ei voi reissata.<\/p>\n<p class=\"font-weight-bold m-font-weight-bold article-content article-content-width !bg-background\">Juttu sis\u00e4lt\u00e4\u00e4 paljastuksia 6. jaksosta!<\/p>\n<p class=\"article-content article-content-width !bg-background\">Kuudes etappi alkaa Sri Lankan Kandysta, josta seitsem\u00e4n tiimi\u00e4 matkaa Colomboon. Siell\u00e4 ensimm\u00e4isen\u00e4 kohteena ovat kalamarkkinat, joissa pit\u00e4\u00e4 joko kantaa suuria j\u00e4\u00e4t\u00e4kuutioita tai laskea kylm\u00e4laatikossa olevien kalojen m\u00e4\u00e4r\u00e4.<\/p>\n<p class=\"article-content article-content-width !bg-background\">\u2013\u00a0Valittiin teht\u00e4v\u00e4 sen perusteella, ett\u00e4 miss\u00e4 ei ole matematiikkaa, tai mit\u00e4\u00e4n palapeli\u00e4 tai mit\u00e4\u00e4n miss\u00e4 tarttee k\u00e4ytt\u00e4\u00e4 aivoja,\u00a0Sara Sieppi\u00a0kertoo syyksi j\u00e4\u00e4palateht\u00e4v\u00e4n valintaan.<\/p>\n<p class=\"article-content article-content-width !bg-background\">\u2013\u00a0T\u00e4\u00e4ll\u00e4h\u00e4n on kovemmat markkinat kuin Tornion suurmarkkinat. Kyll\u00e4 t\u00e4\u00e4ll\u00e4 populaa riitt\u00e4\u00e4, veli  havainnoi.<\/p>\n<p class=\"article-content article-content-width !bg-background\">Sisarukset kantavat nopeasti kumpikin yhden j\u00e4\u00e4kuution oikeaan paikkaan. Siell\u00e4 kuitenkin paljastuu ik\u00e4v\u00e4 yll\u00e4tys: parien on tarkoitus kantaa kuutiot yhdess\u00e4, ei erikseen. Pari korjaa nopeasti suorituksensa vaaditun mukaiseksi.<\/p>\n<p>                <img loading=\"lazy\" decoding=\"async\" src=\"https:\/\/www.europesays.com\/fi\/wp-content\/uploads\/2025\/12\/2025124.webp\" width=\"576\" height=\"322\" title=\"Artturi ja Sara Sieppi tekev\u00e4t virheen j\u00e4\u00e4teht\u00e4v\u00e4ss\u00e4, mutta onnistuvat paikkaamaan sen nopeasti.\" alt=\"Artturi ja Sara Sieppi kantavat isoa j\u00e4\u00e4palaa ihmisten keskell\u00e4.\" \/>            <\/p>\n<p>\n            Artturi ja Sara Sieppi tekev\u00e4t virheen j\u00e4\u00e4teht\u00e4v\u00e4ss\u00e4, mutta onnistuvat paikkaamaan sen nopeasti.<br \/>\n            Sanoma\n        <\/p>\n<p>        <a itemprop=\"url\" href=\"https:\/\/www.seiska.fi\/katso\/amazing-race-kilpailijoilta-paljastuksia-kulissien-takaa-paljonpuhuva-kuva\/2022519\" rel=\"nofollow noopener\" target=\"_blank\"><\/p>\n<p>\nT\u00e4t\u00e4 et n\u00e4hnyt tv:ss\u00e4!\n<\/p>\n<p class=\"section-date\">\n        <strong class=\"article-section\" data-section=\"katso\"><br \/>\n            katso<br \/>\n        <\/strong><br \/>\n        17.12. 11:15\n    <\/p>\n<p>Amazing Race -kilpailijoilta paljastuksia kulissien takaa: Paljonpuhuva kuva\n    <\/p>\n<p itemprop=\"description\" class=\"subtitle \">\n    Tuomas Peltom\u00e4ki tunnustaa p\u00e4\u00e4hinevarkauden ja Karoliina Tuominen poseeraa toplessina.\n<\/p>\n<p>        <\/a><\/p>\n<p class=\"article-content article-content-width !bg-background\"> ja  sek\u00e4  ja  tekev\u00e4t saman mokan. Sini ja Tuomas korjaavat virheens\u00e4 heti, mutta Karoliina ja Millu eiv\u00e4t tajua mokaa viel\u00e4 teht\u00e4v\u00e4\u00e4 suorittaessaan.<\/p>\n<p>Aikasakko uhkaa sijoitusta<\/p>\n<p class=\"article-content article-content-width !bg-background\">Asia selvi\u00e4\u00e4 heille vasta jakson lopussa, kun he saapuvat matolle juontaja  eteen. Vakavailmeinen Heikki paljastaa Karoliinalle ja Millulle, ett\u00e4 he ovat tehneet s\u00e4\u00e4nt\u00f6rikkomuksen, josta seuraa rangaistus.<\/p>\n<p class=\"article-content article-content-width !bg-background\">\u2013\u00a0Mulla on teille inhottava uutinen. Te olette sijalla viisi t\u00e4ll\u00e4 hetkell\u00e4, mutta te olette rikkoneet s\u00e4\u00e4nt\u00f6j\u00e4 j\u00e4\u00e4teht\u00e4v\u00e4ss\u00e4. Joten te saatte 15 minuutin aikasakon.<\/p>\n<p class=\"article-content article-content-width !bg-background\">\u2013\u00a0V\u00e4h\u00e4n jopa alko \u00e4rsytt\u00e4m\u00e4\u00e4n, koska meid\u00e4n mielest\u00e4 me hoidettiin se\u2026 Me luettiin tosi tarkasti mit\u00e4 ohjeissa lukee. Yhdess\u00e4 me kannettiin, mutta siin\u00e4 ei ollut mit\u00e4\u00e4n puhetta siit\u00e4, ett\u00e4 miten se jakautuu, Karoliina ihmettelee tuotannon p\u00e4\u00e4t\u00f6st\u00e4.<\/p>\n<p>                <img loading=\"lazy\" decoding=\"async\" src=\"https:\/\/www.europesays.com\/fi\/wp-content\/uploads\/2025\/12\/2025092.webp\" width=\"576\" height=\"322\" title=\"Juontaja Heikki Paasonen j\u00e4rkytt\u00e4\u00e4 Millu Haatajaa ja Karoliina Tuomista antamalla n\u00e4ille rangaistuksen s\u00e4\u00e4nt\u00f6rikkomuksesta.\" alt=\"Heikki Paasonen puhuu k\u00e4si ojossa rannalla. Millu Haataja ja Karoliina Tuominen kuuntelevat.\" \/>            <\/p>\n<p>\n            Juontaja Heikki Paasonen j\u00e4rkytt\u00e4\u00e4 Millu Haatajaa ja Karoliina Tuomista antamalla n\u00e4ille rangaistuksen s\u00e4\u00e4nt\u00f6rikkomuksesta.<br \/>\n            Sanoma\n        <\/p>\n<p>        <a itemprop=\"url\" href=\"https:\/\/www.seiska.fi\/katso\/amazing-racen-tuotannolta-suora-ulostulo-erikoisesta-kaanteesta\/2022279\" rel=\"nofollow noopener\" target=\"_blank\"><\/p>\n<p>\nAmazing Race Suomen tuotanto:\n<\/p>\n<p class=\"section-date\">\n        <strong class=\"article-section\" data-section=\"katso\"><br \/>\n            katso<br \/>\n        <\/strong><br \/>\n        16.12. 06:15\n    <\/p>\n<p>Amazing Racen tuotannolta suora ulostulo erikoisesta k\u00e4\u00e4nteest\u00e4\n    <\/p>\n<p itemprop=\"description\" class=\"subtitle \">\n    Amazing Race Suomen viimeisimm\u00e4ss\u00e4 jaksossa n\u00e4htiin yll\u00e4tt\u00e4v\u00e4 k\u00e4\u00e4nne, kun etapin p\u00e4\u00e4tepisteelle viimeisen\u00e4 saapuneet Mari Hynynen ja Joel Volanen eiv\u00e4t pudonneetkaan kisasta. Matkansa joutuivat p\u00e4\u00e4tt\u00e4m\u00e4\u00e4n Nina Tapio ja Elsa Forsberg.\n<\/p>\n<p>        <\/a><\/p>\n<p class=\"article-content article-content-width !bg-background\">Kaksikko joutuu j\u00e4nnitt\u00e4m\u00e4\u00e4n piinallisen vartin ajan n\u00e4hd\u00e4kseen, menev\u00e4tk\u00f6 viimeiset kaksi paria heist\u00e4 ohi etapin p\u00e4\u00e4tepisteell\u00e4. Lopulta naiset voivat huokaista helpotuksesta.<\/p>\n<p class=\"article-content article-content-width !bg-background\">Heikki pudottaa kuitenkin heti uuden pommin. P\u00e4iv\u00e4n kisa ei p\u00e4\u00e4tyk\u00e4\u00e4n viel\u00e4 t\u00e4h\u00e4n, sill\u00e4 kyseess\u00e4 on superetappi.Uudet teht\u00e4v\u00e4t odottavat heit\u00e4 v\u00e4litt\u00f6m\u00e4sti.<\/p>\n<p class=\"italic m-italic article-content article-content-width !bg-background\">Amazing Race Suomi -kisan kuudes jakso Nelosella lauantaina 20.12. kello 19.30. Jakso on etuk\u00e4teen katsottavissa maksullisessa Ruutu+:ssa. Ilmaiseksi jakso on katsottavissa Ruudussa 20.12. kello 6.00 alkaen.<\/p>\n<p>        <a itemprop=\"url\" href=\"https:\/\/www.seiska.fi\/katso\/maria-guzeninan-kaytos-ihmetyttaa-amazing-racessa\/2019166\" rel=\"nofollow noopener\" target=\"_blank\"><\/p>\n<p>\nAmazing Race Suomi\n<\/p>\n<p class=\"section-date\">\n        <strong class=\"article-section\" data-section=\"katso\"><br \/>\n            katso<br \/>\n        <\/strong><br \/>\n        13.12. 06:15\n    <\/p>\n<p>Maria Guzeninan k\u00e4yt\u00f6s ihmetytt\u00e4\u00e4 Amazing Racessa\n    <\/p>\n<p itemprop=\"description\" class=\"subtitle \">\n    Joidenkin kilpailijoiden v\u00e4lill\u00e4 on aistittavissa j\u00e4nnitteit\u00e4 Amazing Race Suomessa.\n<\/p>\n<p>        <\/a><\/p>\n<p>        <a itemprop=\"url\" href=\"https:\/\/www.seiska.fi\/katso\/ulostekohu-amazing-racessa-nyt-kommentoi-tuotanto\/2018374\" rel=\"nofollow noopener\" target=\"_blank\"><\/p>\n<p>\nUlostekohu Amazing Racessa\n<\/p>\n<p class=\"section-date\">\n        <strong class=\"article-section\" data-section=\"katso\"><br \/>\n            katso<br \/>\n        <\/strong><br \/>\n        12.12. 05:15\n    <\/p>\n<p>Ulostekohu Amazing Racessa \u2013 nyt kommentoi tuotanto\n    <\/p>\n<p itemprop=\"description\" class=\"subtitle \">\n    Amazing Race Suomi -ohjelman vastaava tuottaja Petra Martikainen kommentoi asiaa Katsolle.\n<\/p>\n<p>        <\/a><\/p>\n","protected":false},"excerpt":{"rendered":"Mia &#8221;Millu&#8221; Haataja ja Karoliina Tuominen joutuvat useaan piinalliseen tilanteeseen 6. jaksossa. Sanoma Mokailu Amazing Race Suomessa vaikeuttaa&hellip;\n","protected":false},"author":2,"featured_media":119451,"comment_status":"","ping_status":"","sticky":false,"template":"","format":"standard","meta":{"footnotes":""},"categories":[133],"tags":[3177,16073,137,16092,33,31,30,3565,16090,16089,8473,16085,1758,2158,21600,3423,16082,19893,32,206,16080,16079,156,109],"class_list":{"0":"post-119450","1":"post","2":"type-post","3":"status-publish","4":"format-standard","5":"has-post-thumbnail","7":"category-televisiot","8":"tag-amazing-race-suomi","9":"tag-artturi-sieppi","10":"tag-entertainment","11":"tag-esko-rotola-pukkila","12":"tag-fi","13":"tag-finland","14":"tag-finnish","15":"tag-heikki-paasonen","16":"tag-joel-volanen","17":"tag-karoliina-tuominen","18":"tag-mari-hynynen","19":"tag-millu-haataja","20":"tag-nelonen","21":"tag-ruutu","22":"tag-saantorikkomus","23":"tag-sara-sieppi","24":"tag-sini-peltomaki","25":"tag-sri-lanka","26":"tag-suomi","27":"tag-televisiot","28":"tag-tomas-grekov","29":"tag-tuomas-peltomaki","30":"tag-tv","31":"tag-viihde"},"share_on_mastodon":{"url":"https:\/\/pubeurope.com\/@fi\/115739225334006915","error":""},"_links":{"self":[{"href":"https:\/\/www.europesays.com\/fi\/wp-json\/wp\/v2\/posts\/119450","targetHints":{"allow":["GET"]}}],"collection":[{"href":"https:\/\/www.europesays.com\/fi\/wp-json\/wp\/v2\/posts"}],"about":[{"href":"https:\/\/www.europesays.com\/fi\/wp-json\/wp\/v2\/types\/post"}],"author":[{"embeddable":true,"href":"https:\/\/www.europesays.com\/fi\/wp-json\/wp\/v2\/users\/2"}],"replies":[{"embeddable":true,"href":"https:\/\/www.europesays.com\/fi\/wp-json\/wp\/v2\/comments?post=119450"}],"version-history":[{"count":0,"href":"https:\/\/www.europesays.com\/fi\/wp-json\/wp\/v2\/posts\/119450\/revisions"}],"wp:featuredmedia":[{"embeddable":true,"href":"https:\/\/www.europesays.com\/fi\/wp-json\/wp\/v2\/media\/119451"}],"wp:attachment":[{"href":"https:\/\/www.europesays.com\/fi\/wp-json\/wp\/v2\/media?parent=119450"}],"wp:term":[{"taxonomy":"category","embeddable":true,"href":"https:\/\/www.europesays.com\/fi\/wp-json\/wp\/v2\/categories?post=119450"},{"taxonomy":"post_tag","embeddable":true,"href":"https:\/\/www.europesays.com\/fi\/wp-json\/wp\/v2\/tags?post=119450"}],"curies":[{"name":"wp","href":"https:\/\/api.w.org\/{rel}","templated":true}]}}