{"id":119536,"date":"2025-12-18T08:43:07","date_gmt":"2025-12-18T08:43:07","guid":{"rendered":"https:\/\/www.europesays.com\/fi\/119536\/"},"modified":"2025-12-18T08:43:07","modified_gmt":"2025-12-18T08:43:07","slug":"hs-ano-turtiainen-voi-joutua-venajan-armeijaan","status":"publish","type":"post","link":"https:\/\/www.europesays.com\/fi\/119536\/","title":{"rendered":"HS: Ano Turtiainen voi joutua Ven\u00e4j\u00e4n armeijaan"},"content":{"rendered":"<p>Taustalla on Putinin uusi asetus.<\/p>\n<p class=\"article-body mb-nof-24 px-nof-16\">Moskovaan muuttanut entinen kansanedustaja<a class=\"article-personlink\" href=\"https:\/\/www.is.fi\/haku\/?query=%20Ano%20Turtiainen\" rel=\"nofollow noopener\" target=\"_blank\"> Ano Turtiainen <\/a>saattaa joutua Ven\u00e4j\u00e4n armeijaan, mik\u00e4 tarkoittaisi varmaa joutumista Ukrainan rintamalle, <a class=\"article-genericlink\" href=\"https:\/\/www.hs.fi\/kirjeenvaihtajat\/art-2000011692877.html\" rel=\"nofollow noopener\" target=\"_blank\">kertoo Helsingin Sanomat<\/a>.<\/p>\n<p class=\"article-body mb-nof-24 px-nof-16\">Ven\u00e4j\u00e4n johtaja<a class=\"article-personlink\" href=\"https:\/\/www.is.fi\/haku\/?query=%20Vladimir%20Putin\" rel=\"nofollow noopener\" target=\"_blank\"> Vladimir Putin <\/a>p\u00e4\u00e4tti viime kuussa s\u00e4\u00e4detyll\u00e4 asetuksella, ett\u00e4 18\u201365-vuotiaat ulkomaalaiset miehet voivat saada pysyv\u00e4n oleskeluluvan allekirjoittamalla vuoden sopimuksen Ven\u00e4j\u00e4n armeijan tai h\u00e4t\u00e4tilaministeri\u00f6n kanssa. Samat vaatimukset koskevat Ven\u00e4j\u00e4n kansalaisuutta hakevia.<\/p>\n<p class=\"article-body mb-nof-24 px-nof-16\">Palvelusvaatimus voi koskea 58-vuotiasta Turtiaista. Turtiainen on hakenut turvapaikkaa Ven\u00e4j\u00e4lt\u00e4, mutta mik\u00e4li hakemus ei mene l\u00e4pi, h\u00e4n joutunee armeijaan.<\/p>\n<p class=\"article-body mb-nof-24 px-nof-16\">Turtiaisen on kuitenkin mahdollista hakea arvopohjaista viisumia ja siten v\u00e4ltt\u00e4\u00e4 sopimus armeijan kanssa. Taustalla on Putinin s\u00e4\u00e4t\u00e4m\u00e4 asetus, joka mahdollistaa oleskeluluvan sellaisille ulkomaalaisille, jotka sanovat jakavansa Ven\u00e4j\u00e4n hallinnon m\u00e4\u00e4rittelem\u00e4t perinteiset hengelliset ja moraaliset arvot.<\/p>\n<p class=\"article-body mb-nof-24 px-nof-16\">Ven\u00e4j\u00e4lt\u00e4 poliittista turvapaikkaa hakevalla entisell\u00e4 perusuomalaisten kansanedustajalla on <a class=\"article-genericlink\" href=\"https:\/\/www.is.fi\/politiikka\/art-2000011618299.html\" rel=\"nofollow noopener\" target=\"_blank\">Ilta-Sanomien selvityksen mukaan <\/a>ulosotossa yli 120\u202f000 euroa.<\/p>\n<p class=\"article-body mb-nof-24 px-nof-16\">Erilaiset perint\u00e4yhti\u00f6t yritt\u00e4v\u00e4t peri\u00e4 Turtiaiselta ulosoton kautta yhteens\u00e4 126\u202f875 euroa erilaisia saataviaan. Velkojina on muun muassa perint\u00e4yhti\u00f6it\u00e4, Bank Norwegian, Aktia sek\u00e4 lakitoimisto Kolster Oy.<\/p>\n<p class=\"article-body mb-nof-24 px-nof-16\">Saatavien joukossa on eduskunnan Turtiaiselta karhuama yli 30\u202f000 euron ryhm\u00e4raha.<\/p>\n<p class=\"article-body mb-nof-24 px-nof-16\">Turtiaiselle maksettiin omaa ryhm\u00e4rahaa, kun t\u00e4m\u00e4 erotettiin vuonna 2020 perussuomalaisista. Turtiainen perusti oman Valta kuuluu kansalle -eduskuntaryhm\u00e4n, jossa h\u00e4n istui vaalikauden loppuun.<\/p>\n","protected":false},"excerpt":{"rendered":"Taustalla on Putinin uusi asetus. Moskovaan muuttanut entinen kansanedustaja Ano Turtiainen saattaa joutua Ven\u00e4j\u00e4n armeijaan, mik\u00e4 tarkoittaisi varmaa&hellip;\n","protected":false},"author":2,"featured_media":119537,"comment_status":"","ping_status":"","sticky":false,"template":"","format":"standard","meta":{"footnotes":""},"categories":[14],"tags":[22,23,26,27,33,31,30,17,34,24,25,28,29,15,18,21,32,19,20,56,16,59,60,61],"class_list":{"0":"post-119536","1":"post","2":"type-post","3":"status-publish","4":"format-standard","5":"has-post-thumbnail","7":"category-ulkomaat","8":"tag-breaking-news","9":"tag-breakingnews","10":"tag-featured-news","11":"tag-featurednews","12":"tag-fi","13":"tag-finland","14":"tag-finnish","15":"tag-headlines","16":"tag-ilta-sanomat","17":"tag-latest-news","18":"tag-latestnews","19":"tag-main-news","20":"tag-mainnews","21":"tag-news","22":"tag-otsikot","23":"tag-paauutiset","24":"tag-suomi","25":"tag-top-stories","26":"tag-topstories","27":"tag-ulkomaat","28":"tag-uutiset","29":"tag-world","30":"tag-world-news","31":"tag-worldnews"},"share_on_mastodon":{"url":"https:\/\/pubeurope.com\/@fi\/115739689386560101","error":""},"_links":{"self":[{"href":"https:\/\/www.europesays.com\/fi\/wp-json\/wp\/v2\/posts\/119536","targetHints":{"allow":["GET"]}}],"collection":[{"href":"https:\/\/www.europesays.com\/fi\/wp-json\/wp\/v2\/posts"}],"about":[{"href":"https:\/\/www.europesays.com\/fi\/wp-json\/wp\/v2\/types\/post"}],"author":[{"embeddable":true,"href":"https:\/\/www.europesays.com\/fi\/wp-json\/wp\/v2\/users\/2"}],"replies":[{"embeddable":true,"href":"https:\/\/www.europesays.com\/fi\/wp-json\/wp\/v2\/comments?post=119536"}],"version-history":[{"count":0,"href":"https:\/\/www.europesays.com\/fi\/wp-json\/wp\/v2\/posts\/119536\/revisions"}],"wp:featuredmedia":[{"embeddable":true,"href":"https:\/\/www.europesays.com\/fi\/wp-json\/wp\/v2\/media\/119537"}],"wp:attachment":[{"href":"https:\/\/www.europesays.com\/fi\/wp-json\/wp\/v2\/media?parent=119536"}],"wp:term":[{"taxonomy":"category","embeddable":true,"href":"https:\/\/www.europesays.com\/fi\/wp-json\/wp\/v2\/categories?post=119536"},{"taxonomy":"post_tag","embeddable":true,"href":"https:\/\/www.europesays.com\/fi\/wp-json\/wp\/v2\/tags?post=119536"}],"curies":[{"name":"wp","href":"https:\/\/api.w.org\/{rel}","templated":true}]}}