{"id":119542,"date":"2025-12-18T08:57:08","date_gmt":"2025-12-18T08:57:08","guid":{"rendered":"https:\/\/www.europesays.com\/fi\/119542\/"},"modified":"2025-12-18T08:57:08","modified_gmt":"2025-12-18T08:57:08","slug":"lotta-hintsa-tayslaidallinen-julkiselle-terveydenhuollolle","status":"publish","type":"post","link":"https:\/\/www.europesays.com\/fi\/119542\/","title":{"rendered":"Lotta Hintsa: t\u00e4yslaidallinen julkiselle terveydenhuollolle"},"content":{"rendered":"<p>\n            20241204, Helsinki. Iholla -sarjan pressi. Kuvassa Lotta Hintsa.<br \/>\n            Timo Korhonen\n        <\/p>\n<p class=\"subtitle \">Lotta arvostelee julkista terveydenhuoltoa.<\/p>\n<p class=\"article-content article-content-width !bg-background\">Ex-missi ja vuorikiipeilij\u00e4\u00a0, 37, odottaa esikoistaan yhdess\u00e4 n\u00e4yttelij\u00e4-muusikko puolisonsa\u00a0, 47, kanssa.<\/p>\n<p class=\"font-weight-bold m-font-weight-bold article-content article-content-width !bg-background\">Katso video \u2013 Lotta kiipeilem\u00e4ss\u00e4 Vantaan K\u00e4\u00e4rmekalliolla:<\/p>\n<p>Yleinen vaiva<\/p>\n<p class=\"article-content article-content-width !bg-background\">Tuleva pienokainen on Lotalle ensimm\u00e4inen, mutta Sebastianilla on jo entuudestaan kaksi lasta aiemmasta suhteestaan n\u00e4yttelij\u00e4\u00a0\u00a0kanssa.<\/p>\n<p class=\"article-content article-content-width !bg-background\">Lotta on jakanut Instagram-tilill\u00e4\u00e4n aktiivisesti kokemuksiaan raskausmatkastaan.<\/p>\n<p class=\"article-content article-content-width !bg-background\">Ex-missi kertoi keskiviikkona (17.12.) Instagram-tarinoissaan, ett\u00e4 h\u00e4n p\u00e4\u00e4si viikon tauon j\u00e4lkeen takaisin juoksun pariin.\u00a0Seuraavassa kuvassa Lotta on l\u00e4\u00e4k\u00e4riss\u00e4 kanyyli k\u00e4dess\u00e4\u00e4n.<\/p>\n<p class=\"article-content article-content-width !bg-background\">\u2013\u00a0Ja nyt t\u00e4\u00e4ll\u00e4 hakemassa minun ja vauvan(!! ) rautatasot takaisin siell\u00e4 miss\u00e4 niiden pit\u00e4isi olla (ferritiini oli 7)&#8230; Lotta kirjoittaa vapaasti suomennettuna.<\/p>\n<p>        <a itemprop=\"url\" href=\"https:\/\/www.seiska.fi\/kotimaa\/lotta-hintsa-julkaisi-haistaan-intiimin-kuvan-paaosassa-noora-sisko\/1962117\" rel=\"nofollow noopener\" target=\"_blank\"><\/p>\n<p>\nLotta Hintsa\n<\/p>\n<p class=\"section-date\">\n        <strong class=\"article-section\" data-section=\"kotimaa\"><br \/>\n            kotimaa<br \/>\n        <\/strong><br \/>\n        14.10. 18:30\n    <\/p>\n<p>Lotta Hintsa julkaisi h\u00e4ist\u00e4\u00e4n intiimin kuvan &#8211; p\u00e4\u00e4osassa Noora-sisko!\n    <\/p>\n<p itemprop=\"description\" class=\"subtitle \">\n    Lotta hehkuttaa rakkaan siskonsa syntym\u00e4p\u00e4iv\u00e4\u00e4.\n<\/p>\n<p>        <\/a><\/p>\n<p class=\"article-content article-content-width !bg-background\"><a href=\"https:\/\/www.terveyskirjasto.fi\/snk03356\" target=\"_blank\" rel=\"nofollow noopener\">Terveyskirjaston mukaan<\/a> ehdotonta ferritiinipitoisuuden arvoa, joka aina sulkee pois raudanpuutteen, on vaikea asettaa. Kirjallisuudessa ferritiinin raja-arvoa 30 \u00b5g\/l on k\u00e4ytetty raudanpuutteen osoittajana aikuisilla.<\/p>\n<p class=\"article-content article-content-width !bg-background\">Lotta jatkaa terveysp\u00e4ivityst\u00e4\u00e4n toteamalla, ett\u00e4 my\u00f6s moni h\u00e4nen seuraajansa k\u00e4rsii raudanpuutteesta raskauden aikana.<\/p>\n<p class=\"article-content article-content-width !bg-background\">\u2013 Vaikka suomalainen julkinen terveydenhuolto on aika ihmeellist\u00e4, tuntuu silt\u00e4, ett\u00e4 t\u00e4m\u00e4 on asia, johon on l\u00e4hes mahdotonta saada apua, Lotta harmittelee.<\/p>\n<p>        <a itemprop=\"url\" href=\"https:\/\/www.seiska.fi\/kotimaa\/lotta-hintsalta-paljonpuhuva-raskauspaivitys\/1979873\" rel=\"nofollow noopener\" target=\"_blank\"><\/p>\n<p>\nLotta Hintsa\n<\/p>\n<p class=\"section-date\">\n        <strong class=\"article-section\" data-section=\"kotimaa\"><br \/>\n            kotimaa<br \/>\n        <\/strong><br \/>\n        1.11. 13:00\n    <\/p>\n<p>Lotta Hintsalta paljonpuhuva raskausp\u00e4ivitys\n    <\/p>\n<p itemprop=\"description\" class=\"subtitle \">\n    Lotta on joutunut uusimaan vaatekertaansa.\n<\/p>\n<p>        <\/a><\/p>\n<p>Laskettu aika l\u00e4hell\u00e4<\/p>\n<p class=\"article-content article-content-width !bg-background\">Vuorikiipeilij\u00e4 jatkaa, ett\u00e4 riitt\u00e4v\u00e4ll\u00e4 rautavarastolla on suuri merkitys el\u00e4m\u00e4nlaatuun ja ett\u00e4 on hullua, miten vaikea siihen on saada apua.<\/p>\n<p>        <a itemprop=\"url\" href=\"https:\/\/www.seiska.fi\/katso\/masked-singer-voittaja-sebastian-rejmanilta-paljastus-salassapitorikkomuksesta\/2001748\" rel=\"nofollow noopener\" target=\"_blank\"><\/p>\n<p>\nMasked Singer Suomi\n<\/p>\n<p class=\"section-date\">\n        <strong class=\"article-section\" data-section=\"katso\"><br \/>\n            katso<br \/>\n        <\/strong><br \/>\n        24.11. 11:20\n    <\/p>\n<p>Masked Singer -voittaja Sebastian Rejmanilta paljastus salassapitorikkomuksesta\n    <\/p>\n<p itemprop=\"description\" class=\"subtitle \">\n    Pierumies eli Sebastian Rejman pokkasi voiton Masked Singer Suomessa. H\u00e4n kertoo Huomenta Suomen haastattelussa, miten sai s\u00e4ilytetty\u00e4 salaisuuden lapsiltaan.\n<\/p>\n<p>        <\/a><\/p>\n<p class=\"article-content article-content-width !bg-background\">\u2013 Olen niin l\u00e4hell\u00e4 laskettua aikaa, etten v\u00e4ltt\u00e4m\u00e4tt\u00e4 ehtinyt odottaa rautatasojani nousemaan lis\u00e4ravinteiden kanssa siten, ett\u00e4 se hy\u00f6dytt\u00e4isi vauvaa, joten en n\u00e4hnyt muuta vaihtoehtoa kuin menn\u00e4 yksityiselle vaikka se on \u00e4lytt\u00f6m\u00e4n kallista.\u00a0<\/p>\n<p class=\"article-content article-content-width !bg-background\">\u2013 El\u00e4m\u00e4nlaadulle ja vauvan terveydelle ei kuitenkaan voi asettaa hintaa, Lotta toteaa.<\/p>\n<p>                <img decoding=\"async\" src=\"https:\/\/www.europesays.com\/fi\/wp-content\/uploads\/2025\/12\/1979991.webp\" width=\"576\" height=\"322\" alt=\"Lotan ja Sebastianin rakkaustarina sai alkunsa vuonna 2023.\" loading=\"lazy\" \/>            <\/p>\n<p>\n            Lotan ja Sebastianin rakkaustarina sai alkunsa vuonna 2023.<br \/>\n            Matti Matikainen\n        <\/p>\n<p>Vuorikiipeily jatkuu<\/p>\n<p class=\"article-content article-content-width !bg-background\">Lotta on jatkanut harrastuksiaan raskaudesta huolimatta.<\/p>\n<p class=\"article-content article-content-width !bg-background\"><a href=\"https:\/\/www.seiska.fi\/kotimaa\/sebastian-rejman-ja-lotta-hintsa-saavat-vauvan-nain-kay-vuorikiipeilyn\/1940599\" target=\"_blank\" rel=\"nofollow noopener\">Sebastian kertoi Seiskalle\u00a0syyskuussa<\/a>, ettei Lotta ole luopumassa kiipeilyst\u00e4, vaan aikoo jatkaa lajia \u00e4itiyden rinnalla. Toistaiseksi raskauskaan ei ole hidastanut h\u00e4nen uraansa.<\/p>\n<p>        <a itemprop=\"url\" href=\"https:\/\/www.seiska.fi\/kotimaa\/amanda-harkimolta-lohduton-paivitys\/2002851\" rel=\"nofollow noopener\" target=\"_blank\"><\/p>\n<p>\nAmanda Harkimo\n<\/p>\n<p class=\"section-date\">\n        <strong class=\"article-section\" data-section=\"kotimaa\"><br \/>\n            kotimaa<br \/>\n        <\/strong><br \/>\n        25.11. 10:25\n    <\/p>\n<p>Amanda Harkimolta lohduton p\u00e4ivitys\n    <\/p>\n<p itemprop=\"description\" class=\"subtitle \">\n    Amandalla on takanaan raskas vuosi.\n<\/p>\n<p>        <\/a><\/p>\n<p class=\"article-content article-content-width !bg-background\">Vaikka vuorikiipeily on tunnetusti vaarallinen laji, ei Sebastian silti ole erityisen huolissaan Lotan rakkaasta harrastuksesta.<\/p>\n<p class=\"article-content article-content-width !bg-background\">\u2013 Luoja\u00ad\u00adn Lotan pelisilm\u00e4\u00e4n ja ammattitaitoon.\u00a0Eih\u00e4n el\u00e4m\u00e4n tarvitse loppua, vaikka lapsi onkin tulossa, Sebastian kertoi.<\/p>\n<p class=\"article-content article-content-width !bg-background\">Vuodesta 2023 yht\u00e4 pit\u00e4nyt kaksikko avioitui elokuussa.<\/p>\n","protected":false},"excerpt":{"rendered":"20241204, Helsinki. Iholla -sarjan pressi. Kuvassa Lotta Hintsa. Timo Korhonen Lotta arvostelee julkista terveydenhuoltoa. Ex-missi ja vuorikiipeilij\u00e4\u00a0, 37,&hellip;\n","protected":false},"author":2,"featured_media":119543,"comment_status":"","ping_status":"","sticky":false,"template":"","format":"standard","meta":{"footnotes":""},"categories":[136],"tags":[407,137,33,31,30,408,9214,2443,21603,9215,32,167,109,10248],"class_list":{"0":"post-119542","1":"post","2":"type-post","3":"status-publish","4":"format-standard","5":"has-post-thumbnail","7":"category-julkkikset","8":"tag-celebrities","9":"tag-entertainment","10":"tag-fi","11":"tag-finland","12":"tag-finnish","13":"tag-julkkikset","14":"tag-lotta-hintsa","15":"tag-raskaus","16":"tag-raudanpuute","17":"tag-sebastian-rejman","18":"tag-suomi","19":"tag-terveys","20":"tag-viihde","21":"tag-vuorikiipeily"},"share_on_mastodon":{"url":"https:\/\/pubeurope.com\/@fi\/115739744353359440","error":""},"_links":{"self":[{"href":"https:\/\/www.europesays.com\/fi\/wp-json\/wp\/v2\/posts\/119542","targetHints":{"allow":["GET"]}}],"collection":[{"href":"https:\/\/www.europesays.com\/fi\/wp-json\/wp\/v2\/posts"}],"about":[{"href":"https:\/\/www.europesays.com\/fi\/wp-json\/wp\/v2\/types\/post"}],"author":[{"embeddable":true,"href":"https:\/\/www.europesays.com\/fi\/wp-json\/wp\/v2\/users\/2"}],"replies":[{"embeddable":true,"href":"https:\/\/www.europesays.com\/fi\/wp-json\/wp\/v2\/comments?post=119542"}],"version-history":[{"count":0,"href":"https:\/\/www.europesays.com\/fi\/wp-json\/wp\/v2\/posts\/119542\/revisions"}],"wp:featuredmedia":[{"embeddable":true,"href":"https:\/\/www.europesays.com\/fi\/wp-json\/wp\/v2\/media\/119543"}],"wp:attachment":[{"href":"https:\/\/www.europesays.com\/fi\/wp-json\/wp\/v2\/media?parent=119542"}],"wp:term":[{"taxonomy":"category","embeddable":true,"href":"https:\/\/www.europesays.com\/fi\/wp-json\/wp\/v2\/categories?post=119542"},{"taxonomy":"post_tag","embeddable":true,"href":"https:\/\/www.europesays.com\/fi\/wp-json\/wp\/v2\/tags?post=119542"}],"curies":[{"name":"wp","href":"https:\/\/api.w.org\/{rel}","templated":true}]}}