{"id":119544,"date":"2025-12-18T09:00:11","date_gmt":"2025-12-18T09:00:11","guid":{"rendered":"https:\/\/www.europesays.com\/fi\/119544\/"},"modified":"2025-12-18T09:00:11","modified_gmt":"2025-12-18T09:00:11","slug":"katsojat-saavat-tietaa-carolinan-salaisuuden-ennen-tommia-minun-pitaisi-nyt-vain-sanoa-se","status":"publish","type":"post","link":"https:\/\/www.europesays.com\/fi\/119544\/","title":{"rendered":"Katsojat saavat tiet\u00e4\u00e4 Carolinan salaisuuden ennen Tommia \u2013 \u201dMinun pit\u00e4isi nyt vain sanoa se\u201d"},"content":{"rendered":"<p>Carolina on vaihtamassa maata vuodenvaihteessa.<\/p>\n<p><img decoding=\"async\" class=\"image image-show image-preview\" src=\"https:\/\/www.europesays.com\/fi\/wp-content\/uploads\/2025\/12\/319194e17acc4b75f057e6e2ba40af43128e5ba30369267685d7024005a0dd76.jpg\" alt=\"\"\/><img decoding=\"async\" class=\"image image-show\" src=\"https:\/\/www.europesays.com\/fi\/wp-content\/uploads\/2025\/12\/1766048411_958_319194e17acc4b75f057e6e2ba40af43128e5ba30369267685d7024005a0dd76.jpg\" alt=\"\"\/><\/p>\n<p>Tomin mukaan h\u00e4n ja Carolina ovat ihastuneet toisiinsa. MTV3<\/p>\n<p class=\"paragraph\"><strong>Carolinalta<\/strong> eli <strong>Carolta<\/strong> on j\u00e4\u00e4nyt jotain oleellista kertomatta <strong>Tomille<\/strong> Kolmiodraama-realityss\u00e4. H\u00e4n tekee paljastuksen sarjan viidenness\u00e4 osassa, joka julkaistaan t\u00e4n\u00e4\u00e4n Katsomo+:ssa.<\/p>\n<p class=\"paragraph\">Katsojat saavat kuulla Caron salaisuuden ennen Tomia.<\/p>\n<p class=\"paragraph\">\u2013\u2009Ehk\u00e4 minun pit\u00e4isi nyt vain sanoa se, kertoa se, Caro pohjustaa.<\/p>\n<p class=\"paragraph\">H\u00e4n on saanut ulkomailta ty\u00f6tarjouksen, johon h\u00e4n aikoo tarttua. Etuk\u00e4teen nainen miettii, onko ulkomaankomennus Tomille kynnyskysymys.<\/p>\n<p class=\"paragraph\">\u2013\u2009Olen halunnut mainita yhdest\u00e4 asiasta pidemm\u00e4n aikaa, mutta en ole jotenkin l\u00f6yt\u00e4nyt hyv\u00e4\u00e4 saumaa, Caro aloittaa keskustelun Tomin kanssa.<\/p>\n<p class=\"paragraph\">\u2013\u2009Pari kuukautta sitten hain v\u00e4h\u00e4n extempore t\u00f6ihin sukellusoppaaksi Thaimaahan. He toivottivat minut sinne tervetulleeksi. He haluaisivat minut osaksi heid\u00e4n tiimi\u00e4\u00e4n seuraavalle kaudelle.<\/p>\n<p class=\"paragraph\">T\u00e4m\u00e4 seuraava kausi k\u00e4ynnistyy vuodenvaihteessa. Sarjaa on kuvattu kes\u00e4ll\u00e4.<\/p>\n<p class=\"paragraph\">\u2013\u2009Se on kolmen kuukauden pesti n\u00e4in alkuun. En halua, ett\u00e4 tuleva kumppanini rajoittaa minua mitenk\u00e4\u00e4n. Kolme kuukautta on periaatteessa pitk\u00e4 aika, mutta sitten kuitenkin tosi lyhyt aika, jos miettii tulevaisuutta, Caro muotoilee, ja Tomi on samaa mielt\u00e4.<\/p>\n<p>Tomi ottaa Caron uutisen hyvin vastaan. MTV3<\/p>\n<p class=\"paragraph\">Ensit\u00f6ikseen mies onnittelee Caroa ty\u00f6paikasta ja mahdollisuudesta. Tomi ei pid\u00e4 asiaa ongelmana, kunhan Caro ei ole muuttamassa Aasiaan pysyv\u00e4sti.<\/p>\n<p class=\"paragraph\">\u2013\u2009Ihmisen pit\u00e4\u00e4 toteuttaa haaveita ja unelmia, kun vain pystyy, Tomi sanoo.<\/p>\n<p class=\"paragraph\">\u2013\u2009Ihana vastaus, Caro kiittelee.<\/p>\n<p class=\"paragraph\">Kolmiodraama t\u00e4n\u00e4\u00e4n Katsomossa ja MTV3:lla kello 21.00. <a href=\"https:\/\/www.iltalehti.fi\/telkku\/\" rel=\"nofollow noopener\" target=\"_blank\">Katso kaikki\u00a0TV-ohjelmat ja l\u00e4hetysajat Telkun TV-oppaasta<\/a>.<\/p>\n","protected":false},"excerpt":{"rendered":"Carolina on vaihtamassa maata vuodenvaihteessa. Tomin mukaan h\u00e4n ja Carolina ovat ihastuneet toisiinsa. MTV3 Carolinalta eli Carolta on&hellip;\n","protected":false},"author":2,"featured_media":119545,"comment_status":"","ping_status":"","sticky":false,"template":"","format":"standard","meta":{"footnotes":""},"categories":[133],"tags":[35,153,137,33,31,30,979,32,206,140,139,156,860,109],"class_list":{"0":"post-119544","1":"post","2":"type-post","3":"status-publish","4":"format-standard","5":"has-post-thumbnail","7":"category-televisiot","8":"tag-24h","9":"tag-audiovisuaalinen-media","10":"tag-entertainment","11":"tag-fi","12":"tag-finland","13":"tag-finnish","14":"tag-sahkoinen-media","15":"tag-suomi","16":"tag-televisiot","17":"tag-tv-ja-elokuvat","18":"tag-tv-ohjelmat","19":"tag-tv","20":"tag-tyoelama","21":"tag-viihde"},"share_on_mastodon":{"url":"https:\/\/pubeurope.com\/@fi\/115739756311658854","error":""},"_links":{"self":[{"href":"https:\/\/www.europesays.com\/fi\/wp-json\/wp\/v2\/posts\/119544","targetHints":{"allow":["GET"]}}],"collection":[{"href":"https:\/\/www.europesays.com\/fi\/wp-json\/wp\/v2\/posts"}],"about":[{"href":"https:\/\/www.europesays.com\/fi\/wp-json\/wp\/v2\/types\/post"}],"author":[{"embeddable":true,"href":"https:\/\/www.europesays.com\/fi\/wp-json\/wp\/v2\/users\/2"}],"replies":[{"embeddable":true,"href":"https:\/\/www.europesays.com\/fi\/wp-json\/wp\/v2\/comments?post=119544"}],"version-history":[{"count":0,"href":"https:\/\/www.europesays.com\/fi\/wp-json\/wp\/v2\/posts\/119544\/revisions"}],"wp:featuredmedia":[{"embeddable":true,"href":"https:\/\/www.europesays.com\/fi\/wp-json\/wp\/v2\/media\/119545"}],"wp:attachment":[{"href":"https:\/\/www.europesays.com\/fi\/wp-json\/wp\/v2\/media?parent=119544"}],"wp:term":[{"taxonomy":"category","embeddable":true,"href":"https:\/\/www.europesays.com\/fi\/wp-json\/wp\/v2\/categories?post=119544"},{"taxonomy":"post_tag","embeddable":true,"href":"https:\/\/www.europesays.com\/fi\/wp-json\/wp\/v2\/tags?post=119544"}],"curies":[{"name":"wp","href":"https:\/\/api.w.org\/{rel}","templated":true}]}}