{"id":119546,"date":"2025-12-18T09:04:08","date_gmt":"2025-12-18T09:04:08","guid":{"rendered":"https:\/\/www.europesays.com\/fi\/119546\/"},"modified":"2025-12-18T09:04:08","modified_gmt":"2025-12-18T09:04:08","slug":"fc-haka-sopinut-harjoitusotteluita-ensimmainen-pelataan-jo-tulevana-sunnuntaina","status":"publish","type":"post","link":"https:\/\/www.europesays.com\/fi\/119546\/","title":{"rendered":"FC Haka sopinut harjoitusotteluita, ensimm\u00e4inen pelataan jo tulevana sunnuntaina"},"content":{"rendered":"\n<p>                    \t\t\t\t\t\t\t\t<img width=\"2560\" height=\"2309\" src=\"https:\/\/www.europesays.com\/fi\/wp-content\/uploads\/2025\/12\/BY6A4463-Sanna-Lahtinen-Makela-scaled.jpeg\" class=\"attachment-full size-full wp-post-image\" alt=\"\" decoding=\"async\" fetchpriority=\"high\"  \/><\/p>\n<p class=\"article-meta\">\n            18.12.2025\n        <\/p>\n<p>FC Hakan valmistautuminen tulevaan kauteen on ollut joulukuun ajan hyv\u00e4ss\u00e4 vauhdissa ja nyt toista viikkoa uuden p\u00e4\u00e4valmentaja Tommi Ekmarkin ohjauksessa. My\u00f6s harjoitusotteluita on sovittuna, joista ensimm\u00e4inen pelataan tulevana sunnuntaina Tampere Unitedia vastaan.<\/p>\n<p><strong>Su 21.12.2025 kello 14.45 Tampere United \u2013 FC Haka, Pirkkahalli<\/strong><\/p>\n<p><strong>Ke 7.1.2026 FC Haka \u2013 Pelaajayhdistyksen sopimuksettomat pelaajat, Eerikkil\u00e4<\/strong><\/p>\n<p><strong>La 17.1.2026 FC Lahti \u2013 FC Haka (vahvistamaton)<\/strong><\/p>\n<p><strong>Pe 23.1.2026 TPS \u2013 FC Haka<\/strong><\/p>\n<p>Tulevan sunnuntaina harjoitusottelussa FC Haka pelaa p\u00e4\u00e4s\u00e4\u00e4nt\u00f6isesti testipelaajilla sek\u00e4 omilla Akatemia-pelaajilla.<\/p>\n<p>FC Hakan valmistautuminen tulevaan kauteen etenee siis suunnitellusti, yll\u00e4tt\u00e4v\u00e4st\u00e4 ja dramaattisesti p\u00e4\u00e4tykatsomon tulipalosta johtumatta. Haka-perheen yhteis\u00f6llisyys ja valtava m\u00e4\u00e4r\u00e4 tukiviestej\u00e4 ymp\u00e4ri maailman ovat kuitenkin auttaneet tilanteessa, suuri kiitos niist\u00e4 \ud83d\udda4\ud83e\udd0d<\/p>\n<p>My\u00f6s taloudellinen tuki t\u00e4ss\u00e4 tilanteessa luo varmuutta ja uskoa tulevaan, kiitos my\u00f6s kaikille teille, jotka olette ottaneet osaa <a href=\"https:\/\/fchaka.fi\/uutiset\/fc-haka-kaynnistaa-tukikampanjan\/\" rel=\"nofollow noopener\" target=\"_blank\">tukikampanjoihimme<\/a>.<\/p>\n<p>Kuva: Sanna Lahtinen-M\u00e4kel\u00e4 |\u00a0<a href=\"https:\/\/www.instagram.com\/sannasportphotography\" rel=\"nofollow noopener\" target=\"_blank\">@sannasportphotography<\/a><\/p>\n<p>\t\t            <script async src=\"\/\/www.instagram.com\/embed.js\"><\/script><\/p>\n","protected":false},"excerpt":{"rendered":"18.12.2025 FC Hakan valmistautuminen tulevaan kauteen on ollut joulukuun ajan hyv\u00e4ss\u00e4 vauhdissa ja nyt toista viikkoa uuden p\u00e4\u00e4valmentaja&hellip;\n","protected":false},"author":2,"featured_media":119547,"comment_status":"","ping_status":"","sticky":false,"template":"","format":"standard","meta":{"footnotes":""},"categories":[158],"tags":[33,31,30,159,32,160],"class_list":{"0":"post-119546","1":"post","2":"type-post","3":"status-publish","4":"format-standard","5":"has-post-thumbnail","7":"category-urheilu","8":"tag-fi","9":"tag-finland","10":"tag-finnish","11":"tag-sports","12":"tag-suomi","13":"tag-urheilu"},"share_on_mastodon":{"url":"https:\/\/pubeurope.com\/@fi\/115739772112093764","error":""},"_links":{"self":[{"href":"https:\/\/www.europesays.com\/fi\/wp-json\/wp\/v2\/posts\/119546","targetHints":{"allow":["GET"]}}],"collection":[{"href":"https:\/\/www.europesays.com\/fi\/wp-json\/wp\/v2\/posts"}],"about":[{"href":"https:\/\/www.europesays.com\/fi\/wp-json\/wp\/v2\/types\/post"}],"author":[{"embeddable":true,"href":"https:\/\/www.europesays.com\/fi\/wp-json\/wp\/v2\/users\/2"}],"replies":[{"embeddable":true,"href":"https:\/\/www.europesays.com\/fi\/wp-json\/wp\/v2\/comments?post=119546"}],"version-history":[{"count":0,"href":"https:\/\/www.europesays.com\/fi\/wp-json\/wp\/v2\/posts\/119546\/revisions"}],"wp:featuredmedia":[{"embeddable":true,"href":"https:\/\/www.europesays.com\/fi\/wp-json\/wp\/v2\/media\/119547"}],"wp:attachment":[{"href":"https:\/\/www.europesays.com\/fi\/wp-json\/wp\/v2\/media?parent=119546"}],"wp:term":[{"taxonomy":"category","embeddable":true,"href":"https:\/\/www.europesays.com\/fi\/wp-json\/wp\/v2\/categories?post=119546"},{"taxonomy":"post_tag","embeddable":true,"href":"https:\/\/www.europesays.com\/fi\/wp-json\/wp\/v2\/tags?post=119546"}],"curies":[{"name":"wp","href":"https:\/\/api.w.org\/{rel}","templated":true}]}}