{"id":119550,"date":"2025-12-18T09:08:08","date_gmt":"2025-12-18T09:08:08","guid":{"rendered":"https:\/\/www.europesays.com\/fi\/119550\/"},"modified":"2025-12-18T09:08:08","modified_gmt":"2025-12-18T09:08:08","slug":"muutosneuvottelut-paattyneet-upm-lopettaa-graafisen-paperin-tuotannon-ettringenissa-metsatrans-lehti","status":"publish","type":"post","link":"https:\/\/www.europesays.com\/fi\/119550\/","title":{"rendered":"Muutosneuvottelut p\u00e4\u00e4ttyneet &#8211; UPM lopettaa graafisen paperin tuotannon Ettringeniss\u00e4 &#8211; Mets\u00e4trans-Lehti"},"content":{"rendered":"<ol>\n<li><a href=\"https:\/\/news.google.com\/rss\/articles\/CBMivgFBVV95cUxQWnlSV3NSTUJtd2RxMmF1V2ZrRlVxQlpuMDJxdGNwdlJGNlQyTWU5MU9ORmRzWEVFWVl6aVlnWl9zVHAwYlRGRHhteXZCTXZQcXF3eVgwME5mbG9tTnFGMkFIWnhtSzE2cVY1QnpyOE9LdVI5YjlGNHl1NW1vazRuNEUwZVlBM2xxd3IzQlVKSXR0NE5HaWwwbGRFZHZ6cGdMWHhMX2lSNC1wU24wNDlXMjNRZDlQa091VEVzSHdR?oc=5\" target=\"_blank\" rel=\"nofollow noopener\">Muutosneuvottelut p\u00e4\u00e4ttyneet &#8211; UPM lopettaa graafisen paperin tuotannon Ettringeniss\u00e4<\/a>&nbsp;&nbsp;Mets\u00e4trans-Lehti<\/li>\n<li><a href=\"https:\/\/news.google.com\/rss\/articles\/CBMiQkFVX3lxTE14NlVHWHd0R2JodENEMHl6UFdzQ1BTQzYwQ0FIVExkTWt3LUZ1R3pOYTlHMndSbGFRTVhWSTZ0Y2xSQQ?oc=5\" target=\"_blank\" rel=\"nofollow noopener\">UPM sulkee tehtaansa Saksassa<\/a>&nbsp;&nbsp;Yle<\/li>\n<li><a href=\"https:\/\/news.google.com\/rss\/articles\/CBMifkFVX3lxTE9YQjZlR192dkdfeWFfNGFHdnhlMEtuSWh3RkdYeHBQQXU1TFI5T1l1RXltM2pNZzFNWElQYXhKdm1NRFFCa3lDa2MxV0EzRF9ZaUNZVkk0VjgxdzQwWU0tczVNdEJ3dno1b1NYRUY1emY3dU9vREVobFRjUUI3QQ?oc=5\" target=\"_blank\" rel=\"nofollow noopener\">P\u00d6RSSI: UPM sulkee tehtaan \u2013 Finnair p\u00e4iv\u00e4n kovin nousija<\/a>&nbsp;&nbsp;Kauppalehti<\/li>\n<li><a href=\"https:\/\/news.google.com\/rss\/articles\/CBMiX0FVX3lxTE5pV3dyWUliUTRHbnJFRWdSc3JOWW1waGFLMVlvVllZQ0tlNnBGZ3ZMR1oxYUtFUEVpems4SEN4cWY3UU1KTThBVVVWU2hrdFZ4TUpWUWVabHlQdHRFQVNF?oc=5\" target=\"_blank\" rel=\"nofollow noopener\">UPM lopettaa graafisen paperin tuotannon Saksan Ettringeniss\u00e4<\/a>&nbsp;&nbsp;Kouvolan Sanomat<\/li>\n<li><a href=\"https:\/\/news.google.com\/rss\/articles\/CBMihAFBVV95cUxPdXZoWXctNk92U3JYc1hCcFJ1b0l5VE5jQ0pQczFpNHR4cEhtMFVWdFhfLXBfY3l3U1dWejM3WV9PR2d0RzlNQlBfTWRCdkZlRXRNeDU5SS1WdnlsdVNybmpWVUVPUGFDcEp4WEdnOEtwM25vWVlJb1U1R1FjTXhLR21BTWs?oc=5\" target=\"_blank\" rel=\"nofollow noopener\">UPM sulkee paperitehtaan Saksassa vuoden loppuun menness\u00e4<\/a>&nbsp;&nbsp;Maaseudun Tulevaisuus<\/li>\n<\/ol>\n","protected":false},"excerpt":{"rendered":"Muutosneuvottelut p\u00e4\u00e4ttyneet &#8211; UPM lopettaa graafisen paperin tuotannon Ettringeniss\u00e4&nbsp;&nbsp;Mets\u00e4trans-Lehti UPM sulkee tehtaansa Saksassa&nbsp;&nbsp;Yle P\u00d6RSSI: UPM sulkee tehtaan \u2013&hellip;\n","protected":false},"author":2,"featured_media":119551,"comment_status":"","ping_status":"","sticky":false,"template":"","format":"standard","meta":{"footnotes":""},"categories":[76],"tags":[79,77,33,31,30,32,78],"class_list":{"0":"post-119550","1":"post","2":"type-post","3":"status-publish","4":"format-standard","5":"has-post-thumbnail","7":"category-talous","8":"tag-business","9":"tag-economy","10":"tag-fi","11":"tag-finland","12":"tag-finnish","13":"tag-suomi","14":"tag-talous"},"share_on_mastodon":{"url":"https:\/\/pubeurope.com\/@fi\/115739787533528551","error":""},"_links":{"self":[{"href":"https:\/\/www.europesays.com\/fi\/wp-json\/wp\/v2\/posts\/119550","targetHints":{"allow":["GET"]}}],"collection":[{"href":"https:\/\/www.europesays.com\/fi\/wp-json\/wp\/v2\/posts"}],"about":[{"href":"https:\/\/www.europesays.com\/fi\/wp-json\/wp\/v2\/types\/post"}],"author":[{"embeddable":true,"href":"https:\/\/www.europesays.com\/fi\/wp-json\/wp\/v2\/users\/2"}],"replies":[{"embeddable":true,"href":"https:\/\/www.europesays.com\/fi\/wp-json\/wp\/v2\/comments?post=119550"}],"version-history":[{"count":0,"href":"https:\/\/www.europesays.com\/fi\/wp-json\/wp\/v2\/posts\/119550\/revisions"}],"wp:featuredmedia":[{"embeddable":true,"href":"https:\/\/www.europesays.com\/fi\/wp-json\/wp\/v2\/media\/119551"}],"wp:attachment":[{"href":"https:\/\/www.europesays.com\/fi\/wp-json\/wp\/v2\/media?parent=119550"}],"wp:term":[{"taxonomy":"category","embeddable":true,"href":"https:\/\/www.europesays.com\/fi\/wp-json\/wp\/v2\/categories?post=119550"},{"taxonomy":"post_tag","embeddable":true,"href":"https:\/\/www.europesays.com\/fi\/wp-json\/wp\/v2\/tags?post=119550"}],"curies":[{"name":"wp","href":"https:\/\/api.w.org\/{rel}","templated":true}]}}