{"id":119560,"date":"2025-12-18T09:28:07","date_gmt":"2025-12-18T09:28:07","guid":{"rendered":"https:\/\/www.europesays.com\/fi\/119560\/"},"modified":"2025-12-18T09:28:07","modified_gmt":"2025-12-18T09:28:07","slug":"tata-on-odotettu-netflixiin-tuli-kulttisuosikiksi-noussut-tieteiskauhuelokuva-vuodelta-1997","status":"publish","type":"post","link":"https:\/\/www.europesays.com\/fi\/119560\/","title":{"rendered":"T\u00e4t\u00e4 on odotettu! Netflixiin tuli kulttisuosikiksi noussut tieteiskauhuelokuva vuodelta 1997"},"content":{"rendered":"<p>Event Horizon floppasi vuonna 1997 teattereissa, eik\u00e4 ker\u00e4nnyt edes kaksisia arvioita, mutta on vuosien saatossa noussut kulttisuosikiksi etenkin scifi-fanien keskuudessa.<\/p>\n<p>Netflix yll\u00e4tti t\u00e4n\u00e4 aamuna iloisesti lis\u00e4tess\u00e4\u00e4n Paul W.S. Andersonin (Resident Evil) ohjaaman Event Horizonin valikoimaansa. T\u00e4h\u00e4n asti elokuva on ollut Suomessa katsottavissa vain vuokra- ja myyntiversioina, ei lainkaan kuukausimaksullisista palveluista.<\/p>\n<p>Netflixin kuvaus Event Horizonista on lyhyenl\u00e4nt\u00e4, mutta kertoo kaiken riitt\u00e4v\u00e4n: <\/p>\n<p>\u201dSeitsem\u00e4n vuotta kadoksissa ollut avaruusalus l\u00f6ytyy yll\u00e4tt\u00e4en. Pelasturspartio l\u00e4htee tutkimaan tapausta, mutta kohtaakin aluksella jotain pahaenteist\u00e4\u201d.<\/p>\n<p>P\u00e4\u00e4osia Event Horizonissa esitt\u00e4v\u00e4t Laurence Fishburne, Sam Neill, Kathleen Quinlan ja Joely Richardson.<\/p>\n<p>Event Horizonin julkaisua aikaistettiin vuonna 1997 Titanicin my\u00f6h\u00e4stymisen takia; Paramount Pictures halusi jonkin elokuvan kes\u00e4markkinoille ja n\u00e4in Event Horizonin tekij\u00e4t joutuivat kuvaamaan elokuvansa kiireess\u00e4 ja saksimaan yli kahden tunnin tarinan puoleentoista tuntiin. <\/p>\n<p>Elokuvan menestytty\u00e4 my\u00f6hemmin dvd-markkinoilla kaavailtiin elokuvasta ohjaajan versiota, mutta materiaalit oli joko hukattu tai tuhottu. Pient\u00e4 lohtua Event Horizonin yst\u00e4ville toi t\u00e4n\u00e4 vuonna USA:ssa julkaistu <a href=\"https:\/\/idwpublishing.com\/products\/event-horizon-dark-descent-1-idw-foil-exclusive?srsltid=AfmBOoqYbBiQpP7EOqaEUcs1Eaz9nH6hEu54bvAi6YTOiJYEat2EXX3H&amp;variant=52628056932716\" target=\"_blank\" rel=\"noreferrer noopener nofollow\">Event Horizon: Dark Descent -sarjakuva<\/a>, joka toimii esiosana elokuvalle.<\/p>\n","protected":false},"excerpt":{"rendered":"Event Horizon floppasi vuonna 1997 teattereissa, eik\u00e4 ker\u00e4nnyt edes kaksisia arvioita, mutta on vuosien saatossa noussut kulttisuosikiksi etenkin&hellip;\n","protected":false},"author":2,"featured_media":4018,"comment_status":"","ping_status":"","sticky":false,"template":"","format":"standard","meta":{"footnotes":""},"categories":[131],"tags":[155,137,33,173,31,30,172,217,21607,32,109],"class_list":{"0":"post-119560","1":"post","2":"type-post","3":"status-publish","4":"format-standard","5":"has-post-thumbnail","7":"category-elokuvat","8":"tag-elokuvat","9":"tag-entertainment","10":"tag-fi","11":"tag-film","12":"tag-finland","13":"tag-finnish","14":"tag-movies","15":"tag-netflix","16":"tag-paul-ws-anderson","17":"tag-suomi","18":"tag-viihde"},"share_on_mastodon":{"url":"https:\/\/pubeurope.com\/@fi\/115739866160462412","error":""},"_links":{"self":[{"href":"https:\/\/www.europesays.com\/fi\/wp-json\/wp\/v2\/posts\/119560","targetHints":{"allow":["GET"]}}],"collection":[{"href":"https:\/\/www.europesays.com\/fi\/wp-json\/wp\/v2\/posts"}],"about":[{"href":"https:\/\/www.europesays.com\/fi\/wp-json\/wp\/v2\/types\/post"}],"author":[{"embeddable":true,"href":"https:\/\/www.europesays.com\/fi\/wp-json\/wp\/v2\/users\/2"}],"replies":[{"embeddable":true,"href":"https:\/\/www.europesays.com\/fi\/wp-json\/wp\/v2\/comments?post=119560"}],"version-history":[{"count":0,"href":"https:\/\/www.europesays.com\/fi\/wp-json\/wp\/v2\/posts\/119560\/revisions"}],"wp:featuredmedia":[{"embeddable":true,"href":"https:\/\/www.europesays.com\/fi\/wp-json\/wp\/v2\/media\/4018"}],"wp:attachment":[{"href":"https:\/\/www.europesays.com\/fi\/wp-json\/wp\/v2\/media?parent=119560"}],"wp:term":[{"taxonomy":"category","embeddable":true,"href":"https:\/\/www.europesays.com\/fi\/wp-json\/wp\/v2\/categories?post=119560"},{"taxonomy":"post_tag","embeddable":true,"href":"https:\/\/www.europesays.com\/fi\/wp-json\/wp\/v2\/tags?post=119560"}],"curies":[{"name":"wp","href":"https:\/\/api.w.org\/{rel}","templated":true}]}}