{"id":119561,"date":"2025-12-18T09:30:09","date_gmt":"2025-12-18T09:30:09","guid":{"rendered":"https:\/\/www.europesays.com\/fi\/119561\/"},"modified":"2025-12-18T09:30:09","modified_gmt":"2025-12-18T09:30:09","slug":"hiihto-video-venajan-hiihdosta-leviaa-en-ole-koskaan-nahnyt-mitaan-tallaista","status":"publish","type":"post","link":"https:\/\/www.europesays.com\/fi\/119561\/","title":{"rendered":"Hiihto: Video Ven\u00e4j\u00e4n hiihdosta levi\u00e4\u00e4 \u2013 \u201dEn ole koskaan n\u00e4hnyt mit\u00e4\u00e4n t\u00e4llaista\u201d"},"content":{"rendered":"<p>Ven\u00e4j\u00e4ll\u00e4 sattuu ja tapahtuu.<\/p>\n<p class=\"article-body mb-nof-24 px-nof-16\">Ven\u00e4l\u00e4isten touhut kiinnostavat hiihtomaailmassa entist\u00e4 enemm\u00e4n taas, kun ensimm\u00e4iset ven\u00e4l\u00e4ishiiht\u00e4j\u00e4t on p\u00e4\u00e4stetty mukaan maailmancupin kilpailuihin.<\/p>\n<p class=\"article-body mb-nof-24 px-nof-16\">Suurin osa ven\u00e4l\u00e4isist\u00e4 on viel\u00e4 suljettu kansainv\u00e4lisist\u00e4 kilpailuista, koska heill\u00e4 ei ole neutraalin urheilijan statusta. Ven\u00e4l\u00e4iset suljettiin kansainv\u00e4lisist\u00e4 kilpailuista Ven\u00e4j\u00e4n hy\u00f6kk\u00e4yssodan alettua 2022 Ukrainassa.<\/p>\n<p class=\"article-body mb-nof-24 px-nof-16\">Ven\u00e4l\u00e4iset ovat t\u00e4ll\u00e4 v\u00e4lin kilpailleet kansallisissa kisoissa, joista levi\u00e4\u00e4 nyt h\u00e4tk\u00e4hdytt\u00e4v\u00e4 video. Norjan TV2:n <a class=\"article-genericlink\" href=\"https:\/\/www.tv2.no\/video\/sport\/russiske-bilder-sirkulerer-aldri-sett-maken\/0AUNgtlh6k-20320509\" rel=\"nofollow noopener\" target=\"_blank\">jakamalla<\/a> videolla n\u00e4kyy, miten <a class=\"article-personlink\" href=\"https:\/\/www.is.fi\/haku\/?query=Sergei%20Ustjugovin\" rel=\"nofollow noopener\" target=\"_blank\">Sergei Ustjugovin<\/a> jalka kramppaa ja hiiht\u00e4j\u00e4 t\u00e4risee ladulla holtittomasti.<\/p>\n<p class=\"article-body mb-nof-24 px-nof-16\">TV2:n hiihtoasiantuntija <a class=\"article-personlink\" href=\"https:\/\/www.is.fi\/haku\/?query=Petter%20Skinstad\" rel=\"nofollow noopener\" target=\"_blank\">Petter Skinstad<\/a> ja toimittajat <a class=\"article-personlink\" href=\"https:\/\/www.is.fi\/haku\/?query=Kristoffer%20L%C3%B6k%C3%A5s\" rel=\"nofollow noopener\" target=\"_blank\">Kristoffer L\u00f6k\u00e5s<\/a> ja <a class=\"article-personlink\" href=\"https:\/\/www.is.fi\/haku\/?query=Thomas%20Haarstad\" rel=\"nofollow noopener\" target=\"_blank\">Thomas Haarstad<\/a> \u00e4imistelev\u00e4t n\u00e4kem\u00e4\u00e4ns\u00e4.<\/p>\n<p class=\"article-body mb-nof-24 px-nof-16\">\u2013 N\u00e4m\u00e4 kuvat levi\u00e4v\u00e4t, eiv\u00e4tk\u00e4 syytt\u00e4. T\u00e4m\u00e4 on todella ep\u00e4tavallista, enk\u00e4 ole koskaan n\u00e4hnyt mit\u00e4\u00e4n t\u00e4llaista, Haarstad sanoo.<\/p>\n<p class=\"article-body mb-nof-24 px-nof-16\">Hiiht\u00e4j\u00e4 saa videolla huoltajalta juotavaa ja jatkaa krampista huolimatta matkaa.<\/p>\n<p class=\"article-body mb-nof-24 px-nof-16\">\u2013 En ole koskaan n\u00e4hnyt tuollaista kramppia hiihtokilpailussa. En kilpailijana enk\u00e4 tv:ss\u00e4, sanoo Skinstad.<\/p>\n<p class=\"article-body mb-nof-24 px-nof-16\">Kansainv\u00e4linen hiihtoliitto Fis katsoo neutraaleiksi urheilijoiksi sellaiset ven\u00e4l\u00e4iset ja valkoven\u00e4l\u00e4iset urheilijat, jotka eiv\u00e4t ole tukeneet Ven\u00e4j\u00e4n hy\u00f6kk\u00e4yssotaa Ukrainassa ja joilla ei ole kytk\u00f6ksi\u00e4 Ven\u00e4j\u00e4n armeijaan. Suuri osa Ven\u00e4j\u00e4n hiihtot\u00e4hdist\u00e4 saa tukea maan armeijalta.<\/p>\n<p class=\"article-body mb-nof-24 px-nof-16\">Viime viikon keskiviikkona Fis julkaisi ensimm\u00e4iset kymmenen neutraalia talviurheilijaa ja maastohiiht\u00e4j\u00e4t <a class=\"article-personlink\" href=\"https:\/\/www.is.fi\/haku\/?query=Saveli%20Korosteljov\" rel=\"nofollow noopener\" target=\"_blank\">Saveli Korosteljov<\/a> ja <a class=\"article-personlink\" href=\"https:\/\/www.is.fi\/haku\/?query=Darja%20Neprjajeva\" rel=\"nofollow noopener\" target=\"_blank\">Darja Neprjajeva<\/a> kilpailivat viikonloppuna maailmancupissa Davosissa.<\/p>\n<p class=\"article-body mb-nof-24 px-nof-16\">Ustjugov, 33, oli uransa huipulla Lahden MM-hiihdoissa 2017. Tuolloin h\u00e4n voitti kaksi kultaa ja kolme hopeaa. Sittemmin Ustjugov on saavuttanut viestihopeaa Seefeldin MM-kisoissa 2019 ja viestikultaa Pekingin olympialaisissa 2022.<\/p>\n<p class=\"article-body mb-nof-24 px-nof-16\">H\u00e4net muistetaan my\u00f6s <a class=\"article-genericlink\" href=\"https:\/\/www.is.fi\/hiihtolajit\/art-2000011075236.html\" rel=\"nofollow noopener\" target=\"_blank\">riitaisista v\u00e4leist\u00e4<\/a> <a class=\"article-personlink\" href=\"https:\/\/www.is.fi\/haku\/?query=Aleksandr%20Bolshunoviin\" rel=\"nofollow noopener\" target=\"_blank\">Aleksandr Bolshunoviin<\/a>.<\/p>\n","protected":false},"excerpt":{"rendered":"Ven\u00e4j\u00e4ll\u00e4 sattuu ja tapahtuu. Ven\u00e4l\u00e4isten touhut kiinnostavat hiihtomaailmassa entist\u00e4 enemm\u00e4n taas, kun ensimm\u00e4iset ven\u00e4l\u00e4ishiiht\u00e4j\u00e4t on p\u00e4\u00e4stetty mukaan maailmancupin&hellip;\n","protected":false},"author":2,"featured_media":119562,"comment_status":"","ping_status":"","sticky":false,"template":"","format":"standard","meta":{"footnotes":""},"categories":[158],"tags":[33,31,30,34,159,32,160],"class_list":{"0":"post-119561","1":"post","2":"type-post","3":"status-publish","4":"format-standard","5":"has-post-thumbnail","7":"category-urheilu","8":"tag-fi","9":"tag-finland","10":"tag-finnish","11":"tag-ilta-sanomat","12":"tag-sports","13":"tag-suomi","14":"tag-urheilu"},"share_on_mastodon":{"url":"https:\/\/pubeurope.com\/@fi\/115739874057574239","error":""},"_links":{"self":[{"href":"https:\/\/www.europesays.com\/fi\/wp-json\/wp\/v2\/posts\/119561","targetHints":{"allow":["GET"]}}],"collection":[{"href":"https:\/\/www.europesays.com\/fi\/wp-json\/wp\/v2\/posts"}],"about":[{"href":"https:\/\/www.europesays.com\/fi\/wp-json\/wp\/v2\/types\/post"}],"author":[{"embeddable":true,"href":"https:\/\/www.europesays.com\/fi\/wp-json\/wp\/v2\/users\/2"}],"replies":[{"embeddable":true,"href":"https:\/\/www.europesays.com\/fi\/wp-json\/wp\/v2\/comments?post=119561"}],"version-history":[{"count":0,"href":"https:\/\/www.europesays.com\/fi\/wp-json\/wp\/v2\/posts\/119561\/revisions"}],"wp:featuredmedia":[{"embeddable":true,"href":"https:\/\/www.europesays.com\/fi\/wp-json\/wp\/v2\/media\/119562"}],"wp:attachment":[{"href":"https:\/\/www.europesays.com\/fi\/wp-json\/wp\/v2\/media?parent=119561"}],"wp:term":[{"taxonomy":"category","embeddable":true,"href":"https:\/\/www.europesays.com\/fi\/wp-json\/wp\/v2\/categories?post=119561"},{"taxonomy":"post_tag","embeddable":true,"href":"https:\/\/www.europesays.com\/fi\/wp-json\/wp\/v2\/tags?post=119561"}],"curies":[{"name":"wp","href":"https:\/\/api.w.org\/{rel}","templated":true}]}}