{"id":119578,"date":"2025-12-18T09:56:10","date_gmt":"2025-12-18T09:56:10","guid":{"rendered":"https:\/\/www.europesays.com\/fi\/119578\/"},"modified":"2025-12-18T09:56:10","modified_gmt":"2025-12-18T09:56:10","slug":"jari-matti-latvalaa-syytetaan-torkeasta-veropetoksesta-2","status":"publish","type":"post","link":"https:\/\/www.europesays.com\/fi\/119578\/","title":{"rendered":"Jari-Matti Latvalaa syytet\u00e4\u00e4n t\u00f6rke\u00e4st\u00e4 veropetoksesta"},"content":{"rendered":"<p>Oikeus|Korkein oikeus linjannee l\u00e4hiaikoina, pit\u00e4\u00e4k\u00f6 verottajan tehd\u00e4 rikosilmoitus tietyss\u00e4 m\u00e4\u00e4r\u00e4ajassa, jotta tuomioistuin voi tutkia veropetossyytteen.<\/p>\n<p>Lue tiivistelm\u00e4<\/p>\n<p class=\"article-body mb-nof-24 px-nof-16 sndp-summary-bullet-point-font\">Rallit\u00e4hti Jari-Matti Latvalan t\u00f6rke\u00e4\u00e4 veropetosta koskeva oikeudenk\u00e4ynti on viiv\u00e4stynyt, koska korkein oikeus k\u00e4sittelee vastaavaa tapausta.<\/p>\n<p class=\"article-body mb-nof-24 px-nof-16 sndp-summary-bullet-point-font\">Latvalan mukaan verottaja teki rikosilmoituksen h\u00e4nen verotusasioistaan liian my\u00f6h\u00e4\u00e4n, mink\u00e4 vuoksi asia ei h\u00e4nen mukaansa kuulu oikeuteen.<\/p>\n<p class=\"article-body mb-nof-24 px-nof-16 sndp-summary-bullet-point-font\">Korkein oikeus linjaa alkuvuodesta, pit\u00e4\u00e4k\u00f6 verottajan tehd\u00e4 rikosilmoitus tietyss\u00e4 m\u00e4\u00e4r\u00e4ajassa, mik\u00e4 voi johtaa Latvalan tapauksen raukeamiseen.<\/p>\n<p class=\"article-body mb-nof-24 px-nof-16 sndp-summary-bullet-point-font\">Latvala maksoi noin 4,5 miljoonan euron verovelat, mutta asia eteni silti rikossyytteeseen asti.<\/p>\n<p class=\"article-body mb-nof-24 px-nof-16\">Rallit\u00e4hti <a class=\"article-personlink\" href=\"https:\/\/www.hs.fi\/haku\/?query=Jari-Matti%20Latvala\" rel=\"nofollow noopener\" target=\"_blank\">Jari-Matti Latvala<\/a>, 40, kommentoi nyt ensimm\u00e4ist\u00e4 kertaa rikosjuttunsa uusinta yll\u00e4tt\u00e4v\u00e4\u00e4 k\u00e4\u00e4nnett\u00e4.<\/p>\n<p class=\"article-body mb-nof-24 px-nof-16\">Rallin MM-sarjassa Toyotan tallip\u00e4\u00e4llikk\u00f6n\u00e4 ty\u00f6skentelev\u00e4n Latvalan oli m\u00e4\u00e4r\u00e4 vastata t\u00e4ll\u00e4 viikolla syytteeseen t\u00f6rke\u00e4st\u00e4 veropetoksesta, mutta Helsingin k\u00e4r\u00e4j\u00e4oikeus perui k\u00e4sittelyn joulukuun alussa.<\/p>\n<p class=\"article-body mb-nof-24 px-nof-16\">Uusi k\u00e4sittelyp\u00e4iv\u00e4 ei ole toistaiseksi tiedossa.<\/p>\n<p class=\"article-body mb-nof-24 px-nof-16\">\u201dKaikki on nyt mahdollista\u201d, Latvala sanoo HS:lle.<\/p>\n<p class=\"article-body mb-nof-24 px-nof-16\">Syyn\u00e4 yll\u00e4tt\u00e4v\u00e4lle peruuntumiselle on Latvalan k\u00e4r\u00e4j\u00e4oikeudelle esitt\u00e4m\u00e4 prosessiv\u00e4ite.<\/p>\n<p class=\"article-body mb-nof-24 px-nof-16\">Latvalan mukaan verottaja teki rikosilmoituksen h\u00e4nen verotusasioistaan laissa s\u00e4\u00e4detyn m\u00e4\u00e4r\u00e4ajan j\u00e4lkeen. T\u00e4st\u00e4 syyst\u00e4 Latvala katsoo, ettei juttua pit\u00e4isi k\u00e4sitell\u00e4 rikosasiana oikeudessa.<\/p>\n<p class=\"article-body mb-nof-24 px-nof-16\">Lis\u00e4ksi korkeimmassa oikeudessa (KKO) on vireill\u00e4 toinen vastaavankaltainen veropetosasia, jonka lopputulosta k\u00e4r\u00e4j\u00e4oikeus haluaa odottaa.<\/p>\n<p class=\"article-body mb-nof-24 px-nof-16\">KKO linjannee l\u00e4hiaikoina, pit\u00e4\u00e4k\u00f6 verottajan tehd\u00e4 rikosilmoitus tietyss\u00e4 m\u00e4\u00e4r\u00e4ajassa, jotta tuomioistuin voi tutkia veropetossyytteen.<\/p>\n<p class=\"article-body mb-nof-24 px-nof-16\">Korkeimman oikeuden ratkaisulla voi olla suuri merkitys Latvalan oikeudenk\u00e4yntiin \u2013 jopa siin\u00e4 m\u00e4\u00e4rin, ett\u00e4 koko tapaus voisi raueta.<\/p>\n<p class=\"article-body mb-nof-24 px-nof-16\">KKO:n p\u00e4\u00e4t\u00f6ksen on m\u00e4\u00e4r\u00e4 tulla alkuvuodesta.<\/p>\n<p class=\"article-body mb-nof-24 px-nof-16\">\u201dSit\u00e4 t\u00e4ss\u00e4 jo nyt j\u00e4nnit\u00e4n suuresti\u201d, Latvala my\u00f6nt\u00e4\u00e4.<\/p>\n<blockquote class=\"p-[var(--citation-padding)] m-[var(--citation-margin)] border-y-[length:var(--citation-border-width)] border-y-[color:var(--citation-border-color)]\">\n<p>Prosessi on raastanut mielt\u00e4ni raskaasti jo useita vuosia, vaikka en katso toimineeni laittomasti.<\/p>\n<\/blockquote>\n<p class=\"article-body mb-nof-24 px-nof-16\">H\u00e4n avautuu asian aiheuttamista tunnereaktioista.<\/p>\n<p class=\"article-body mb-nof-24 px-nof-16\">\u201dMinulle olisi sanoinkuvaamattoman suuri helpotus, jos t\u00e4lle veroriidalle saataisiin piste kokonaan ilman rikosoikeusprosessia. T\u00e4m\u00e4 prosessi on raastanut mielt\u00e4ni raskaasti jo useita vuosia, vaikka en katso toimineeni laittomasti\u201d, h\u00e4n sanoo.<\/p>\n<p class=\"article-body mb-nof-24 px-nof-16\">\u201dJos taas prosessia jatketaan, pelk\u00e4\u00e4n asioiden k\u00e4sittelyn viev\u00e4n viel\u00e4 useampia vuosia lis\u00e4\u00e4\u201d, Latvala kertoo.<\/p>\n<p class=\"article-body mb-nof-24 px-nof-16\">Syytteen mukaan rikos on tapahtunut lokakuun 2015 ja lokakuun 2018 v\u00e4lisen\u00e4 aikana. N\u00e4in\u00e4 vuosina osittain ulkomailla eli Monacossa asuneen Latvalan ja Suomen valtion v\u00e4lill\u00e4 vallitsi erimielisyys siit\u00e4, miten Latvalan matkap\u00e4iv\u00e4t ulkomailla tulisi laskea.<\/p>\n<p class=\"article-body mb-nof-24 px-nof-16\">Latvalalle m\u00e4\u00e4r\u00e4ttiin sittemmin noin 4,5 miljoonan euron verovelat, jotka h\u00e4n maksoi sovitussa aikataulussa.<\/p>\n<p class=\"article-body mb-nof-24 px-nof-16\">Jupakka ei p\u00e4\u00e4ttynyt siihen, vaan asia eteni rikostutkintaan ja rikossyytteeseen asti. Oikeusk\u00e4sittelyn peruuntumisesta uutisoi aiemmin <a class=\"article-genericlink\" href=\"https:\/\/www.iltalehti.fi\/ralli\/a\/64b8a586-9e79-4e2c-a076-2762a75b9ae7\" rel=\"nofollow noopener\" target=\"_blank\">Iltalehti<\/a>.<\/p>\n<p class=\"article-body mb-nof-24 px-nof-16\">Latvala voitti aiemmin t\u00e4n\u00e4 vuonna rallin historic-luokan EM-sarjan.<\/p>\n","protected":false},"excerpt":{"rendered":"Oikeus|Korkein oikeus linjannee l\u00e4hiaikoina, pit\u00e4\u00e4k\u00f6 verottajan tehd\u00e4 rikosilmoitus tietyss\u00e4 m\u00e4\u00e4r\u00e4ajassa, jotta tuomioistuin voi tutkia veropetossyytteen. Lue tiivistelm\u00e4 Rallit\u00e4hti&hellip;\n","protected":false},"author":2,"featured_media":119579,"comment_status":"","ping_status":"","sticky":false,"template":"","format":"standard","meta":{"footnotes":""},"categories":[158],"tags":[33,31,30,46,159,32,160],"class_list":{"0":"post-119578","1":"post","2":"type-post","3":"status-publish","4":"format-standard","5":"has-post-thumbnail","7":"category-urheilu","8":"tag-fi","9":"tag-finland","10":"tag-finnish","11":"tag-helsingin-sanomat","12":"tag-sports","13":"tag-suomi","14":"tag-urheilu"},"share_on_mastodon":{"url":"https:\/\/pubeurope.com\/@fi\/115739976333443897","error":""},"_links":{"self":[{"href":"https:\/\/www.europesays.com\/fi\/wp-json\/wp\/v2\/posts\/119578","targetHints":{"allow":["GET"]}}],"collection":[{"href":"https:\/\/www.europesays.com\/fi\/wp-json\/wp\/v2\/posts"}],"about":[{"href":"https:\/\/www.europesays.com\/fi\/wp-json\/wp\/v2\/types\/post"}],"author":[{"embeddable":true,"href":"https:\/\/www.europesays.com\/fi\/wp-json\/wp\/v2\/users\/2"}],"replies":[{"embeddable":true,"href":"https:\/\/www.europesays.com\/fi\/wp-json\/wp\/v2\/comments?post=119578"}],"version-history":[{"count":0,"href":"https:\/\/www.europesays.com\/fi\/wp-json\/wp\/v2\/posts\/119578\/revisions"}],"wp:featuredmedia":[{"embeddable":true,"href":"https:\/\/www.europesays.com\/fi\/wp-json\/wp\/v2\/media\/119579"}],"wp:attachment":[{"href":"https:\/\/www.europesays.com\/fi\/wp-json\/wp\/v2\/media?parent=119578"}],"wp:term":[{"taxonomy":"category","embeddable":true,"href":"https:\/\/www.europesays.com\/fi\/wp-json\/wp\/v2\/categories?post=119578"},{"taxonomy":"post_tag","embeddable":true,"href":"https:\/\/www.europesays.com\/fi\/wp-json\/wp\/v2\/tags?post=119578"}],"curies":[{"name":"wp","href":"https:\/\/api.w.org\/{rel}","templated":true}]}}