{"id":119582,"date":"2025-12-18T10:00:10","date_gmt":"2025-12-18T10:00:10","guid":{"rendered":"https:\/\/www.europesays.com\/fi\/119582\/"},"modified":"2025-12-18T10:00:10","modified_gmt":"2025-12-18T10:00:10","slug":"kemijoki-oy-ja-caverion-uudistavat-yli-kymmenen-vuoden-kumppanuuttaan","status":"publish","type":"post","link":"https:\/\/www.europesays.com\/fi\/119582\/","title":{"rendered":"Kemijoki Oy ja Caverion uudistavat yli kymmenen vuoden kumppanuuttaan"},"content":{"rendered":"<p><strong><\/p>\n<p>Kemijoki Oy ja Caverion Suomi Oy ovat allekirjoittaneet 16.12.2025 sopimuksen, jonka my\u00f6t\u00e4 Caverion jatkaa Kemijoen vesist\u00f6alueella voimalaitosten viankorjaus-, kunnossapito- ja uudistamist\u00f6iss\u00e4 sek\u00e4 erin\u00e4isiss\u00e4 projekteissa. T\u00e4m\u00e4n lis\u00e4ksi Caverion jatkaa Kemijoki Oy:n Lieksan ja Kymijoen alueen vesivoimalaitoksilla k\u00e4ynniss\u00e4- ja kunnossapitopalveluiden tuottajana.<\/p>\n<p><\/strong><\/p>\n<p>Osana sopimusta noin 70 Caverionin ty\u00f6ntekij\u00e4\u00e4 siirtyy liikkeenluovutuksella 1.3.2026 Kemijoki Oy:n ty\u00f6ntekij\u00f6iksi. Liikkeenluovutuksen kohteena on Kemijoen vesist\u00f6alueen vesivoimalaitosten k\u00e4ynniss\u00e4- ja kunnossapito. Henkil\u00f6st\u00f6 siirtyy niin sanotusti vanhoina ty\u00f6ntekij\u00f6in\u00e4, eik\u00e4 sopimuksen uusintaan liity henkil\u00f6st\u00f6n v\u00e4hent\u00e4mistarvetta. \u00a0<\/p>\n<p>Liikkeenluovutuksen taustalla on valtioneuvoston linjaus, joka edellytt\u00e4\u00e4 Kemijoki Oy:lt\u00e4 s\u00e4hk\u00f6j\u00e4rjestelm\u00e4n s\u00e4\u00e4t\u00f6voiman ja uudelleenk\u00e4ynnistysresurssin sek\u00e4 laajemmin huoltovarmuuden varmistamista kaikissa olosuhteissa.\u00a0<\/p>\n<p>\u201cStrategiamme ytimess\u00e4 on voimalaitostemme korkea k\u00e4ytett\u00e4vyys, joka on elint\u00e4rke\u00e4\u00e4 kansallisen huoltovarmuuden kannalta. T\u00e4m\u00e4n varmistamme vahvistamalla osaamista ja resurssien saatavuutta sek\u00e4 tekem\u00e4ll\u00e4 kasvavia ja monipuolistuvia investointeja. Jatkamme hyv\u00e4\u00e4 kumppanuuttamme Caverionin kanssa. Samalla toivotamme uudet ty\u00f6ntekij\u00e4t l\u00e4mpim\u00e4sti tervetulleiksi vahvistamaan vesis\u00e4hk\u00f6osaajien joukkoamme\u201d, sanoo <strong>Kemijoki Oy:n toimitusjohtaja Tuomas Timonen<\/strong>.\u202f\u00a0<\/p>\n<p>\u201dVarmistamme omalla ammattitaidollamme, ett\u00e4 Suomen huoltovarmuusketju on hyv\u00e4ss\u00e4 kunnossa. Caverionilla ja Kemijoki Oy:ll\u00e4 on yli kymmenen vuoden kumppanuussuhde, t\u00e4m\u00e4 viestii hyv\u00e4st\u00e4 yhdess\u00e4 onnistumisesta, kumppanuudesta. Teemme aina yhti\u00f6n\u00e4 parhaamme, ett\u00e4 l\u00f6yd\u00e4mme parhaan mahdollisen ratkaisun asiakkaidemme kulloiseenkin strategiaan ja tahtotilaan. Kumppanuudessa tarvitsemme molemmat toisiamme. Olemme hyvin tyytyv\u00e4isi\u00e4, ett\u00e4 kumppanuutemme my\u00f6s Kemijoki Oy:n kanssa jatkuu edelleen vahvana ja tiiviin\u00e4. Yhti\u00f6mme koko johto arvostaa Kemijoki Oy:n palvelukseen siirtyv\u00e4\u00e4 henkil\u00f6st\u00f6\u00e4, heid\u00e4n ty\u00f6panostaan ja ammattitaitoaan. Toivotamme heille menestyst\u00e4 uusissa teht\u00e4viss\u00e4\u201d, sanoo <strong>Mika Ruokonen, Caverionin Teollisuuden palvelukeskukset liiketoimintajohtaja<\/strong>.\u00a0<\/p>\n<p>Lis\u00e4tietoja\u00a0<\/p>\n<p>Tuomas Timonen<br \/>Toimitusjohtaja<br \/>Kemijoki Oy<br \/>S\u00e4hk\u00f6posti tuomas.timonen@kemijoki.fi<br \/>Puhelin 020 703 4410<\/p>\n<p>Mika Ruokonen<br \/>Liiketoimintajohtaja<br \/>Caverion Teollisuuden palvelukeskukset<br \/>S\u00e4hk\u00f6posti mika.ruokonen@caverion.com<br \/>Puhelin 050 440 2449 \u00a0<\/p>\n<p><strong>Caverion<\/strong> on \u00e4lykk\u00e4\u00e4n ja kest\u00e4v\u00e4n rakennetun ymp\u00e4rist\u00f6n asiantuntija, joka mahdollistaa suorituskyky\u00e4 ja ihmisten hyvinvointia. Asiakkaat voivat luottaa meihin kiinteist\u00f6jen, teollisuuslaitosten ja infrastruktuurin koko elinkaaren ajan. Teknisten palvelujen markkinajohtajana tarjoamme laajimmat palvelut: asiantuntijapalvelut ja -ratkaisut, asennus ja projektit, huolto ja kunnossapito sek\u00e4 toimintojen johtaminen ja varmistaminen. Palvelemme asiakkaitamme Suomessa maanlaajuisesti noin 5 000 caverimme voimin. Liikevaihtomme (Suomi ja Baltia sek\u00e4 Fidelix) on yhteens\u00e4 noin 900 miljoonaa euroa.\u00a0Assemblin Caverion Group muodostettiin huhtikuussa 2024 Assemblinin ja Caverionin yhdistytty\u00e4 Pohjois-Euroopan johtavaksi konserniksi teknisiss\u00e4 palveluissa ja asennuksissa. Noin 20 000 ammattilaistamme 9 maassa jakavat innon \u00e4lykk\u00e4isiin ja kest\u00e4viin ratkaisuihin. Liikevaihtomme on yhteens\u00e4 noin 3,6 miljardia euroa. \u00a0<br \/><a href=\"http:\/\/www.caverion.fi\/\" rel=\"nofollow noopener\" target=\"_blank\">www.caverion.fi<\/a> @CaverionSuomi <br \/><a href=\"https:\/\/www.assemblincaverion.com\" rel=\"nofollow noopener\" target=\"_blank\">www.assemblincaverion.com<\/a>\u00a0<br \/>#Caverion #BuildingPerformance <br \/>#AssemblinCaverionGroup<\/p>\n","protected":false},"excerpt":{"rendered":"Kemijoki Oy ja Caverion Suomi Oy ovat allekirjoittaneet 16.12.2025 sopimuksen, jonka my\u00f6t\u00e4 Caverion jatkaa Kemijoen vesist\u00f6alueella voimalaitosten viankorjaus-,&hellip;\n","protected":false},"author":2,"featured_media":119583,"comment_status":"","ping_status":"","sticky":false,"template":"","format":"standard","meta":{"footnotes":""},"categories":[76],"tags":[79,77,33,31,30,32,78],"class_list":{"0":"post-119582","1":"post","2":"type-post","3":"status-publish","4":"format-standard","5":"has-post-thumbnail","7":"category-talous","8":"tag-business","9":"tag-economy","10":"tag-fi","11":"tag-finland","12":"tag-finnish","13":"tag-suomi","14":"tag-talous"},"share_on_mastodon":{"url":"https:\/\/pubeurope.com\/@fi\/115739992203973554","error":""},"_links":{"self":[{"href":"https:\/\/www.europesays.com\/fi\/wp-json\/wp\/v2\/posts\/119582","targetHints":{"allow":["GET"]}}],"collection":[{"href":"https:\/\/www.europesays.com\/fi\/wp-json\/wp\/v2\/posts"}],"about":[{"href":"https:\/\/www.europesays.com\/fi\/wp-json\/wp\/v2\/types\/post"}],"author":[{"embeddable":true,"href":"https:\/\/www.europesays.com\/fi\/wp-json\/wp\/v2\/users\/2"}],"replies":[{"embeddable":true,"href":"https:\/\/www.europesays.com\/fi\/wp-json\/wp\/v2\/comments?post=119582"}],"version-history":[{"count":0,"href":"https:\/\/www.europesays.com\/fi\/wp-json\/wp\/v2\/posts\/119582\/revisions"}],"wp:featuredmedia":[{"embeddable":true,"href":"https:\/\/www.europesays.com\/fi\/wp-json\/wp\/v2\/media\/119583"}],"wp:attachment":[{"href":"https:\/\/www.europesays.com\/fi\/wp-json\/wp\/v2\/media?parent=119582"}],"wp:term":[{"taxonomy":"category","embeddable":true,"href":"https:\/\/www.europesays.com\/fi\/wp-json\/wp\/v2\/categories?post=119582"},{"taxonomy":"post_tag","embeddable":true,"href":"https:\/\/www.europesays.com\/fi\/wp-json\/wp\/v2\/tags?post=119582"}],"curies":[{"name":"wp","href":"https:\/\/api.w.org\/{rel}","templated":true}]}}