{"id":119594,"date":"2025-12-18T10:18:08","date_gmt":"2025-12-18T10:18:08","guid":{"rendered":"https:\/\/www.europesays.com\/fi\/119594\/"},"modified":"2025-12-18T10:18:08","modified_gmt":"2025-12-18T10:18:08","slug":"jaana-saarinen-entinen-salatut-elamat-nayttelija-lapsitahtena-katso-kuvat-ja-tarina","status":"publish","type":"post","link":"https:\/\/www.europesays.com\/fi\/119594\/","title":{"rendered":"Jaana Saarinen: Entinen Salatut el\u00e4m\u00e4t -n\u00e4yttelij\u00e4 lapsit\u00e4hten\u00e4 &#8211; Katso kuvat ja tarina"},"content":{"rendered":"<p>\n            20241114, Helsinki. Pohjolan laki ja Ivalo tv-sarjojen pressi. Kuvassa Jaana Saarinen.<br \/>\n            Timo Korhonen\n        <\/p>\n<p class=\"subtitle \">Entinen Salatut el\u00e4m\u00e4t -n\u00e4yttelij\u00e4 aloitti uransa jo leikki-ik\u00e4isen\u00e4 naperona.<\/p>\n<p class=\"article-content article-content-width !bg-background\">Suurelle yleis\u00f6lle  on yht\u00e4 kuin Salattujen el\u00e4mien Maarit Salin, Hopeanuolien Ritva Pajunen tai Mielens\u00e4pahoittajan mielitietty Saimi.<\/p>\n<p class=\"font-weight-bold m-font-weight-bold article-content article-content-width !bg-background\">Videolla n\u00e4yttelij\u00e4 Sari Havas kertoo, mink\u00e4 leffan katsoi viimeksi.\u00a0<\/p>\n<p class=\"article-content article-content-width !bg-background\">Jaana on ehtinyt tehd\u00e4 monenlaisia rooleja pitk\u00e4n uransa aikana. Itse asiassa h\u00e4nen uransa alkoi jo pikkutytt\u00f6n\u00e4 televisiossa ja valkokankaalla.<\/p>\n<p>        <a itemprop=\"url\" href=\"https:\/\/www.seiska.fi\/katso\/jaana-saarisen-hahmo-saa-mielensapahoittajan-rakastumaan-erilaiset-henkilot-voivat-rakastua\/1135880\" rel=\"nofollow noopener\" target=\"_blank\"><\/p>\n<p class=\"section-date\">\n        <strong class=\"article-section\" data-section=\"katso\"><br \/>\n            katso<br \/>\n        <\/strong><br \/>\n        12.9.2023 17:15\n    <\/p>\n<p>Jaana Saarisen hahmo saa Mielens\u00e4pahoittajan rakastumaan: &#8221;Erilaiset henkil\u00f6t voivat rakastua&#8221;\n    <\/p>\n<p itemprop=\"description\" class=\"subtitle \">\n    Jaana kertoo, ett\u00e4 unelma-ammatissa jokainen rooli on unelmien t\u00e4yttymys.\n<\/p>\n<p>        <\/a><\/p>\n<p class=\"article-content article-content-width !bg-background\">Torstaina 18. joulukuuta TV1:ll\u00e4 n\u00e4hd\u00e4\u00e4n  ohjaama musiikkikomedia Molskis, sanoi Eemeli, molskis!.<\/p>\n<p class=\"article-content article-content-width !bg-background\">Elokuvaa t\u00e4hditt\u00e4v\u00e4t muun muassa , ,  ,  ja .<\/p>\n<p class=\"article-content article-content-width !bg-background\">Vuonna 1960 ensi-illan saaneessa filmiss\u00e4 n\u00e4hd\u00e4\u00e4n my\u00f6s roolihenkil\u00f6 Pikku-Jaana, jota n\u00e4yttelee kuvausaikaan 5-vuotias Jaana Saarinen.<\/p>\n<p>Jaana orpolapsena<\/p>\n<p class=\"article-content article-content-width !bg-background\">Elokuvassa Jaana esitt\u00e4\u00e4 \u00e4itins\u00e4 menett\u00e4nytt\u00e4 tytt\u00f6\u00e4, jonka is\u00e4 on sys\u00e4nnyt ilke\u00e4n t\u00e4din huollettavaksi.\u00a0<\/p>\n<p class=\"article-content article-content-width !bg-background\">Jaana l\u00e4htee Vesa-veljens\u00e4 () kanssa etsim\u00e4\u00e4n is\u00e4\u00e4ns\u00e4 ja t\u00e4m\u00e4n uutta vaimoa Lauttasaaresta.<\/p>\n<p>                <img decoding=\"async\" src=\"https:\/\/www.europesays.com\/fi\/wp-content\/uploads\/2025\/12\/2025321.webp\" width=\"576\" height=\"586\" alt=\"Jaana Saarinen t\u00e4ytti 22. kes\u00e4kuuta 1960 viisi vuotta. Elokuva kuvattiin alkusyksyst\u00e4 1960.\" loading=\"lazy\" \/>            <\/p>\n<p>\n            Jaana Saarinen t\u00e4ytti 22. kes\u00e4kuuta 1960 viisi vuotta. Elokuva kuvattiin alkusyksyst\u00e4 1960.<br \/>\n            Suomen Filmiteollisuus\/Kavi\n        <\/p>\n<p class=\"article-content article-content-width !bg-background\">Kun lapset vaeltavat Helsingin-kaduilla, vossikan apukuski Eemeli ottaa heid\u00e4t mukaansa ja antaa vossikkakuski Wernerin ja t\u00e4m\u00e4n tytt\u00e4rentytt\u00e4ren Katriinan hoiviin ottolapsiksi.\u00a0<\/p>\n<p>        <a itemprop=\"url\" href=\"https:\/\/www.seiska.fi\/katso\/spede-pasanen-salasi-saamansa-miljoonatuet-syytti-lehdistoa-omista-valheistaan\/1397662\" rel=\"nofollow noopener\" target=\"_blank\"><\/p>\n<p class=\"section-date\">\n        <strong class=\"article-section\" data-section=\"katso\"><br \/>\n            katso<br \/>\n        <\/strong><br \/>\n        3.7.2024 12:34\n    <\/p>\n<p>Spede Pasanen salasi saamansa miljoonatuet \u2013 syytti lehdist\u00f6\u00e4 omista valheistaan\n    <\/p>\n<p itemprop=\"description\" class=\"subtitle \">\n    Spede Pasasen hy\u00f6kk\u00e4ys Suomen elokuvas\u00e4\u00e4ti\u00f6t\u00e4 vastaan oli viihdemogulin julkisuustemppu.\n<\/p>\n<p>        <\/a><\/p>\n<p class=\"article-content article-content-width !bg-background\"> k\u00e4sikirjoittama Molskis, sanoi Eemeli, molskis! oli yksi kolmesta Eemeli-elokuvasta, jotka tehtiin vuosina 1960-1962.<\/p>\n<p class=\"article-content article-content-width !bg-background\">Molskis, sanoi Eemeli, molskis! oli Jaanan ensimm\u00e4inen elokuva. Ensimm\u00e4inen elokuvaosa se oli my\u00f6s  tuotannoista my\u00f6hemmin tutulle .\u00a0<\/p>\n<p class=\"article-content article-content-width !bg-background\">Simo n\u00e4hd\u00e4\u00e4n elokuvan Uimastadion-kohtauksessa.\u00a0<\/p>\n<p>Siskon kanssa telkkarissa<\/p>\n<p class=\"article-content article-content-width !bg-background\">Jaanan lapsit\u00e4hteys ei j\u00e4\u00e4nyt Suomen Filmiteollisuuden elokuvaan.<\/p>\n<p class=\"article-content article-content-width !bg-background\">Samalla vuosikymmenell\u00e4 h\u00e4n esiintyi siskonsa  kanssa lastenohjelmassa Niksulan TV, josta 1960-luvulla vastasi n\u00e4yttelij\u00e4pariskunta  ja .<\/p>\n<p>                <img decoding=\"async\" src=\"https:\/\/www.europesays.com\/fi\/wp-content\/uploads\/2025\/12\/2025325.webp\" width=\"576\" height=\"581\" alt=\"Molskis, sanoi Eemeli, molskis! -elokuvassa Jaana p\u00e4\u00e4si n\u00e4yttelij\u00e4legenda Tapio Rautavaaran syliin.\" loading=\"lazy\" \/>            <\/p>\n<p>\n            Molskis, sanoi Eemeli, molskis! -elokuvassa Jaana p\u00e4\u00e4si n\u00e4yttelij\u00e4legenda Tapio Rautavaaran syliin.<br \/>\n            Suomen Filmiteollisuus\/Kavi\n        <\/p>\n<p class=\"article-content article-content-width !bg-background\">Kouluik\u00e4isen\u00e4 vuonna 1969 Jaana n\u00e4ytteli television\u00e4ytelm\u00e4ss\u00e4 Tirlittan, joka perustui  satukirjaan.<\/p>\n<p class=\"article-content article-content-width !bg-background\">Jaana oli vain 21-vuotias aloittaessaan kiinnitettyn\u00e4 teatterin\u00e4yttelij\u00e4n\u00e4. Pisimp\u00e4\u00e4n h\u00e4n n\u00e4ytteli Kotkan kaupunginteatterissa.<\/p>\n<p class=\"italic m-italic article-content article-content-width !bg-background\">Molskis, sanoi Eemeli, Molskis! n\u00e4hd\u00e4\u00e4n keskiviikkona 18. joulukuuta klo 13.26 TV1:ll\u00e4.\u00a0<\/p>\n<p>        <a itemprop=\"url\" href=\"https:\/\/www.seiska.fi\/katso\/tapio-rautavaaralta-ennen-julkaisematonta-elokuvamusiikkia\/1899849\" rel=\"nofollow noopener\" target=\"_blank\"><\/p>\n<p>\nTapio Rautavaara\n<\/p>\n<p class=\"section-date\">\n        <strong class=\"article-section\" data-section=\"katso\"><br \/>\n            katso<br \/>\n        <\/strong><br \/>\n        15.8. 10:18\n    <\/p>\n<p>Tapio Rautavaaralta ennen julkaisematonta elokuvamusiikkia!\n    <\/p>\n<p itemprop=\"description\" class=\"subtitle \">\n    Kattava uutuuslevy sis\u00e4lt\u00e4\u00e4 kaksi kappaletta Rautavaaran t\u00e4hditt\u00e4m\u00e4st\u00e4 elokuvasta Salakuljettajan laulu.\n<\/p>\n<p>        <\/a><\/p>\n","protected":false},"excerpt":{"rendered":"20241114, Helsinki. Pohjolan laki ja Ivalo tv-sarjojen pressi. Kuvassa Jaana Saarinen. Timo Korhonen Entinen Salatut el\u00e4m\u00e4t -n\u00e4yttelij\u00e4 aloitti&hellip;\n","protected":false},"author":2,"featured_media":119595,"comment_status":"","ping_status":"","sticky":false,"template":"","format":"standard","meta":{"footnotes":""},"categories":[133],"tags":[21625,137,33,31,30,21623,21622,1127,6207,21620,21618,21617,21616,21615,21619,21614,21613,21612,32,3760,21628,206,156,21627,21626,109,21624,21621],"class_list":{"0":"post-119594","1":"post","2":"type-post","3":"status-publish","4":"format-standard","5":"has-post-thumbnail","7":"category-televisiot","8":"tag-eemeli","9":"tag-entertainment","10":"tag-fi","11":"tag-finland","12":"tag-finnish","13":"tag-irja-ranin","14":"tag-jaana-saarinen","15":"tag-lapsi","16":"tag-lapsitahti","17":"tag-matti-ranin","18":"tag-molskis","19":"tag-oiva-paloheimo","20":"tag-reino-helismaa","21":"tag-saana-elina-saarinen","22":"tag-sanoi-eemeli","23":"tag-simo-salminen","24":"tag-spede-pasanen","25":"tag-suomen-filmiteollisuus","26":"tag-suomi","27":"tag-tapio-rautavaara","28":"tag-tarja-nurmi","29":"tag-televisiot","30":"tag-tv","31":"tag-uljas-kandolin","32":"tag-vesa-enne","33":"tag-viihde","34":"tag-ville-salminen","35":"tag-ville-veikko-salminen"},"share_on_mastodon":{"url":"https:\/\/pubeurope.com\/@fi\/115740062944929423","error":""},"_links":{"self":[{"href":"https:\/\/www.europesays.com\/fi\/wp-json\/wp\/v2\/posts\/119594","targetHints":{"allow":["GET"]}}],"collection":[{"href":"https:\/\/www.europesays.com\/fi\/wp-json\/wp\/v2\/posts"}],"about":[{"href":"https:\/\/www.europesays.com\/fi\/wp-json\/wp\/v2\/types\/post"}],"author":[{"embeddable":true,"href":"https:\/\/www.europesays.com\/fi\/wp-json\/wp\/v2\/users\/2"}],"replies":[{"embeddable":true,"href":"https:\/\/www.europesays.com\/fi\/wp-json\/wp\/v2\/comments?post=119594"}],"version-history":[{"count":0,"href":"https:\/\/www.europesays.com\/fi\/wp-json\/wp\/v2\/posts\/119594\/revisions"}],"wp:featuredmedia":[{"embeddable":true,"href":"https:\/\/www.europesays.com\/fi\/wp-json\/wp\/v2\/media\/119595"}],"wp:attachment":[{"href":"https:\/\/www.europesays.com\/fi\/wp-json\/wp\/v2\/media?parent=119594"}],"wp:term":[{"taxonomy":"category","embeddable":true,"href":"https:\/\/www.europesays.com\/fi\/wp-json\/wp\/v2\/categories?post=119594"},{"taxonomy":"post_tag","embeddable":true,"href":"https:\/\/www.europesays.com\/fi\/wp-json\/wp\/v2\/tags?post=119594"}],"curies":[{"name":"wp","href":"https:\/\/api.w.org\/{rel}","templated":true}]}}