{"id":119619,"date":"2025-12-18T10:52:10","date_gmt":"2025-12-18T10:52:10","guid":{"rendered":"https:\/\/www.europesays.com\/fi\/119619\/"},"modified":"2025-12-18T10:52:10","modified_gmt":"2025-12-18T10:52:10","slug":"rosendahl-yrityslainojen-vakuusvaateita-kevennetty-uutisrauma","status":"publish","type":"post","link":"https:\/\/www.europesays.com\/fi\/119619\/","title":{"rendered":"Rosendahl: Yrityslainojen vakuusvaateita kevennetty | UutisRauma"},"content":{"rendered":"<p>Yrityspankinjohtaja muistuttaa, ett\u00e4 yrityksi\u00e4 on pyritty tulemaan vastaan.<\/p>\n<p class=\"kirjoittaja\">Pau\u00adli Uu\u00adsi-Kil\u00adpo\u00adnen<\/p>\n<p class=\"teksti\">Yrit\u00adt\u00e4\u00adj\u00e4\u00adj\u00e4r\u00adjes\u00adt\u00f6\u00adjen ky\u00adse\u00adlyi\u00adden mu\u00adkaan yri\u00adtys\u00adten on vai\u00adkea saa\u00adda ra\u00adhoi\u00adtus\u00adta. L\u00e4n\u00adsi-Suo\u00admen Osuus\u00adpan\u00adkin yri\u00adtys\u00adpan\u00adkin\u00adjoh\u00adta\u00adja Vesa Ro\u00adsen\u00addahl ha\u00adlu\u00adaa kui\u00adten\u00adkin muis\u00adtut\u00adtaa, et\u00adt\u00e4 yri\u00adtyk\u00adsi\u00e4 on py\u00adrit\u00adty tu\u00adle\u00admaan vas\u00adtaan.<\/p>\n<p class=\"teksti\">\u2013\u2009OP Poh\u00adjo\u00adla on esi\u00admer\u00adkik\u00adsi luot\u00adto\u00adpo\u00adli\u00adtii\u00adkan p\u00e4i\u00advi\u00adtyk\u00adses\u00ads\u00e4\u00e4n pi\u00adden\u00adt\u00e4\u00adnyt lai\u00adna-ai\u00adko\u00adja ja ke\u00adven\u00adt\u00e4\u00adnyt yri\u00adtys\u00adlai\u00adno\u00adjen va\u00adkuus\u00advaa\u00adtei\u00adta, sa\u00adnoo Ro\u00adsen\u00addahl.<\/p>\n<p class=\"teksti\"> Ti\u00adlas\u00adto\u00adjen mu\u00adkaan ku\u00adlu\u00advan vuo\u00adden en\u00adsim\u00adm\u00e4i\u00adsel\u00adl\u00e4 vuo\u00adsi\u00adpuo\u00adlis\u00adkol\u00adla yrit\u00adt\u00e4\u00adjis\u00adt\u00e4 lai\u00adnaa sai 47 pro\u00adsent\u00adtia, kun vuot\u00adta ai\u00adkai\u00adsem\u00admin lai\u00adnaa my\u00f6n\u00adnet\u00adtiin vain run\u00adsaal\u00adle kol\u00adma\u00adso\u00adsal\u00adle yri\u00adtys\u00adlai\u00adnan ha\u00adki\u00adjois\u00adta.  Toi\u00adsaal\u00adta pank\u00adkien lin\u00adjauk\u00adset lai\u00adno\u00adjen my\u00f6n\u00adt\u00e4\u00admi\u00adses\u00ads\u00e4 ovat vai\u00adkut\u00adta\u00adneet sii\u00adhen, et\u00adt\u00e4 luot\u00adto\u00adtap\u00adpi\u00adot ovat j\u00e4\u00e4\u00adneet ylei\u00adses\u00adti pie\u00adnik\u00adsi.<\/p>\n<p class=\"teksti\">Ket\u00adk\u00e4 sit\u00adten lai\u00adnaa saa\u00advat?<\/p>\n<p class=\"teksti\"> Yk\u00adsi\u00adse\u00adlit\u00adteis\u00adt\u00e4 vas\u00adtaus\u00adta tuo\u00adhon ei pan\u00adkin\u00adjoh\u00adta\u00adja voi an\u00adtaa. Ylei\u00adsel\u00adl\u00e4 ta\u00adsol\u00adla voi to\u00adde\u00adta seu\u00adraa\u00advien asi\u00adoi\u00adden ole\u00advan rat\u00adkai\u00adse\u00advia: yri\u00adtyk\u00adsen kas\u00adsa\u00advir\u00adta nyt ja ar\u00advio tu\u00adle\u00advas\u00adta, va\u00adkuus\u00adti\u00adlan\u00adne, mak\u00adsu\u00adta\u00adpa ja ylei\u00adnen ta\u00adlou\u00adden n\u00e4\u00adky\u00adm\u00e4.<\/p>\n<p class=\"teksti\"> Eten\u00adkin al\u00adka\u00advil\u00adle yri\u00adtyk\u00adsil\u00adle lai\u00adnan saan\u00adti voi ol\u00adla vai\u00adke\u00adaa, kun taas yri\u00adtyk\u00adset, joil\u00adla on n\u00e4yt\u00adt\u00e4\u00e4 mak\u00adsu\u00adky\u00adkyn\u00ads\u00e4, saa\u00advat lai\u00adnaa hel\u00adpom\u00admin ja alem\u00admal\u00adla ko\u00adrol\u00adla.<\/p>\n<p class=\"teksti\"> Ro\u00adsen\u00addah\u00adlin mu\u00adkaan lai\u00adno\u00adjen ko\u00adrot ovat las\u00adke\u00adneet, sa\u00admoin kor\u00adko\u00admar\u00adgi\u00adnaa\u00adlit. Ko\u00adrois\u00adta pu\u00adhut\u00adta\u00ades\u00adsa h\u00e4n ei ha\u00adlua an\u00adtaa mi\u00adt\u00e4\u00e4n nu\u00adme\u00adro\u00adhaa\u00adruk\u00adkaa. Ti\u00adlas\u00adto\u00adjen mu\u00adkaan yri\u00adtys\u00adlai\u00adnat vaih\u00adte\u00adle\u00advat run\u00adsaan vii\u00adden ja kym\u00adme\u00adnen pro\u00adsen\u00adtin v\u00e4\u00adlil\u00adl\u00e4.<\/p>\n<p class=\"teksti\"> \u2013\u2009Kil\u00adpai\u00adlu ve\u00adt\u00e4\u00e4 mar\u00adgi\u00adnaa\u00adle\u00adja alas\u00adp\u00e4in, h\u00e4n muis\u00adtut\u00adtaa.<\/p>\n<p><img decoding=\"async\" class=\"Image Image_\" src=\"\" data-aghref=\"http:\/\/www.uutisrauma.fi\/image-3.91513.159254.20251216115749.f43dba7332\" data-agimagetype=\"softcrop\" data-agorigwidth=\"2252\" data-agorigheight=\"1689\" alt=\"Vesa Rosendahlin mukaan nyt on tultu yrityslainoissa yl\u00f6sp\u00e4in kahden vuoden hiljaiselon j\u00e4lkeen. Kuva: Pauli Uusi-Kilponen\"\/><\/p>\n<p class=\"Caption\">Vesa Rosendahlin mukaan nyt on tultu yrityslainoissa yl\u00f6sp\u00e4in kahden vuoden hiljaiselon j\u00e4lkeen. Kuva: Pauli Uusi-Kilponen<\/p>\n<p class=\"teksti\">Ro\u00adsen\u00addah\u00adlin mu\u00adkaan yri\u00adtyk\u00adsil\u00adle ja mik\u00adsei my\u00f6s ko\u00adti\u00adta\u00adlouk\u00adsil\u00adle on syn\u00adty\u00adnyt pa\u00adtou\u00adtu\u00adnut\u00adta in\u00adves\u00adtoin\u00adti\u00adtar\u00advet\u00adta.<\/p>\n<p class=\"teksti\">\u2013\u2009Yri\u00adtyk\u00adset tar\u00advit\u00adse\u00advat kau\u00adpan ja k\u00e4yt\u00adt\u00f6\u00adp\u00e4\u00e4\u00ado\u00adman ra\u00adhoi\u00adtus\u00adta, ra\u00adhoi\u00adtus\u00adta uu\u00adsiin ko\u00adnei\u00adsiin ja lait\u00adtei\u00adsiin, toi\u00admi\u00adti\u00adlo\u00adjen kun\u00adnos\u00adtuk\u00adsiin ja toi\u00advon mu\u00adkaan yri\u00adtyk\u00adset roh\u00adkais\u00adtu\u00advat ot\u00adta\u00admaan ra\u00adhoi\u00adtus\u00adta my\u00f6s kas\u00advuin\u00adves\u00adtoin\u00adtei\u00adhin. Yri\u00adtys\u00adra\u00adhoi\u00adtus\u00adta tar\u00advi\u00adtaan hy\u00advin eri\u00adlai\u00adsiin yri\u00adtys\u00adkoh\u00adtai\u00adsiin tar\u00adpei\u00adsiin. <\/p>\n<p class=\"teksti\"> H\u00e4\u00adnen mu\u00adkaan\u00adsa kah\u00adte\u00adna edel\u00adlis\u00adt\u00e4 vuo\u00adte\u00adna yri\u00adtys\u00adra\u00adhoi\u00adtuk\u00adsen ky\u00adsyn\u00adt\u00e4 oli mal\u00adtil\u00adlis\u00adta ja luot\u00adto\u00adkan\u00adta las\u00adki. Nyt luot\u00adto\u00adkan\u00adnan las\u00adku on tait\u00adtu\u00adnut ja pi\u00adris\u00adty\u00adnyt ra\u00adhoi\u00adtuk\u00adsen\u00adky\u00adsyn\u00adt\u00e4 on h\u00e4\u00adnen mu\u00adkaan\u00adsa saa\u00adnut luot\u00adto\u00adkan\u00adnan hie\u00adnoi\u00adseen kas\u00advuun.<\/p>\n<p class=\"teksti\">\u2013\u2009Ol\u00adlaan\u00adko jo nor\u00admaa\u00adlis\u00adsa ti\u00adlan\u00adtees\u00adsa, sit\u00e4 on vai\u00adkea sa\u00adnoa, mut\u00adta las\u00adku on joka ta\u00adpauk\u00adses\u00adsa ohi ja ra\u00adhoi\u00adtuk\u00adsen ky\u00adsyn\u00adn\u00e4s\u00ads\u00e4 kas\u00advu on al\u00adka\u00adnut.<\/p>\n<p class=\"teksti\">Kol\u00adma\u00adso\u00adsa yri\u00adtyk\u00adsis\u00adt\u00e4 ar\u00advi\u00adoi yrit\u00adt\u00e4\u00adj\u00e4\u00adgal\u00adlu\u00adpin mu\u00adkaan ti\u00adlan\u00adteen pa\u00adra\u00adne\u00advan seu\u00adraa\u00advan vuo\u00adden ai\u00adka\u00adna. Yh\u00addek\u00adsi kas\u00advun pul\u00adlo\u00adkau\u00adlak\u00adsi n\u00e4h\u00add\u00e4\u00e4n joko ra\u00adhoi\u00adtuk\u00adsen kal\u00adleus tai ra\u00adhoi\u00adtuk\u00adsen saan\u00adti yli\u00adp\u00e4\u00e4\u00adt\u00e4\u00e4n. <\/p>\n<p class=\"teksti\">Ro\u00adsen\u00addahl kat\u00adsoo op\u00adti\u00admis\u00adti\u00adses\u00adti l\u00e4\u00adhi\u00adtu\u00adle\u00advai\u00adsuu\u00adteen. Eten\u00adkin Sa\u00adta\u00adkun\u00adnan tu\u00adle\u00advai\u00adsuu\u00adden h\u00e4n n\u00e4\u00adkee po\u00adsi\u00adtii\u00advi\u00adse\u00adna.<\/p>\n<p class=\"teksti\">\u2013\u2009Kyl\u00adl\u00e4 nuo me\u00adri\u00adte\u00adol\u00adli\u00adsuu\u00adden saa\u00admat ti\u00adlauk\u00adset Rau\u00adman ja M\u00e4n\u00adty\u00adluo\u00addon te\u00adla\u00adkoil\u00adla sek\u00e4 muut uu\u00adti\u00adsoi\u00addut in\u00adves\u00adtoin\u00adti\u00adai\u00adkeet k\u00e4\u00e4n\u00adsi\u00adv\u00e4t mie\u00adli\u00ada\u00adlat po\u00adsi\u00adtii\u00advi\u00adsem\u00adpaan suun\u00adtaan. Te\u00adla\u00adkoil\u00adla on iso vai\u00adku\u00adtus ty\u00f6l\u00adli\u00adsyy\u00adteen. Pi\u00adt\u00e4\u00e4 kui\u00adten\u00adkin muis\u00adtaa, et\u00adt\u00e4 te\u00adla\u00adkoi\u00adden ti\u00adlauk\u00adsien vai\u00adku\u00adtus ali\u00adhan\u00adkin\u00adta\u00adket\u00adjuun ja yleen\u00ads\u00e4\u00adkin ty\u00f6l\u00adli\u00adsyy\u00adteen tu\u00adlee pie\u00adnel\u00adl\u00e4 vii\u00adpeel\u00adl\u00e4.<\/p>\n<p class=\"teksti\">Ro\u00adsen\u00addah\u00adlin mu\u00adkaan my\u00f6n\u00adtei\u00adsil\u00adl\u00e4 uu\u00adti\u00adsil\u00adla on il\u00adman muu\u00adta roh\u00adkai\u00adse\u00adva vai\u00adku\u00adtus my\u00f6s mui\u00adta in\u00adves\u00adtoin\u00adte\u00adja aja\u00adtel\u00adlen. Mi\u00adt\u00e4\u00e4n val\u00adta\u00advaa muu\u00adtos\u00adta h\u00e4n ei vie\u00adl\u00e4 odo\u00adta. Pi\u00adt\u00e4\u00e4 muis\u00adtaa Ve\u00adn\u00e4\u00adj\u00e4n hy\u00f6k\u00adk\u00e4ys\u00adso\u00addan vai\u00adku\u00adtuk\u00adset ja glo\u00adbaa\u00adli tur\u00adval\u00adli\u00adsuu\u00adsym\u00adp\u00e4\u00adris\u00adt\u00f6n heik\u00adke\u00adne\u00admi\u00adnen.<\/p>\n<p class=\"teksti\">\u2013\u2009Jo yk\u00adsin so\u00addan lop\u00adpu\u00admi\u00adsel\u00adla Uk\u00adrai\u00adnas\u00adsa oli\u00adsi val\u00adta\u00adva vai\u00adku\u00adtus mie\u00adli\u00ada\u00adloi\u00adhin pu\u00adhu\u00admat\u00adta\u00adkaan tu\u00adle\u00advai\u00adsuu\u00adsin\u00adves\u00adtoi\u00adneis\u00adta, joi\u00adta Sa\u00adta\u00adkun\u00adtaan kaa\u00advail\u00adlaan.<\/p>\n<p class=\"teksti\">Elin\u00adkei\u00adno\u00ade\u00adl\u00e4\u00adm\u00e4n kes\u00adkus\u00adlii\u00adton luon\u00adneh\u00addin\u00adnan mu\u00adkaan Sa\u00adta\u00adkun\u00adta on maam\u00adme vih\u00adre\u00ad\u00e4n siir\u00adty\u00adm\u00e4n ve\u00adtu\u00adri. Pu\u00adhu\u00adtaan jopa l\u00e4\u00adhes 40 mil\u00adjar\u00addin in\u00adves\u00adtoin\u00adneis\u00adta. Jo osan\u00adkin to\u00adteu\u00adtu\u00ades\u00adsa Sa\u00adta\u00adkun\u00adnan ta\u00adlous k\u00e4\u00e4n\u00adtyy ihan uu\u00adteen asen\u00adtoon. J\u00e4t\u00adti\u00adm\u00e4i\u00adsil\u00adl\u00e4 in\u00adves\u00adtoi\u00adneil\u00adla oli\u00adsi val\u00adta\u00adva vai\u00adku\u00adtus l\u00e4pi koko maa\u00adkun\u00adnan.<\/p>\n<p class=\"teksti\">\u2013\u2009Toi\u00advon mu\u00adkaan t\u00e4l\u00adlai\u00adset in\u00adves\u00adtoin\u00adnit ajoit\u00adtu\u00advat ai\u00adna\u00adkin osin ajal\u00adli\u00adses\u00adti lo\u00admit\u00adtain. Mut\u00adta toki in\u00adves\u00adtoin\u00adtien tuo\u00admat haas\u00adteet ovat po\u00adsi\u00adtii\u00advi\u00adsia sel\u00adlais\u00adta, vaik\u00adka in\u00adves\u00adtoin\u00adti\u00adruuh\u00adkaa tu\u00adli\u00adsi\u00adkin, Ro\u00adsen\u00addahl p\u00e4\u00e4t\u00adte\u00adlee.<\/p>\n","protected":false},"excerpt":{"rendered":"Yrityspankinjohtaja muistuttaa, ett\u00e4 yrityksi\u00e4 on pyritty tulemaan vastaan. Pau\u00adli Uu\u00adsi-Kil\u00adpo\u00adnen Yrit\u00adt\u00e4\u00adj\u00e4\u00adj\u00e4r\u00adjes\u00adt\u00f6\u00adjen ky\u00adse\u00adlyi\u00adden mu\u00adkaan yri\u00adtys\u00adten on vai\u00adkea saa\u00adda ra\u00adhoi\u00adtus\u00adta.&hellip;\n","protected":false},"author":2,"featured_media":119620,"comment_status":"","ping_status":"","sticky":false,"template":"","format":"standard","meta":{"footnotes":""},"categories":[76],"tags":[79,77,33,31,30,32,78],"class_list":{"0":"post-119619","1":"post","2":"type-post","3":"status-publish","4":"format-standard","5":"has-post-thumbnail","7":"category-talous","8":"tag-business","9":"tag-economy","10":"tag-fi","11":"tag-finland","12":"tag-finnish","13":"tag-suomi","14":"tag-talous"},"share_on_mastodon":{"url":"https:\/\/pubeurope.com\/@fi\/115740196653075558","error":""},"_links":{"self":[{"href":"https:\/\/www.europesays.com\/fi\/wp-json\/wp\/v2\/posts\/119619","targetHints":{"allow":["GET"]}}],"collection":[{"href":"https:\/\/www.europesays.com\/fi\/wp-json\/wp\/v2\/posts"}],"about":[{"href":"https:\/\/www.europesays.com\/fi\/wp-json\/wp\/v2\/types\/post"}],"author":[{"embeddable":true,"href":"https:\/\/www.europesays.com\/fi\/wp-json\/wp\/v2\/users\/2"}],"replies":[{"embeddable":true,"href":"https:\/\/www.europesays.com\/fi\/wp-json\/wp\/v2\/comments?post=119619"}],"version-history":[{"count":0,"href":"https:\/\/www.europesays.com\/fi\/wp-json\/wp\/v2\/posts\/119619\/revisions"}],"wp:featuredmedia":[{"embeddable":true,"href":"https:\/\/www.europesays.com\/fi\/wp-json\/wp\/v2\/media\/119620"}],"wp:attachment":[{"href":"https:\/\/www.europesays.com\/fi\/wp-json\/wp\/v2\/media?parent=119619"}],"wp:term":[{"taxonomy":"category","embeddable":true,"href":"https:\/\/www.europesays.com\/fi\/wp-json\/wp\/v2\/categories?post=119619"},{"taxonomy":"post_tag","embeddable":true,"href":"https:\/\/www.europesays.com\/fi\/wp-json\/wp\/v2\/tags?post=119619"}],"curies":[{"name":"wp","href":"https:\/\/api.w.org\/{rel}","templated":true}]}}