{"id":119621,"date":"2025-12-18T10:53:10","date_gmt":"2025-12-18T10:53:10","guid":{"rendered":"https:\/\/www.europesays.com\/fi\/119621\/"},"modified":"2025-12-18T10:53:10","modified_gmt":"2025-12-18T10:53:10","slug":"meyerin-saksan-telakalle-aiesopimus-jattimaisesta-risteilijadiilista-varsinais-suomi","status":"publish","type":"post","link":"https:\/\/www.europesays.com\/fi\/119621\/","title":{"rendered":"Meyerin Saksan telakalle aiesopimus j\u00e4ttim\u00e4isest\u00e4 risteilij\u00e4\u00addiilist\u00e4 | Varsinais-Suomi"},"content":{"rendered":"<p class=\"aw-1gybjub aw-5vja16 kEtdKx kmuxyA yle__article__paragraph\">Tilauksen arvo on mediatietojen mukaan noin 10 miljardia euroa. Asiasta uutisoi Suomessa ensimm\u00e4isen\u00e4 Kauppalehti.<\/p>\n<p><img decoding=\"async\" alt=\"Meyer Turun telakan nostureita.\" src=\"https:\/\/www.europesays.com\/fi\/wp-content\/uploads\/2025\/12\/39-152951668d7f0f430c86.jpeg\" class=\"aw-1l9m598 hKVVvP\"\/><\/p>\n<p>Avaa kuvien katselu<\/p>\n<p>Meyerin perhe on Papenburgin telakalla v\u00e4hemmist\u00f6omistajana. Turun telakan perheyhti\u00f6 omistaa kokonaan. Arkistokuva Turun telakalta. Kuva: Ari Welling \/ Yle<\/p>\n<p class=\"aw-1gybjub aw-1p7kakr kEtdKx cEmitX yle__article__paragraph\">Meyerin telakka Saksan Papenburgissa on saanut merkitt\u00e4v\u00e4n risteilij\u00e4tilauksen.<\/p>\n<p class=\"aw-1gybjub aw-1p7kakr kEtdKx cEmitX yle__article__paragraph\">Sveitsil\u00e4inen MSC Cruises-risteilyvarustamo on solminut Meyerin kanssa 10 miljardin euron arvoisen aiesopimuksen useista risteilyaluksista.<\/p>\n<p class=\"aw-1gybjub aw-1p7kakr kEtdKx cEmitX yle__article__paragraph\">Sopimus julkistettiin maanantaina. Saksalaisen <a class=\"aw-iao6s4 iHOxEa yle__article__link\" href=\"https:\/\/www.handelsblatt.com\/unternehmen\/industrie\/milliardendeal-meyer-werft-durch-msc-auftrag-auf-ein-jahrzehnt-ausgelastet\/100183915.html\" role=\"link\" rel=\"nofollow noopener\" target=\"_blank\">Handelsblatt-lehden<\/a> mukaan lopullinen sopimus on m\u00e4\u00e4r\u00e4 solmia ensi vuoden alkupuoliskolla.<\/p>\n<p class=\"aw-1gybjub aw-1p7kakr kEtdKx cEmitX yle__article__paragraph\">Lehden mukaan kyseess\u00e4 olisi 4\u20136 risteilij\u00e4n tilaus. MSC Cruises rakennuttaisi sopimuksen my\u00f6t\u00e4 laivoja nyt ensimm\u00e4ist\u00e4 kertaa Meyer Werftill\u00e4.<\/p>\n<p>Saksan telakka p\u00e4\u00e4tyi valtiolle 2024<\/p>\n<p class=\"aw-1gybjub aw-1p7kakr kEtdKx cEmitX yle__article__paragraph\">Meyerin Saksan telakka kaatui viime vuonna talousongelmien my\u00f6t\u00e4 valtion syliin. Syksyll\u00e4 2024 Meyerin perhe j\u00e4i Papenburgin telakan v\u00e4hemmist\u00f6omistajaksi 20 prosentin osuudella, kun 80 prosenttia yhti\u00f6st\u00e4 <a class=\"aw-iao6s4 iHOxEa yle__article__link\" href=\"https:\/\/yle.fi\/a\/74-20106729\" role=\"link\" rel=\"nofollow noopener\" target=\"_blank\">siirtyi valtio-omistukseen<\/a>.<\/p>\n<p class=\"aw-1gybjub aw-1p7kakr kEtdKx cEmitX yle__article__paragraph\">J\u00e4rjestelyss\u00e4 Saksan liittovaltio ja Ala-Saksin osavaltio tulivat molemmat mukaan yritykseen 40 prosentin osuuksilla. Tahot sijoittivat telakkaan tuolloin 400 miljoonaa euroa. Valtio takasi my\u00f6s laivanrakennukseen vaadittavia lainoja 2,6 miljardin edest\u00e4.<\/p>\n<p class=\"aw-1gybjub aw-1p7kakr kEtdKx cEmitX yle__article__paragraph\">Suomessa Meyer Werftin solmimasta aiesopimuksesta kertoi ensimm\u00e4isen\u00e4 <a class=\"aw-iao6s4 iHOxEa yle__article__link\" href=\"https:\/\/www.kauppalehti.fi\/uutiset\/a\/347767a4-4350-42a8-8994-1b18398b7505\" role=\"link\" rel=\"nofollow noopener\" target=\"_blank\">Kauppalehti<\/a>.<\/p>\n","protected":false},"excerpt":{"rendered":"Tilauksen arvo on mediatietojen mukaan noin 10 miljardia euroa. Asiasta uutisoi Suomessa ensimm\u00e4isen\u00e4 Kauppalehti. Avaa kuvien katselu Meyerin&hellip;\n","protected":false},"author":2,"featured_media":119622,"comment_status":"","ping_status":"","sticky":false,"template":"","format":"standard","meta":{"footnotes":""},"categories":[14],"tags":[22,23,26,27,33,31,30,17,71,24,25,28,29,8833,21633,15,18,21,3911,32,78,2790,19,20,662,56,16,663,59,60,61],"class_list":{"0":"post-119621","1":"post","2":"type-post","3":"status-publish","4":"format-standard","5":"has-post-thumbnail","7":"category-ulkomaat","8":"tag-breaking-news","9":"tag-breakingnews","10":"tag-featured-news","11":"tag-featurednews","12":"tag-fi","13":"tag-finland","14":"tag-finnish","15":"tag-headlines","16":"tag-kotimaa","17":"tag-latest-news","18":"tag-latestnews","19":"tag-main-news","20":"tag-mainnews","21":"tag-meyer-turku-oy","22":"tag-meyer-werft","23":"tag-news","24":"tag-otsikot","25":"tag-paauutiset","26":"tag-saksa","27":"tag-suomi","28":"tag-talous","29":"tag-telakkateollisuus","30":"tag-top-stories","31":"tag-topstories","32":"tag-turku","33":"tag-ulkomaat","34":"tag-uutiset","35":"tag-varsinais-suomi","36":"tag-world","37":"tag-world-news","38":"tag-worldnews"},"share_on_mastodon":{"url":"https:\/\/pubeurope.com\/@fi\/115740200843374073","error":""},"_links":{"self":[{"href":"https:\/\/www.europesays.com\/fi\/wp-json\/wp\/v2\/posts\/119621","targetHints":{"allow":["GET"]}}],"collection":[{"href":"https:\/\/www.europesays.com\/fi\/wp-json\/wp\/v2\/posts"}],"about":[{"href":"https:\/\/www.europesays.com\/fi\/wp-json\/wp\/v2\/types\/post"}],"author":[{"embeddable":true,"href":"https:\/\/www.europesays.com\/fi\/wp-json\/wp\/v2\/users\/2"}],"replies":[{"embeddable":true,"href":"https:\/\/www.europesays.com\/fi\/wp-json\/wp\/v2\/comments?post=119621"}],"version-history":[{"count":0,"href":"https:\/\/www.europesays.com\/fi\/wp-json\/wp\/v2\/posts\/119621\/revisions"}],"wp:featuredmedia":[{"embeddable":true,"href":"https:\/\/www.europesays.com\/fi\/wp-json\/wp\/v2\/media\/119622"}],"wp:attachment":[{"href":"https:\/\/www.europesays.com\/fi\/wp-json\/wp\/v2\/media?parent=119621"}],"wp:term":[{"taxonomy":"category","embeddable":true,"href":"https:\/\/www.europesays.com\/fi\/wp-json\/wp\/v2\/categories?post=119621"},{"taxonomy":"post_tag","embeddable":true,"href":"https:\/\/www.europesays.com\/fi\/wp-json\/wp\/v2\/tags?post=119621"}],"curies":[{"name":"wp","href":"https:\/\/api.w.org\/{rel}","templated":true}]}}