{"id":119632,"date":"2025-12-18T11:13:08","date_gmt":"2025-12-18T11:13:08","guid":{"rendered":"https:\/\/www.europesays.com\/fi\/119632\/"},"modified":"2025-12-18T11:13:08","modified_gmt":"2025-12-18T11:13:08","slug":"flunssakausi-kuormittaa-terveydenhuoltoa-lapi-euroopan-sanoo-who","status":"publish","type":"post","link":"https:\/\/www.europesays.com\/fi\/119632\/","title":{"rendered":"Flunssakausi kuormittaa terveydenhuoltoa l\u00e4pi Euroopan, sanoo WHO"},"content":{"rendered":"<p>Sairaudet|Tartuntoja on WHO:n mukaan poikkeuksellisen laajasti Euroopassa, eik\u00e4 Suomi ole poikkeus.<\/p>\n<p>Lue tiivistelm\u00e4<\/p>\n<p class=\"article-body mb-nof-24 px-nof-16 sndp-summary-bullet-point-font\">Flunssakausi kuormittaa terveydenhuoltoa poikkeuksellisesti l\u00e4pi Euroopan, kertoo Maailman terveysj\u00e4rjest\u00f6 WHO.<\/p>\n<p class=\"article-body mb-nof-24 px-nof-16 sndp-summary-bullet-point-font\">THL:n johtava asiantuntija Niina Ikonen arvioi, ett\u00e4 tautia on Suomessa yll\u00e4tt\u00e4v\u00e4n paljon liikkeell\u00e4 ja epidemia on alkanut normaalia aikaisemmin, jo joulun korvilla.<\/p>\n<p class=\"article-body mb-nof-24 px-nof-16 sndp-summary-bullet-point-font\">Tartuntojen taustalla on WHO:n mukaan influenssa-A-viruksen uusi kausivariantti, mutta ei ole merkkej\u00e4 siit\u00e4, ett\u00e4 vakavat oireet olisivat yleistyneet.<\/p>\n<p class=\"article-body mb-nof-24 px-nof-16\">Flunssakausi kuormittaa terveydenhuoltoa poikkeuksellisella tavalla eri puolilla Eurooppaa, kertoo Maailman terveysj\u00e4rjest\u00f6 WHO.<\/p>\n<p class=\"article-body mb-nof-24 px-nof-16\">Asiasta kertoo muun muassa brittilehti <a class=\"article-genericlink\" href=\"https:\/\/www.theguardian.com\/society\/2025\/dec\/17\/new-flu-strain-sweeping-across-europe-is-putting-pressure-on-healthcare-says-who\" rel=\"nofollow noopener\" target=\"_blank\">The Guardian<\/a>.<\/p>\n<p class=\"article-body mb-nof-24 px-nof-16\">Influenssatartunnat ovat t\u00e4ll\u00e4 hetkell\u00e4 korkealla tasolla monessa maassa Euroopan alueella, ainakin 27:ss\u00e4 maassa 38:sta, WHO totesi keskiviikkona. Sen arvion mukaan flunssakausi on alkanut noin nelj\u00e4 viikkoa tavallista aiemmin.<\/p>\n<p class=\"article-body mb-nof-24 px-nof-16\">Suomessakin influenssakausi on <a class=\"article-genericlink\" href=\"https:\/\/www.hs.fi\/suomi\/art-2000011656708.html\" rel=\"nofollow noopener\" target=\"_blank\">kovassa vauhdissa<\/a> ja tartuntam\u00e4\u00e4r\u00e4t ovat kasvaneet nopeasti eri puolilla maata.<\/p>\n<p class=\"article-body mb-nof-24 px-nof-16\">Tartuntojen taustalla on WHO:n mukaan influenssa A -viruksen uusi kausivariantti, joka selitt\u00e4\u00e4 valtaosan todetuista tartunnoista. Ei ole kuitenkaan merkkej\u00e4 siit\u00e4, ett\u00e4 vakavat oireet olisivat sen my\u00f6t\u00e4 yleistyneet.<\/p>\n<p class=\"article-body mb-nof-24 px-nof-16\">\u201dFlunssakausi iskee joka talvi, mutta t\u00e4m\u00e4 vuosi on hieman erilainen. Se on merkki siit\u00e4, ett\u00e4 pienikin ero viruksessa voi kuormittaa suuresti terveydenhuoltoj\u00e4rjestelm\u00e4\u00e4mme\u201d, kommentoi WHO:n Euroopan aluejohtaja <a class=\"article-personlink\" href=\"https:\/\/www.hs.fi\/haku\/?query=Hans%20Henri%20Kluge\" rel=\"nofollow noopener\" target=\"_blank\">Hans Henri Kluge<\/a>.<\/p>\n<p class=\"article-body mb-nof-24 px-nof-16\">Kyll\u00e4 se silt\u00e4 n\u00e4ytt\u00e4\u00e4, ett\u00e4 influenssakausi on laajalti k\u00e4ynnistynyt normaalia aikaisemmin, toteaa THL:n johtava asiantuntija <a class=\"article-personlink\" href=\"https:\/\/www.hs.fi\/haku\/?query=Niina%20Ikonen\" rel=\"nofollow noopener\" target=\"_blank\">Niina Ikonen<\/a> HS:lle.<\/p>\n<p class=\"article-body mb-nof-24 px-nof-16\">Influenssaepidemiat vaihtelevat Ikosen mukaan ajoitukseltaan, kestoltaan ja voimakkuudeltaan. Usein tartuntoja ilmestyy lokakuusta alkaen.<\/p>\n<p class=\"article-body mb-nof-24 px-nof-16\">\u201dT\u00e4ll\u00e4 hetkell\u00e4 kiert\u00e4v\u00e4t influenssavirukset eiv\u00e4t nykyisten tietojen mukaan aiheuta sen vakavampaa tautia kuin aiemminkaan.\u201d<\/p>\n<p class=\"article-body mb-nof-24 px-nof-16\">Kuormitus aiheutuu pikemminkin siit\u00e4, ett\u00e4 tautia on yll\u00e4tt\u00e4v\u00e4n paljon liikkeell\u00e4 ja epidemia on alkanut normaalia aikaisemmin, jo joulun tienoilla.<\/p>\n<p class=\"article-body mb-nof-24 px-nof-16\">Ennen koronapandemiaa oli tavallista, ett\u00e4 huippuviikot ajoittuivat l\u00e4hemm\u00e4s helmikuuta. T\u00e4ll\u00e4 hetkell\u00e4 on n\u00e4ht\u00e4viss\u00e4, ett\u00e4 tartuntam\u00e4\u00e4r\u00e4 on noususuuntainen jo nyt, sanoo Ikonen.<\/p>\n<p class=\"article-body mb-nof-24 px-nof-16\">\u201dKaksi viikkoa sitten tartuntoja oli 700, ja viime viikolla 845 kappaletta. T\u00e4m\u00e4n viikon osalta rekisteri on viel\u00e4 vajaa.\u201d<\/p>\n<p class=\"article-body mb-nof-24 px-nof-16\">Kaikki uudet tartunnat eiv\u00e4t n\u00e4y tartuntatautirekisteriss\u00e4, sill\u00e4 osa ihmisist\u00e4 sairastaa kotonaan.<\/p>\n<p class=\"article-body mb-nof-24 px-nof-16\">Joulukauden suositukset ovat samat kuin muulloinkin.<\/p>\n<p class=\"article-body mb-nof-24 px-nof-16\">\u201dKuten yleens\u00e4kin, sairaana ja hengitystieinfektion aikana on hyv\u00e4 parannella itse\u00e4\u00e4n kotona ja v\u00e4ltell\u00e4 mahdollisuuksien mukaan ulkopuolisia kontakteja.\u201d<\/p>\n<p class=\"article-body mb-nof-24 px-nof-16\">Lis\u00e4ksi tartuntaa voi pyrki\u00e4 ehk\u00e4isem\u00e4\u00e4n huolehtimalla k\u00e4sihygieniasta.<\/p>\n<p class=\"article-body mb-nof-24 px-nof-16\">Ikosen mukaan rokotteen ottaminen kannattaa edelleen, vaikka epidemia on k\u00e4ynniss\u00e4. Se v\u00e4hent\u00e4\u00e4 vakavan taudinkuvan ja sairaalahoidon riski\u00e4.<\/p>\n","protected":false},"excerpt":{"rendered":"Sairaudet|Tartuntoja on WHO:n mukaan poikkeuksellisen laajasti Euroopassa, eik\u00e4 Suomi ole poikkeus. Lue tiivistelm\u00e4 Flunssakausi kuormittaa terveydenhuoltoa poikkeuksellisesti l\u00e4pi&hellip;\n","protected":false},"author":2,"featured_media":119633,"comment_status":"","ping_status":"","sticky":false,"template":"","format":"standard","meta":{"footnotes":""},"categories":[165],"tags":[33,31,30,166,46,32,167],"class_list":{"0":"post-119632","1":"post","2":"type-post","3":"status-publish","4":"format-standard","5":"has-post-thumbnail","7":"category-terveys","8":"tag-fi","9":"tag-finland","10":"tag-finnish","11":"tag-health","12":"tag-helsingin-sanomat","13":"tag-suomi","14":"tag-terveys"},"share_on_mastodon":{"url":"https:\/\/pubeurope.com\/@fi\/115740279335261310","error":""},"_links":{"self":[{"href":"https:\/\/www.europesays.com\/fi\/wp-json\/wp\/v2\/posts\/119632","targetHints":{"allow":["GET"]}}],"collection":[{"href":"https:\/\/www.europesays.com\/fi\/wp-json\/wp\/v2\/posts"}],"about":[{"href":"https:\/\/www.europesays.com\/fi\/wp-json\/wp\/v2\/types\/post"}],"author":[{"embeddable":true,"href":"https:\/\/www.europesays.com\/fi\/wp-json\/wp\/v2\/users\/2"}],"replies":[{"embeddable":true,"href":"https:\/\/www.europesays.com\/fi\/wp-json\/wp\/v2\/comments?post=119632"}],"version-history":[{"count":0,"href":"https:\/\/www.europesays.com\/fi\/wp-json\/wp\/v2\/posts\/119632\/revisions"}],"wp:featuredmedia":[{"embeddable":true,"href":"https:\/\/www.europesays.com\/fi\/wp-json\/wp\/v2\/media\/119633"}],"wp:attachment":[{"href":"https:\/\/www.europesays.com\/fi\/wp-json\/wp\/v2\/media?parent=119632"}],"wp:term":[{"taxonomy":"category","embeddable":true,"href":"https:\/\/www.europesays.com\/fi\/wp-json\/wp\/v2\/categories?post=119632"},{"taxonomy":"post_tag","embeddable":true,"href":"https:\/\/www.europesays.com\/fi\/wp-json\/wp\/v2\/tags?post=119632"}],"curies":[{"name":"wp","href":"https:\/\/api.w.org\/{rel}","templated":true}]}}