{"id":119636,"date":"2025-12-18T11:15:08","date_gmt":"2025-12-18T11:15:08","guid":{"rendered":"https:\/\/www.europesays.com\/fi\/119636\/"},"modified":"2025-12-18T11:15:08","modified_gmt":"2025-12-18T11:15:08","slug":"voi-luoja-ei-kit-harington-nayttaa-saaneen-tarpeekseen-game-of-thrones-roolistaan","status":"publish","type":"post","link":"https:\/\/www.europesays.com\/fi\/119636\/","title":{"rendered":"&#8221;Voi luoja, ei!&#8221; \u2013 Kit Harington n\u00e4ytt\u00e4\u00e4 saaneen tarpeekseen Game of Thrones -roolistaan"},"content":{"rendered":"<p>Jos olet odottanut, milloin p\u00e4\u00e4sisit seuraamaan taas Jon Snow\u2019n seikkailuja Westerosin maaper\u00e4ll\u00e4, nyt on tarjolla huonoja uutisia. Hahmon ymp\u00e4rille on ty\u00f6stetty jopa uutta, erillist\u00e4 sarjaa, mutta t\u00e4ll\u00e4 hetkell\u00e4 vaikuttaa silt\u00e4, ettei Kit Harington ole palaamassa vanhaan rooliinsa.<\/p>\n<p>Aihe nousi esille tuoreessa <a href=\"https:\/\/variety.com\/2025\/digital\/news\/kit-harington-harry-potter-audiobook-gilderoy-lockhart-1236609332\/\" target=\"_blank\" rel=\"nofollow noopener\">Varietyn<\/a> haastattelussa. Haastattelu tehtiin uuden Harry Potter -\u00e4\u00e4nikirjan tiimoilta, ja kun Haringtonilta kysyttiin, kenen h\u00e4n haluaisi esitt\u00e4v\u00e4n Jon Snow\u2019ta mahdollisessa Game of Thrones -\u00e4\u00e4nikirjassa, n\u00e4yttelij\u00e4 ei halunnut kommentoida asiaa mill\u00e4\u00e4n tavalla.<\/p>\n<p>\u201dVoi luoja, ei. En halua menn\u00e4 l\u00e4hellek\u00e4\u00e4n sit\u00e4. Tein sit\u00e4 jo kymmenen vuoden ajan. Kiitos, mutta olen ok\u201d, Harington totesi ykskantaan.<\/p>\n<p>Jon Snow -sarjaa ty\u00f6stettiin pitk\u00e4\u00e4n sen j\u00e4lkeen, kun varsinainen Game of Thrones loppui vuonna 2019. Viime vuonna Harington kuitenkin sanoi Screen Rantin <a href=\"https:\/\/screenrant.com\/game-thrones-jon-snow-spinoff-cancelled-why-kit-harington-response\/\" target=\"_blank\" rel=\"nofollow noopener\">haastattelussa<\/a>, ett\u00e4 sarja on pistetty \u201dtukevasti hyllylle\u201d. \u201dSe ei ole nyt p\u00f6yd\u00e4ll\u00e4, koska emme keksineet kerrottavaksi sellaista tarinaa, josta olisimme olleet riitt\u00e4v\u00e4n innostuneita\u201d, Harington kertoi.<\/p>\n<p>Lue my\u00f6s: <a href=\"https:\/\/www.episodi.fi\/uutiskirje\/?uutiskirjemainos=tekstilinkkimainos\" title=\"Tilaa Episodin uutiskirje ja voit voittaa leffalippuja! Nappaa tv-vinkit suoraan s\u00e4hk\u00f6postiin t\u00e4st\u00e4.\" class=\"underline-custom !font-montserrat !font-bold !underline-offset-4 !decoration-4 !decoration-episodi-blue !text-md\" rel=\"nofollow noopener\" target=\"_blank\">Tilaa Episodin uutiskirje ja voit voittaa leffalippuja! Nappaa katseluvinkit suoraan s\u00e4hk\u00f6postiin t\u00e4st\u00e4.<\/a><\/p>\n","protected":false},"excerpt":{"rendered":"Jos olet odottanut, milloin p\u00e4\u00e4sisit seuraamaan taas Jon Snow\u2019n seikkailuja Westerosin maaper\u00e4ll\u00e4, nyt on tarjolla huonoja uutisia. Hahmon&hellip;\n","protected":false},"author":2,"featured_media":119637,"comment_status":"","ping_status":"","sticky":false,"template":"","format":"standard","meta":{"footnotes":""},"categories":[130],"tags":[137,33,31,30,288,255,32,109],"class_list":{"0":"post-119636","1":"post","2":"type-post","3":"status-publish","4":"format-standard","5":"has-post-thumbnail","7":"category-viihde","8":"tag-entertainment","9":"tag-fi","10":"tag-finland","11":"tag-finnish","12":"tag-game-of-thrones","13":"tag-kit-harington","14":"tag-suomi","15":"tag-viihde"},"share_on_mastodon":{"url":"https:\/\/pubeurope.com\/@fi\/115740286823730532","error":""},"_links":{"self":[{"href":"https:\/\/www.europesays.com\/fi\/wp-json\/wp\/v2\/posts\/119636","targetHints":{"allow":["GET"]}}],"collection":[{"href":"https:\/\/www.europesays.com\/fi\/wp-json\/wp\/v2\/posts"}],"about":[{"href":"https:\/\/www.europesays.com\/fi\/wp-json\/wp\/v2\/types\/post"}],"author":[{"embeddable":true,"href":"https:\/\/www.europesays.com\/fi\/wp-json\/wp\/v2\/users\/2"}],"replies":[{"embeddable":true,"href":"https:\/\/www.europesays.com\/fi\/wp-json\/wp\/v2\/comments?post=119636"}],"version-history":[{"count":0,"href":"https:\/\/www.europesays.com\/fi\/wp-json\/wp\/v2\/posts\/119636\/revisions"}],"wp:featuredmedia":[{"embeddable":true,"href":"https:\/\/www.europesays.com\/fi\/wp-json\/wp\/v2\/media\/119637"}],"wp:attachment":[{"href":"https:\/\/www.europesays.com\/fi\/wp-json\/wp\/v2\/media?parent=119636"}],"wp:term":[{"taxonomy":"category","embeddable":true,"href":"https:\/\/www.europesays.com\/fi\/wp-json\/wp\/v2\/categories?post=119636"},{"taxonomy":"post_tag","embeddable":true,"href":"https:\/\/www.europesays.com\/fi\/wp-json\/wp\/v2\/tags?post=119636"}],"curies":[{"name":"wp","href":"https:\/\/api.w.org\/{rel}","templated":true}]}}