{"id":119655,"date":"2025-12-18T11:45:08","date_gmt":"2025-12-18T11:45:08","guid":{"rendered":"https:\/\/www.europesays.com\/fi\/119655\/"},"modified":"2025-12-18T11:45:08","modified_gmt":"2025-12-18T11:45:08","slug":"suomalaismies-tuomittiin-vankilaan-monacossa-ilta-sanomat","status":"publish","type":"post","link":"https:\/\/www.europesays.com\/fi\/119655\/","title":{"rendered":"Suomalaismies tuomittiin vankilaan Monacossa &#8211; Ilta-Sanomat"},"content":{"rendered":"<p>Turmassa kuoli kaksi nuorta naista.<\/p>\n<p class=\"article-body mb-nof-24 px-nof-16\">Suomalainen 24-vuotias mies on tuomittu viideksi vuodeksi vankilaan joulukuussa 2023 tapahtuneesta kuolonkolarista, <a class=\"article-genericlink\" href=\"https:\/\/news.mc\/2025\/12\/17\/drunk-student-jailed-after-monaco-crash-kills-two-classmates\/\" rel=\"nofollow noopener\" target=\"_blank\">Monaco Daily News<\/a> uutisoi.<\/p>\n<p class=\"article-body mb-nof-24 px-nof-16\">Suomalainen sai tuomion kuolemantuottamuksesta ja ruumiinvamman aiheuttamisesta, <a class=\"article-genericlink\" href=\"https:\/\/monacolife.net\/five-year-prison-sentence-for-drunk-speeding-driver-who-killed-two-monaco-students\/\" rel=\"nofollow noopener\" target=\"_blank\">Monaco Life<\/a> kertoo.<\/p>\n<p class=\"article-body mb-nof-24 px-nof-16\">Turmassa kuoli kaksi nuorta naista, jotka olivat olleet suomalaismiehen kyydiss\u00e4. Kaksi muuta matkustaja sai puolestaan vakavia vammoja. Kaikki olivat opiskelijoita Monacon kansainv\u00e4lisess\u00e4 yliopistossa ja he olivat matkalla juhliin Cap d\u2019Ailiin Ranskan puolelle.<\/p>\n<p class=\"article-body mb-nof-24 px-nof-16\">Suomalaismies ajoi Audi RS4-autolla illanvieton p\u00e4\u00e4tteeksi. H\u00e4n oli juonut alkoholia selv\u00e4sti yli sallitun rajan.<\/p>\n<p class=\"article-body mb-nof-24 px-nof-16\">Onnettomuus tapahtui Millenium-tunnelin ulosk\u00e4ynniss\u00e4. Suomalaisen kerrotaan kiihdytt\u00e4neen nopeasti ja tehneen useita vaarallisia liikkeit\u00e4 vain minuutteja ennen turmaa.<\/p>\n<p class=\"article-body mb-nof-24 px-nof-16\">Lopulta mies ajoi noin 107 km\/h -vauhdilla matalaan sein\u00e4m\u00e4\u00e4n.<\/p>\n","protected":false},"excerpt":{"rendered":"Turmassa kuoli kaksi nuorta naista. Suomalainen 24-vuotias mies on tuomittu viideksi vuodeksi vankilaan joulukuussa 2023 tapahtuneesta kuolonkolarista, Monaco&hellip;\n","protected":false},"author":2,"featured_media":119656,"comment_status":"","ping_status":"","sticky":false,"template":"","format":"standard","meta":{"footnotes":""},"categories":[14],"tags":[22,23,26,27,33,31,30,17,34,24,25,28,29,15,18,21,32,19,20,56,16,59,60,61],"class_list":{"0":"post-119655","1":"post","2":"type-post","3":"status-publish","4":"format-standard","5":"has-post-thumbnail","7":"category-ulkomaat","8":"tag-breaking-news","9":"tag-breakingnews","10":"tag-featured-news","11":"tag-featurednews","12":"tag-fi","13":"tag-finland","14":"tag-finnish","15":"tag-headlines","16":"tag-ilta-sanomat","17":"tag-latest-news","18":"tag-latestnews","19":"tag-main-news","20":"tag-mainnews","21":"tag-news","22":"tag-otsikot","23":"tag-paauutiset","24":"tag-suomi","25":"tag-top-stories","26":"tag-topstories","27":"tag-ulkomaat","28":"tag-uutiset","29":"tag-world","30":"tag-world-news","31":"tag-worldnews"},"share_on_mastodon":{"url":"https:\/\/pubeurope.com\/@fi\/115740404940678382","error":""},"_links":{"self":[{"href":"https:\/\/www.europesays.com\/fi\/wp-json\/wp\/v2\/posts\/119655","targetHints":{"allow":["GET"]}}],"collection":[{"href":"https:\/\/www.europesays.com\/fi\/wp-json\/wp\/v2\/posts"}],"about":[{"href":"https:\/\/www.europesays.com\/fi\/wp-json\/wp\/v2\/types\/post"}],"author":[{"embeddable":true,"href":"https:\/\/www.europesays.com\/fi\/wp-json\/wp\/v2\/users\/2"}],"replies":[{"embeddable":true,"href":"https:\/\/www.europesays.com\/fi\/wp-json\/wp\/v2\/comments?post=119655"}],"version-history":[{"count":0,"href":"https:\/\/www.europesays.com\/fi\/wp-json\/wp\/v2\/posts\/119655\/revisions"}],"wp:featuredmedia":[{"embeddable":true,"href":"https:\/\/www.europesays.com\/fi\/wp-json\/wp\/v2\/media\/119656"}],"wp:attachment":[{"href":"https:\/\/www.europesays.com\/fi\/wp-json\/wp\/v2\/media?parent=119655"}],"wp:term":[{"taxonomy":"category","embeddable":true,"href":"https:\/\/www.europesays.com\/fi\/wp-json\/wp\/v2\/categories?post=119655"},{"taxonomy":"post_tag","embeddable":true,"href":"https:\/\/www.europesays.com\/fi\/wp-json\/wp\/v2\/tags?post=119655"}],"curies":[{"name":"wp","href":"https:\/\/api.w.org\/{rel}","templated":true}]}}