{"id":119706,"date":"2025-12-18T13:05:09","date_gmt":"2025-12-18T13:05:09","guid":{"rendered":"https:\/\/www.europesays.com\/fi\/119706\/"},"modified":"2025-12-18T13:05:09","modified_gmt":"2025-12-18T13:05:09","slug":"tayskaannos-olof-palmen-murhatutkinnassa","status":"publish","type":"post","link":"https:\/\/www.europesays.com\/fi\/119706\/","title":{"rendered":"T\u00e4ysk\u00e4\u00e4nn\u00f6s Olof Palmen murhatutkinnassa"},"content":{"rendered":"<p>Vuonna 1986 tapahtuneen henkirikoksen tutkintaa pyydettiin aiemmin t\u00e4n\u00e4 vuonna avattavaksi uudelleen. <\/p>\n<p><img decoding=\"async\" class=\"image image-show image-preview\" src=\"https:\/\/www.europesays.com\/fi\/wp-content\/uploads\/2025\/12\/1dfcf630718469294ae9581470d917144bb3eac207d7869c8a9a0675c71644da.jpg\" alt=\"\"\/><img decoding=\"async\" class=\"image image-show\" src=\"https:\/\/www.europesays.com\/fi\/wp-content\/uploads\/2025\/12\/1766063109_332_1dfcf630718469294ae9581470d917144bb3eac207d7869c8a9a0675c71644da.jpg\" alt=\"\"\/><\/p>\n<p>Ruotsin silloinen p\u00e4\u00e4ministeri Olof Palme murhattiin helmikuussa 1986 Tukholman ydinkeskustassa. Kuva vuodelta 1985. ALL OVER PRESS<\/p>\n<p class=\"paragraph\">Oli v\u00e4\u00e4rin nimet\u00e4 \u201dSkandia-mies\u201d Ruotsin entisen p\u00e4\u00e4ministerin <strong>Olof Palmen<\/strong> ep\u00e4illyksi murhaajaksi, sanoo p\u00e4\u00e4syytt\u00e4j\u00e4 <strong>Lennart Gun\u00e9<\/strong>. Tutkinnan lopettamisen perustelut ovat nyt muuttumassa, uutisoi <a href=\"https:\/\/www.aftonbladet.se\/nyheter\/a\/8pw3m2\/nytt-besked-i-palmeutredningen\" target=\"_blank\" rel=\"noopener nofollow\">Aftonbladet<\/a>.<\/p>\n<p class=\"paragraph\">Vuonna 1986 tapahtuneen henkirikoksen tutkintaa pyydettiin aiemmin t\u00e4n\u00e4 vuonna avattavaksi uudelleen. N\u00e4in ei kuitenkaan tapahdu. Sen sijaan syytt\u00e4j\u00e4 uskoo, ettei ole mahdollista n\u00e4ytt\u00e4\u00e4 toteen, kuka tapauksessa on syyllinen.<\/p>\n<p class=\"paragraph\">\u2013 T\u00e4ll\u00e4 hetkell\u00e4 tiedossani ei ole sellaisia seikkoja, jotka voisivat johtaa esitutkinnan uudelleenavaamisen kautta syytteeseen ja tuomioon, Gun\u00e9 sanoo.<\/p>\n<p class=\"paragraph\">Tapauksen esitutkinta p\u00e4\u00e4tettiin vuonna 2020. Tuolloin syytt\u00e4j\u00e4 <strong>Krister Petersson<\/strong> kertoi yleisradioyhti\u00f6 SVT:lle, ett\u00e4 h\u00e4nell\u00e4 <a href=\"https:\/\/www.iltalehti.fi\/ulkomaat\/fc1f2c8c-357e-4e96-837c-7d89905b0605\" rel=\"nofollow noopener\" target=\"_blank\">on tiedossa<\/a>, kuka murhasi Ruotsin p\u00e4\u00e4ministerin.<\/p>\n<p class=\"paragraph\">Ruotsalaislehti Expressen kertoi tuolloin, ett\u00e4 ep\u00e4ilty saattaa olla <strong>Stig Engstr\u00f6m<\/strong>, joka opittiin tuntemaan my\u00f6s nimell\u00e4 Skandia-mies. H\u00e4n oli ensimm\u00e4isen\u00e4 murhapaikalla ja omien sanojensa mukaan yritti auttaa ammuttua Palmea.<\/p>\n<p class=\"paragraph\">P\u00e4\u00e4syytt\u00e4j\u00e4 Gun\u00e9n tuoreimman arvion mukaan n\u00e4ytt\u00f6 Skandia-miest\u00e4 vastaan ei riit\u00e4 siihen, ett\u00e4 h\u00e4net voitaisiin osoittaa syylliseksi.<\/p>\n<p class=\"paragraph\">Useista maista koostunut <a href=\"https:\/\/www.iltalehti.fi\/ulkomaat\/e0aab977-b398-4c85-90ec-92a9f04bb625\" rel=\"nofollow noopener\" target=\"_blank\">kansainv\u00e4linen tuomaristo<\/a> arvioi viime kev\u00e4\u00e4n\u00e4, ett\u00e4 p\u00e4\u00e4ministerin murhasta ep\u00e4illyn Skandia-miehen murhasyyte olisi kaatunut oikeudessa.<\/p>\n<p class=\"paragraph\">Olof Palme ammuttiin kadulle Tukholmassa helmikuussa 1986. Yksi maailman kuuluisimmista murhatutkinnoista lakkautettiin tuloksettomana <a href=\"https:\/\/www.iltalehti.fi\/ulkomaat\/6768652d-fa66-41ba-8512-3e5eca4379bd\" rel=\"nofollow noopener\" target=\"_blank\">viisi vuotta sitten<\/a>.<\/p>\n","protected":false},"excerpt":{"rendered":"Vuonna 1986 tapahtuneen henkirikoksen tutkintaa pyydettiin aiemmin t\u00e4n\u00e4 vuonna avattavaksi uudelleen. Ruotsin silloinen p\u00e4\u00e4ministeri Olof Palme murhattiin helmikuussa&hellip;\n","protected":false},"author":2,"featured_media":119707,"comment_status":"","ping_status":"","sticky":false,"template":"","format":"standard","meta":{"footnotes":""},"categories":[14],"tags":[35,22,23,26,27,33,31,30,17,53,24,25,28,29,15,18,21,52,6673,637,38,32,19,20,56,16,59,60,61],"class_list":{"0":"post-119706","1":"post","2":"type-post","3":"status-publish","4":"format-standard","5":"has-post-thumbnail","7":"category-ulkomaat","8":"tag-24h","9":"tag-breaking-news","10":"tag-breakingnews","11":"tag-featured-news","12":"tag-featurednews","13":"tag-fi","14":"tag-finland","15":"tag-finnish","16":"tag-headlines","17":"tag-laki-oikeus-ja-rikos","18":"tag-latest-news","19":"tag-latestnews","20":"tag-main-news","21":"tag-mainnews","22":"tag-news","23":"tag-otsikot","24":"tag-paauutiset","25":"tag-poliisi","26":"tag-poliisitutkimus","27":"tag-politiikka","28":"tag-rikos","29":"tag-suomi","30":"tag-top-stories","31":"tag-topstories","32":"tag-ulkomaat","33":"tag-uutiset","34":"tag-world","35":"tag-world-news","36":"tag-worldnews"},"share_on_mastodon":{"url":"https:\/\/pubeurope.com\/@fi\/115740719545258416","error":""},"_links":{"self":[{"href":"https:\/\/www.europesays.com\/fi\/wp-json\/wp\/v2\/posts\/119706","targetHints":{"allow":["GET"]}}],"collection":[{"href":"https:\/\/www.europesays.com\/fi\/wp-json\/wp\/v2\/posts"}],"about":[{"href":"https:\/\/www.europesays.com\/fi\/wp-json\/wp\/v2\/types\/post"}],"author":[{"embeddable":true,"href":"https:\/\/www.europesays.com\/fi\/wp-json\/wp\/v2\/users\/2"}],"replies":[{"embeddable":true,"href":"https:\/\/www.europesays.com\/fi\/wp-json\/wp\/v2\/comments?post=119706"}],"version-history":[{"count":0,"href":"https:\/\/www.europesays.com\/fi\/wp-json\/wp\/v2\/posts\/119706\/revisions"}],"wp:featuredmedia":[{"embeddable":true,"href":"https:\/\/www.europesays.com\/fi\/wp-json\/wp\/v2\/media\/119707"}],"wp:attachment":[{"href":"https:\/\/www.europesays.com\/fi\/wp-json\/wp\/v2\/media?parent=119706"}],"wp:term":[{"taxonomy":"category","embeddable":true,"href":"https:\/\/www.europesays.com\/fi\/wp-json\/wp\/v2\/categories?post=119706"},{"taxonomy":"post_tag","embeddable":true,"href":"https:\/\/www.europesays.com\/fi\/wp-json\/wp\/v2\/tags?post=119706"}],"curies":[{"name":"wp","href":"https:\/\/api.w.org\/{rel}","templated":true}]}}