{"id":119712,"date":"2025-12-18T13:19:10","date_gmt":"2025-12-18T13:19:10","guid":{"rendered":"https:\/\/www.europesays.com\/fi\/119712\/"},"modified":"2025-12-18T13:19:10","modified_gmt":"2025-12-18T13:19:10","slug":"hilkka-ahde-kertoo-elamansa-nykytilasta","status":"publish","type":"post","link":"https:\/\/www.europesays.com\/fi\/119712\/","title":{"rendered":"Hilkka Ahde kertoo el\u00e4m\u00e4ns\u00e4 nykytilasta"},"content":{"rendered":"<p>            ATTE KAJOVA\n        <\/p>\n<p class=\"subtitle \">Ahteiden perheess\u00e4 tehtiin yll\u00e4tt\u00e4v\u00e4 uusi avaus.<\/p>\n<p class=\"article-content article-content-width !bg-background\">Kunnallispolitiikassa vaikuttava  on yht\u00e4 kiireinen kuin aina ennenkin. Edustustilaisuudet ja kokoukset seuraavat toisiaan, ja sik\u00e4li joulutauko on paikallaan.<\/p>\n<p class=\"article-content article-content-width !bg-background\">Poliitikkoperheen p\u00e4\u00e4, entinen eduskunnan puhemies ja Hilkan monikymmenvuotinen kumppani\u00a0 kuoli vain p\u00e4ivi\u00e4 ennen joulua 2019, ja nyt joulua viett\u00e4v\u00e4t Hilkka ja kolme lastaan perheineen.<\/p>\n<p class=\"article-content article-content-width !bg-background\">\u2013 Lapsenlapsellani on viel\u00e4 bonussisar, ja viet\u00e4mme kaikki joulua yhdess\u00e4 Oulunkyl\u00e4ss\u00e4, Hilkka kertoi Domakers Finland pr-toimiston joulupuuroilla.\u00a0\u00a0<\/p>\n<p>        <a itemprop=\"url\" href=\"https:\/\/www.seiska.fi\/kotimaa\/viva-hilkka-ahde-seurustelee\/1290579\" rel=\"nofollow noopener\" target=\"_blank\"><\/p>\n<p class=\"section-date\">\n        <strong class=\"article-section\" data-section=\"kotimaa\"><br \/>\n            kotimaa<br \/>\n        <\/strong><br \/>\n        7.3.2024 21:30\n    <\/p>\n<p>Viva: Hilkka Ahde seurustelee\n    <\/p>\n<p itemprop=\"description\" class=\"subtitle \">\n    Hilkka my\u00f6nt\u00e4\u00e4 lehdelle olevansa onnellisesti suhteessa.\n<\/p>\n<p>        <\/a><\/p>\n<p>                <img decoding=\"async\" src=\"https:\/\/www.europesays.com\/fi\/wp-content\/uploads\/2025\/12\/2023152.webp\" width=\"576\" height=\"720\" alt=\"Hilkka jatkaa edelleen yhteiskunnallisen vaikuttamisen parissa.\" loading=\"lazy\" \/>            <\/p>\n<p>\n            Hilkka jatkaa edelleen yhteiskunnallisen vaikuttamisen parissa.<br \/>\n            ATTE KAJOVA\n        <\/p>\n<p class=\"article-content article-content-width !bg-background\">Aiemmin ahteet asuivat Mechelininkadulla keskustan kupeessa sek\u00e4 Helsingin Hakaniemen Arenan talossa. Nyt koti on ollut jo pidemp\u00e4\u00e4n Pohjois-Helsingiss\u00e4.<\/p>\n<p>Suhde on voimissaan<\/p>\n<p class=\"article-content article-content-width !bg-background\">Hilkka kertoi vuonna 2023 olevansa uudessa suhteessa. H\u00e4n oli varma siit\u00e4, ett\u00e4 se olisi my\u00f6s Matin tahto.<\/p>\n<p class=\"article-content article-content-width !bg-background\">Uuden suhteen onnesta aluksi julkisuudessakin puhunut Hilkka kertoo olevansa edelleen varattu nainen.<\/p>\n<p>        <a itemprop=\"url\" href=\"https:\/\/www.seiska.fi\/kotimaa\/hilkka-ahde-ja-vesa-kallionpaa-viihtyvat-yhdessa-suru-yhdisti-kaksi-leskea\/1075612\" rel=\"nofollow noopener\" target=\"_blank\"><\/p>\n<p class=\"section-date\">\n        <strong class=\"article-section\" data-section=\"kotimaa\"><br \/>\n            kotimaa<br \/>\n        <\/strong><br \/>\n        8.7.2023 13:00\n    <\/p>\n<p>Hilkka Ahde ja Vesa Kallionp\u00e4\u00e4 viihtyv\u00e4t yhdess\u00e4 \u2013 suru yhdisti kaksi leske\u00e4\n    <\/p>\n<p itemprop=\"description\" class=\"subtitle \">\n    Hilkka Ahteen haastatteluissa mainitsema uusi kumppani on edesmenneen kansanedustajan Maarit Feldt-Rannan puoliso, politiikantoimittaja Vesa Kallionp\u00e4\u00e4.\n<\/p>\n<p>        <\/a><\/p>\n<p>                <img decoding=\"async\" src=\"https:\/\/www.europesays.com\/fi\/wp-content\/uploads\/2025\/12\/2023178.webp\" width=\"576\" height=\"701\" alt=\"Ahteet olivat intohimoisia oopperan kuluttajia. Savonlinnan oopperajuhlilla vuonna 2007.\" loading=\"lazy\" \/>            <\/p>\n<p>\n            Ahteet olivat intohimoisia oopperan kuluttajia. Savonlinnan oopperajuhlilla vuonna 2007.<br \/>\n            Seiskan arkisto\n        <\/p>\n<p class=\"article-content article-content-width !bg-background\">Uudeksi kumppaniksi paljastui edesmenneen demarikansanedustaja \u00a0puoliso, politiikan toimittaja\u00a0. Sittemmin Hilkka on pit\u00e4nyt suhteestaan matalaa profiilia.<\/p>\n<p class=\"article-content article-content-width !bg-background\">\u2013 En ole yksin. L\u00e4hden tapaninp\u00e4iv\u00e4n\u00e4 pohjoiseen, jossa olen alkuvuoden ennen kuin valiokunnat taas alkavat, Hilkka kertoi pariskunnan suunnitelmista.<\/p>\n<p>Jussi uusille urille<\/p>\n<p class=\"article-content article-content-width !bg-background\">2000-luvun alussa Ahteiden perhe oli tiiviisti julkisuudessa, ja my\u00f6s perheen nuorempi poika  oli tuolloin parikymppisen\u00e4 maan eturivin julkkiksia.<\/p>\n<p>                <img decoding=\"async\" src=\"https:\/\/www.europesays.com\/fi\/wp-content\/uploads\/2025\/12\/2023193.webp\" width=\"576\" height=\"735\" alt=\"2004 Jussi oli koko kansan julkkis, joka n\u00e4htiin tiiviisti otsikoissa.\" loading=\"lazy\" \/>            <\/p>\n<p>\n            2004 Jussi oli koko kansan julkkis, joka n\u00e4htiin tiiviisti otsikoissa.<br \/>\n            Allerin arkisto\n        <\/p>\n<p class=\"article-content article-content-width !bg-background\">Viime aikoina Jussia ei ole julkisuudessa n\u00e4kynyt, ja edellisen kerran tv-vierailullaan h\u00e4n kertoi uudesta el\u00e4m\u00e4ntavastaan, jossa h\u00e4n aikoi luopua kaikesta omaisuudesta. Nyt Jussille kuuluu taas uutta.<\/p>\n<p>                <img decoding=\"async\" src=\"https:\/\/www.europesays.com\/fi\/wp-content\/uploads\/2025\/12\/2023198.webp\" width=\"576\" height=\"720\" alt=\"Jussilla riitti nollarilla malli- ja juontot\u00f6it\u00e4. Kekkereill\u00e4 h\u00e4n poseerasi Miss Suomen perint\u00f6prinsessa Kaisa Jaakon ja Mikko Leppilammen kanssa.\" loading=\"lazy\" \/>            <\/p>\n<p>\n            Jussilla riitti nollarilla malli- ja juontot\u00f6it\u00e4. Kekkereill\u00e4 h\u00e4n poseerasi Miss Suomen perint\u00f6prinsessa Kaisa Jaakon ja Mikko Leppilammen kanssa.<br \/>\n            Seiskan arkisto\n        <\/p>\n<p class=\"article-content article-content-width !bg-background\">\u2013 Jussi pelaa nykyisin SM-tasolla biljardia. J\u00e4tet\u00e4\u00e4n h\u00e4nen muut kuulumiset h\u00e4nen itsens\u00e4 kerrottavaksi, Hilkka totesi.<\/p>\n<p>                <img decoding=\"async\" src=\"https:\/\/www.europesays.com\/fi\/wp-content\/uploads\/2025\/12\/2023200.webp\" width=\"576\" height=\"322\" alt=\"Jussi ja Hilkka Matti Ahteen hautajaisissa tammikuussa 2020.\" loading=\"lazy\" \/>            <\/p>\n<p>\n            Jussi ja Hilkka Matti Ahteen hautajaisissa tammikuussa 2020.<br \/>\n            Seiskan arkisto\n        <\/p>\n<p>        <a itemprop=\"url\" href=\"https:\/\/www.seiska.fi\/kotimaa\/hilkka-ahde-vuorottelee-omaishoitajana-tyttarensa-kanssa-jarjestin-maksuttomat-liikuntapalvelut\/231961\" rel=\"nofollow noopener\" target=\"_blank\"><\/p>\n<p class=\"section-date\">\n        <strong class=\"article-section\" data-section=\"kotimaa\"><br \/>\n            kotimaa<br \/>\n        <\/strong><br \/>\n        15.10.2022 15:30\n    <\/p>\n<p>Hilkka Ahde vuorottelee omaishoitajana tytt\u00e4rens\u00e4 kanssa: J\u00e4rjestin maksuttomat liikuntapalvelut\n    <\/p>\n<p>        <\/a><\/p>\n","protected":false},"excerpt":{"rendered":"ATTE KAJOVA Ahteiden perheess\u00e4 tehtiin yll\u00e4tt\u00e4v\u00e4 uusi avaus. Kunnallispolitiikassa vaikuttava on yht\u00e4 kiireinen kuin aina ennenkin. Edustustilaisuudet ja&hellip;\n","protected":false},"author":2,"featured_media":119713,"comment_status":"","ping_status":"","sticky":false,"template":"","format":"standard","meta":{"footnotes":""},"categories":[136],"tags":[407,137,33,31,30,21646,408,21643,21645,98,32,21644,109],"class_list":{"0":"post-119712","1":"post","2":"type-post","3":"status-publish","4":"format-standard","5":"has-post-thumbnail","7":"category-julkkikset","8":"tag-celebrities","9":"tag-entertainment","10":"tag-fi","11":"tag-finland","12":"tag-finnish","13":"tag-hilkka-ahde","14":"tag-julkkikset","15":"tag-jussi-ahde","16":"tag-matti-ahde","17":"tag-perhe","18":"tag-suomi","19":"tag-vesa-kallionpaa","20":"tag-viihde"},"share_on_mastodon":{"url":"https:\/\/pubeurope.com\/@fi\/115740774725419535","error":""},"_links":{"self":[{"href":"https:\/\/www.europesays.com\/fi\/wp-json\/wp\/v2\/posts\/119712","targetHints":{"allow":["GET"]}}],"collection":[{"href":"https:\/\/www.europesays.com\/fi\/wp-json\/wp\/v2\/posts"}],"about":[{"href":"https:\/\/www.europesays.com\/fi\/wp-json\/wp\/v2\/types\/post"}],"author":[{"embeddable":true,"href":"https:\/\/www.europesays.com\/fi\/wp-json\/wp\/v2\/users\/2"}],"replies":[{"embeddable":true,"href":"https:\/\/www.europesays.com\/fi\/wp-json\/wp\/v2\/comments?post=119712"}],"version-history":[{"count":0,"href":"https:\/\/www.europesays.com\/fi\/wp-json\/wp\/v2\/posts\/119712\/revisions"}],"wp:featuredmedia":[{"embeddable":true,"href":"https:\/\/www.europesays.com\/fi\/wp-json\/wp\/v2\/media\/119713"}],"wp:attachment":[{"href":"https:\/\/www.europesays.com\/fi\/wp-json\/wp\/v2\/media?parent=119712"}],"wp:term":[{"taxonomy":"category","embeddable":true,"href":"https:\/\/www.europesays.com\/fi\/wp-json\/wp\/v2\/categories?post=119712"},{"taxonomy":"post_tag","embeddable":true,"href":"https:\/\/www.europesays.com\/fi\/wp-json\/wp\/v2\/tags?post=119712"}],"curies":[{"name":"wp","href":"https:\/\/api.w.org\/{rel}","templated":true}]}}