{"id":119724,"date":"2025-12-18T13:28:12","date_gmt":"2025-12-18T13:28:12","guid":{"rendered":"https:\/\/www.europesays.com\/fi\/119724\/"},"modified":"2025-12-18T13:28:12","modified_gmt":"2025-12-18T13:28:12","slug":"kivesjarven-susireviirin-uudesta-laumasta-ei-ole-saatu-varmuutta-havainnot-keskittyvat-nyt-paltamoon-kainuu","status":"publish","type":"post","link":"https:\/\/www.europesays.com\/fi\/119724\/","title":{"rendered":"Kivesj\u00e4rven susireviirin uudesta laumasta ei ole saatu varmuutta \u2013 havainnot keskittyv\u00e4t nyt Paltamoon | Kainuu"},"content":{"rendered":"<p class=\"aw-1gybjub aw-5vja16 kEtdKx kmuxyA yle__article__paragraph\">Uuden lauman ep\u00e4iltiin syntyneen maaliskuussa myrkytetyn alfanaaraan kuoleman j\u00e4lkeen.<\/p>\n<p><img decoding=\"async\" alt=\"Susia \u00c4ht\u00e4rinel\u00e4inpuistossa\" src=\"https:\/\/www.europesays.com\/fi\/wp-content\/uploads\/2025\/12\/39-773633602686bb2df8b.jpeg\" class=\"aw-1l9m598 hKVVvP\"\/><\/p>\n<p>Avaa kuvien katselu<\/p>\n<p>Kuvan sudet on kuvattu \u00c4ht\u00e4rin el\u00e4inpuistossa talvella 2021. Kuva: Pasi Takkunen \/ Yle<\/p>\n<ul class=\"aw-1jjocuh iJTSwP yle__article__list yle__article__list--ul\">\n<li class=\"aw-1j7gwms gNYKfi\">Kivesj\u00e4rven susireviirin alfanaaras kuoli myrkytykseen maaliskuussa. Tapahtuma hajotti lauman ja muutti reviirin tilannetta.<\/li>\n<li class=\"aw-1j7gwms gNYKfi\">Alueella on ep\u00e4selv\u00e4\u00e4, onko sinne syntynyt uutta pentuetta. Asiaa selvitet\u00e4\u00e4n DNA-n\u00e4ytteiden avulla.<\/li>\n<li class=\"aw-1j7gwms gNYKfi\">Alueen sudet eiv\u00e4t ole aiheuttaneet vahinkoa koirille tai kotiel\u00e4imille. Mets\u00e4st\u00e4j\u00e4t ovat voineet k\u00e4ytt\u00e4\u00e4 koiria apunaan.<\/li>\n<\/ul>\n<p class=\"aw-1gybjub aw-1p7kakr kEtdKx cEmitX yle__article__paragraph\">Kivesj\u00e4rven susireviirill\u00e4 ei ole saatu varmuutta siit\u00e4, onko alueelle syntynyt uusi lauma alfaparin ja pentueen kanssa.<\/p>\n<p class=\"aw-1gybjub aw-1p7kakr kEtdKx cEmitX yle__article__paragraph\">Susilauman <a class=\"aw-iao6s4 iHOxEa yle__article__link\" href=\"https:\/\/yle.fi\/a\/74-20163464\" role=\"link\" rel=\"nofollow noopener\" target=\"_blank\">alfanaaras kuoli strykniinimyrkkyyn<\/a> maaliskuussa. Kev\u00e4\u00e4ll\u00e4 alueelta saatiin petoyhdyshenkil\u00f6n luotettavaksi arvioima n\u00e4k\u00f6havainto <a class=\"aw-iao6s4 iHOxEa yle__article__link\" href=\"https:\/\/yle.fi\/a\/74-20183161\" role=\"link\" rel=\"nofollow noopener\" target=\"_blank\">naarassudesta viiden pennun kanssa<\/a>, mutta t\u00e4m\u00e4n j\u00e4lkeen pentueesta ei ole tehty havaintoja, kertoo Kivesj\u00e4rven susireviirity\u00f6ryhm\u00e4n puheenjohtaja <strong class=\"aw-ak79eh KyCXm yle__article__strong\">Markku Ronkainen<\/strong>.<\/p>\n<p class=\"aw-1gybjub aw-1p7kakr kEtdKx cEmitX yle__article__paragraph\">\u2013 Nyt alueelta on ker\u00e4tty ulosten\u00e4ytteit\u00e4 DNA-tutkimuksia varten. N\u00e4iden tulosten perusteella selvi\u00e4\u00e4, onko reviirialueelle tullut jo uutta pentuetta vai oliko havainto jotain muuta.<\/p>\n<p class=\"aw-1gybjub aw-1p7kakr kEtdKx cEmitX yle__article__paragraph\">Puolangan Kongasm\u00e4en seudulla myrkytetyn <a class=\"aw-iao6s4 iHOxEa yle__article__link\" href=\"https:\/\/yle.fi\/a\/74-20167036\" role=\"link\" rel=\"nofollow noopener\" target=\"_blank\">alfanaaraan kuolema hajotti lauman<\/a> ja muutti reviirin dynamiikan. Susihavainnot ovat nyt keskittyneet Paltamon Kivesj\u00e4rven ja Ouluj\u00e4rven alueelle, kun taas Puolangan ja Vaalan alueella havaintoja on tehty v\u00e4h\u00e4n.<\/p>\n<p class=\"aw-1gybjub aw-1p7kakr kEtdKx cEmitX yle__article__paragraph\">\u2013 Paltamossa lumij\u00e4lkihavaintoja on tehty enimmill\u00e4\u00e4n 2-3 suden porukoista. Sit\u00e4 ei tiedet\u00e4, ovatko havainnot samoista susista vai onko alueella useampia pienempi\u00e4 2-3 suden ryhmi\u00e4, Ronkainen kertoo.<\/p>\n<p>Susireviirity\u00f6ryhm\u00e4\u00e4n kuuluvat:<\/p>\n<ul class=\"aw-1jjocuh iJTSwP yle__article__list yle__article__list--ul\">\n<li class=\"aw-1j7gwms gNYKfi\">Paltamon, Vaalan ja Puolangan riistanhoitoyhdistykset<\/li>\n<li class=\"aw-1j7gwms gNYKfi\">Kainuun luonnonsuojelupiiri<\/li>\n<li class=\"aw-1j7gwms gNYKfi\">Mets\u00e4hallitus<\/li>\n<li class=\"aw-1j7gwms gNYKfi\">Kainuun ja Pohjois-Pohjanmaan kennelpiirit<\/li>\n<li class=\"aw-1j7gwms gNYKfi\">Suomen mets\u00e4st\u00e4j\u00e4liiton Kainuun piiri<\/li>\n<li class=\"aw-1j7gwms gNYKfi\">MTK-Paltamo<\/li>\n<li class=\"aw-1j7gwms gNYKfi\">Vaalan, Puolangan ja Paltamon kunnat<\/li>\n<\/ul>\n<p class=\"aw-1gybjub aw-1p7kakr kEtdKx cEmitX yle__article__paragraph\">Ty\u00f6ryhm\u00e4n tarkoituksena on seurata susireviirin tilannetta ja edist\u00e4\u00e4 eri toimijoiden v\u00e4list\u00e4 tiedonvaihtoa ja yhteisty\u00f6t\u00e4 alueella.<\/p>\n<p class=\"aw-1gybjub aw-1p7kakr kEtdKx cEmitX yle__article__paragraph\">Ronkaisen mukaan t\u00e4m\u00e4n talven aikana DNA-n\u00e4ytteit\u00e4 ker\u00e4t\u00e4\u00e4n etenkin Paltamon alueelta. Tulosten toivotaan paljastavan, onko kyse hajonneen perhelauman yksil\u00f6ist\u00e4 vai muualta tulleista susista.<\/p>\n<p class=\"aw-1gybjub aw-1p7kakr kEtdKx cEmitX yle__article__paragraph\">\u2013 Sudet saattavat l\u00e4hte\u00e4 vaeltamaan satojenkin kilometrien p\u00e4\u00e4h\u00e4n tai py\u00f6ri\u00e4 entisen reviirin alueella. Asiaan saadaan varmuus viimeist\u00e4\u00e4n alkukes\u00e4st\u00e4, kun tutkimukset valmistuvat.<\/p>\n<p>Sudet eiv\u00e4t ole pyrkineet tappamaan koiria<\/p>\n<p class=\"aw-1gybjub aw-1p7kakr kEtdKx cEmitX yle__article__paragraph\">Kivesj\u00e4rven susireviirin alueella ei ole tullut t\u00e4m\u00e4n vuoden aikana tietoon susien aiheuttamia kotiel\u00e4in- tai koiravahinkoja. My\u00f6s alueen hirvikanta on s\u00e4ilynyt vahvana, vaikka edellisin\u00e4 vuosina susien saalistus on keskittynyt reviirill\u00e4 p\u00e4\u00e4asiassa hirviin.<\/p>\n<p class=\"aw-1gybjub aw-1p7kakr kEtdKx cEmitX yle__article__paragraph\">\u2013 Mets\u00e4st\u00e4j\u00e4t ovat pystyneet mets\u00e4st\u00e4m\u00e4\u00e4n siell\u00e4 my\u00f6s koirien kanssa. On positiivista, etteiv\u00e4t alueella olevat sudet ole keskittyneet koirien pyyt\u00e4miseen, Ronkainen toteaa.<\/p>\n<p class=\"aw-1gybjub aw-1p7kakr kEtdKx cEmitX yle__article__paragraph\">Ronkaisen mukaan susilaumojen v\u00e4lill\u00e4 on t\u00e4ss\u00e4 suhteessa eroja. Susi voi k\u00e4yd\u00e4 koiran kimppuun, jos se kokee koiran esimerkiksi uhkana reviirialueella. My\u00f6s alfaparin toimintamallit voivat siirty\u00e4 j\u00e4lkel\u00e4isille: jos alfapari on oppinut ottamaan koiria ravinnoksi tai tappamaan niit\u00e4 reviiriuhan takia, ne opettavat pennut k\u00e4ytt\u00e4ytym\u00e4\u00e4n samalla tavalla.<\/p>\n<p class=\"aw-1gybjub aw-1p7kakr kEtdKx cEmitX yle__article__paragraph\">\u2013 Nyt alfapari ei ole ilmeisesti ollenkaan kiinnostunut kotiel\u00e4imist\u00e4 tai koirista viel\u00e4 t\u00e4h\u00e4n asti.<\/p>\n<p class=\"aw-1gybjub aw-1p7kakr kEtdKx cEmitX yle__article__paragraph\">Ronkaisen mukaan alueella ei ole mets\u00e4peuroja eik\u00e4 susien pihak\u00e4yntej\u00e4 ole ollut haitaksi asti, joten <a class=\"aw-iao6s4 iHOxEa yle__article__link\" href=\"https:\/\/yle.fi\/a\/74-20195797\" role=\"link\" rel=\"nofollow noopener\" target=\"_blank\">vuoden 2026 alkuun suunniteltu suden kiinti\u00f6mets\u00e4stys<\/a> ei nykytiedoilla koske Kivesj\u00e4rven susireviiri\u00e4.<\/p>\n<p class=\"aw-1gybjub aw-1p7kakr kEtdKx cEmitX yle__article__paragraph\">H\u00e4n toivoo, ett\u00e4 alueella liikkuvat ilmoittavat mahdollisista susihavainnoista jatkossakin petoyhdyshenkil\u00f6ille.<\/p>\n<p class=\"aw-1gybjub aw-1p7kakr kEtdKx cEmitX yle__article__paragraph\">\u2013 Havaintojen perusteella pystyt\u00e4\u00e4n kartoittamaan, miten tilanne etenee Kivesj\u00e4rven susireviirialueella.<\/p>\n","protected":false},"excerpt":{"rendered":"Uuden lauman ep\u00e4iltiin syntyneen maaliskuussa myrkytetyn alfanaaraan kuoleman j\u00e4lkeen. Avaa kuvien katselu Kuvan sudet on kuvattu \u00c4ht\u00e4rin el\u00e4inpuistossa&hellip;\n","protected":false},"author":2,"featured_media":119725,"comment_status":"","ping_status":"","sticky":false,"template":"","format":"standard","meta":{"footnotes":""},"categories":[112],"tags":[33,31,30,723,21649,71,72,10221,883,726,118,32,4237,119,4649],"class_list":{"0":"post-119724","1":"post","2":"type-post","3":"status-publish","4":"format-standard","5":"has-post-thumbnail","7":"category-tiede","8":"tag-fi","9":"tag-finland","10":"tag-finnish","11":"tag-kainuu","12":"tag-kivesjarvi","13":"tag-kotimaa","14":"tag-luonto","15":"tag-paltamo","16":"tag-petoelaimet","17":"tag-puolanka","18":"tag-science","19":"tag-suomi","20":"tag-susi","21":"tag-tiede","22":"tag-vaala"},"share_on_mastodon":{"url":"https:\/\/pubeurope.com\/@fi\/115740809893435933","error":""},"_links":{"self":[{"href":"https:\/\/www.europesays.com\/fi\/wp-json\/wp\/v2\/posts\/119724","targetHints":{"allow":["GET"]}}],"collection":[{"href":"https:\/\/www.europesays.com\/fi\/wp-json\/wp\/v2\/posts"}],"about":[{"href":"https:\/\/www.europesays.com\/fi\/wp-json\/wp\/v2\/types\/post"}],"author":[{"embeddable":true,"href":"https:\/\/www.europesays.com\/fi\/wp-json\/wp\/v2\/users\/2"}],"replies":[{"embeddable":true,"href":"https:\/\/www.europesays.com\/fi\/wp-json\/wp\/v2\/comments?post=119724"}],"version-history":[{"count":0,"href":"https:\/\/www.europesays.com\/fi\/wp-json\/wp\/v2\/posts\/119724\/revisions"}],"wp:featuredmedia":[{"embeddable":true,"href":"https:\/\/www.europesays.com\/fi\/wp-json\/wp\/v2\/media\/119725"}],"wp:attachment":[{"href":"https:\/\/www.europesays.com\/fi\/wp-json\/wp\/v2\/media?parent=119724"}],"wp:term":[{"taxonomy":"category","embeddable":true,"href":"https:\/\/www.europesays.com\/fi\/wp-json\/wp\/v2\/categories?post=119724"},{"taxonomy":"post_tag","embeddable":true,"href":"https:\/\/www.europesays.com\/fi\/wp-json\/wp\/v2\/tags?post=119724"}],"curies":[{"name":"wp","href":"https:\/\/api.w.org\/{rel}","templated":true}]}}