{"id":119728,"date":"2025-12-18T13:31:09","date_gmt":"2025-12-18T13:31:09","guid":{"rendered":"https:\/\/www.europesays.com\/fi\/119728\/"},"modified":"2025-12-18T13:31:09","modified_gmt":"2025-12-18T13:31:09","slug":"eun-asettaa-pakotteet-41-uutta-venajan-varjolaivaston-alusta-kohtaan","status":"publish","type":"post","link":"https:\/\/www.europesays.com\/fi\/119728\/","title":{"rendered":"EU:n asettaa pakotteet 41 uutta Ven\u00e4j\u00e4n varjolaivaston alusta kohtaan &#8211;"},"content":{"rendered":"<p>Torstaina Euroopan unioni m\u00e4\u00e4r\u00e4si pakotteita 41:lle muulle Ven\u00e4j\u00e4n niin sanottuun varjolaivastoon liittyv\u00e4lle alukselle, mik\u00e4 nostaa pakotteiden kohteena olevien alusten kokonaism\u00e4\u00e4r\u00e4n l\u00e4hes 600:aan, kertoi EU:n neuvosto.<\/p>\n<p>Pakotteiden kohteena olevat alukset eiv\u00e4t saa p\u00e4\u00e4st\u00e4 EU:n satamiin, ja niit\u00e4 kiellet\u00e4\u00e4n saamasta monenlaisia merenkulkupalveluja, kuten vakuutuksia, rahoitusta ja teknist\u00e4 apua.<\/p>\n<p>Varjolaivasto koostuu aluksista, jotka toimivat l\u00e4ntisen merenkulun valvonnan ulkopuolella, ja Moskova k\u00e4ytt\u00e4\u00e4 niit\u00e4 laajalti <strong> jatkaakseen \u00f6ljyn vienti\u00e4 <\/strong> huolimatta pakotteista, jotka Moskova on asettanut Ukrainan hy\u00f6kk\u00e4yksen vuoksi. Ven\u00e4j\u00e4 on tukeutunut vahvasti n\u00e4ihin aluksiin laittaessaan miljoonia tynnyreit\u00e4 raaka\u00f6ljy\u00e4 Intian ja Kiinan kaltaisille ostajille, usein alennettuun hintaan.<\/p>\n<p>EU:n 19. pakotepaketti Ven\u00e4j\u00e4\u00e4 vastaan<\/p>\n<p>Toimenpide on osa <strong>EU:n 19. pakotepakettia Ven\u00e4j\u00e4\u00e4 vastaan<\/strong>. Laajoista toimenpiteist\u00e4 huolimatta eurooppalaiset virkamiehet my\u00f6nt\u00e4v\u00e4t, ett\u00e4 Moskova on sopeutunut moniin rajoituksiin ja saa edelleen merkitt\u00e4vi\u00e4 \u00f6ljytuloja. Aiemmin t\u00e4ll\u00e4 viikolla EU langetti pakotteita my\u00f6s \u00f6ljynkauppiaille Murtaza Lakhanille ja Etibar Eyyubille ja syytti heit\u00e4 siit\u00e4, ett\u00e4 he auttoivat Ven\u00e4j\u00e4\u00e4 kiert\u00e4m\u00e4\u00e4n l\u00e4nsimaiden asettamat raaka\u00f6ljynvientikiellot, joilla se rahoittaa sotaansa Ukrainassa.<\/p>\n<p><img loading=\"lazy\" decoding=\"async\" id=\"img-1516403-4764413\" data-fullsize=\"\/media\/44\/eusanctions41_4764413b.jpg\" data-lazy=\"\" src=\"https:\/\/www.gamereactor.fihttps:\/\/www.gamereactor.fi\/media\/44\/eusanctions41_4764413_650x.jpg\" width=\"650\" onclick=\"gallery_openmodal('1516403','4764413',false,'e4854c5608c54d96a6b3f76b9414a746');\" height=\"433\" alt=\"EU:n asettaa pakotteet 41 uutta Ven\u00e4j\u00e4n varjolaivaston alusta kohtaan\" class=\"rwd_col_content lazy\"\/>Varjolaivasto (konsepti) \/\/ Shutterstock<\/p>\n","protected":false},"excerpt":{"rendered":"Torstaina Euroopan unioni m\u00e4\u00e4r\u00e4si pakotteita 41:lle muulle Ven\u00e4j\u00e4n niin sanottuun varjolaivastoon liittyv\u00e4lle alukselle, mik\u00e4 nostaa pakotteiden kohteena olevien&hellip;\n","protected":false},"author":2,"featured_media":119729,"comment_status":"","ping_status":"","sticky":false,"template":"","format":"standard","meta":{"footnotes":""},"categories":[14],"tags":[22,23,26,27,33,31,30,17,24,25,28,29,15,18,21,32,19,20,56,16,59,60,61],"class_list":{"0":"post-119728","1":"post","2":"type-post","3":"status-publish","4":"format-standard","5":"has-post-thumbnail","7":"category-ulkomaat","8":"tag-breaking-news","9":"tag-breakingnews","10":"tag-featured-news","11":"tag-featurednews","12":"tag-fi","13":"tag-finland","14":"tag-finnish","15":"tag-headlines","16":"tag-latest-news","17":"tag-latestnews","18":"tag-main-news","19":"tag-mainnews","20":"tag-news","21":"tag-otsikot","22":"tag-paauutiset","23":"tag-suomi","24":"tag-top-stories","25":"tag-topstories","26":"tag-ulkomaat","27":"tag-uutiset","28":"tag-world","29":"tag-world-news","30":"tag-worldnews"},"share_on_mastodon":{"url":"https:\/\/pubeurope.com\/@fi\/115740821957698257","error":""},"_links":{"self":[{"href":"https:\/\/www.europesays.com\/fi\/wp-json\/wp\/v2\/posts\/119728","targetHints":{"allow":["GET"]}}],"collection":[{"href":"https:\/\/www.europesays.com\/fi\/wp-json\/wp\/v2\/posts"}],"about":[{"href":"https:\/\/www.europesays.com\/fi\/wp-json\/wp\/v2\/types\/post"}],"author":[{"embeddable":true,"href":"https:\/\/www.europesays.com\/fi\/wp-json\/wp\/v2\/users\/2"}],"replies":[{"embeddable":true,"href":"https:\/\/www.europesays.com\/fi\/wp-json\/wp\/v2\/comments?post=119728"}],"version-history":[{"count":0,"href":"https:\/\/www.europesays.com\/fi\/wp-json\/wp\/v2\/posts\/119728\/revisions"}],"wp:featuredmedia":[{"embeddable":true,"href":"https:\/\/www.europesays.com\/fi\/wp-json\/wp\/v2\/media\/119729"}],"wp:attachment":[{"href":"https:\/\/www.europesays.com\/fi\/wp-json\/wp\/v2\/media?parent=119728"}],"wp:term":[{"taxonomy":"category","embeddable":true,"href":"https:\/\/www.europesays.com\/fi\/wp-json\/wp\/v2\/categories?post=119728"},{"taxonomy":"post_tag","embeddable":true,"href":"https:\/\/www.europesays.com\/fi\/wp-json\/wp\/v2\/tags?post=119728"}],"curies":[{"name":"wp","href":"https:\/\/api.w.org\/{rel}","templated":true}]}}