{"id":119740,"date":"2025-12-18T13:52:14","date_gmt":"2025-12-18T13:52:14","guid":{"rendered":"https:\/\/www.europesays.com\/fi\/119740\/"},"modified":"2025-12-18T13:52:14","modified_gmt":"2025-12-18T13:52:14","slug":"il-seuraa-suvi-minkkinen-taistelee-voitosta","status":"publish","type":"post","link":"https:\/\/www.europesays.com\/fi\/119740\/","title":{"rendered":"IL seuraa: Suvi Minkkinen taistelee voitosta!"},"content":{"rendered":"<p>Iltalehti seuraa naisten ampumahiihdon pikakilpailua t\u00e4ss\u00e4 jutussa.<\/p>\n<p><img decoding=\"async\" class=\"image image-show image-preview\" src=\"https:\/\/www.europesays.com\/fi\/wp-content\/uploads\/2025\/12\/9af71878b4e905e9cfdcc7fa8931da7dc1fe5af82886385442565557f4093bdf.jpg\" alt=\"\"\/><img decoding=\"async\" class=\"image image-show\" src=\"https:\/\/www.europesays.com\/fi\/wp-content\/uploads\/2025\/12\/1765636870_334_9af71878b4e905e9cfdcc7fa8931da7dc1fe5af82886385442565557f4093bdf.jpg\" alt=\"\"\/><\/p>\n<p>Suvi Minkkinen starttaa pikakilpailuun kello 15.38. ZumaWire \/ MVPHOTOS<\/p>\n<p><a href=\"https:\/\/www.iltalehti.fi\/kirjoittajat\/Juuso Taipale\" rel=\"nofollow noopener\" target=\"_blank\"><img decoding=\"async\" class=\"author-image-img\" alt=\"Tekij\u00e4n kuva\" src=\"https:\/\/www.europesays.com\/fi\/wp-content\/uploads\/2025\/10\/1f7628c4aefc7938b8cf18d49bb108bcd9aeb7b5b6e257094c6df66d64b3637b.png\"\/><\/a><a href=\"https:\/\/www.iltalehti.fi\/kirjoittajat\/Pekka Kumpula\" rel=\"nofollow noopener\" target=\"_blank\"><img decoding=\"async\" class=\"author-image-img\" alt=\"Tekij\u00e4n kuva\" src=\"https:\/\/www.europesays.com\/fi\/wp-content\/uploads\/2025\/10\/461b3a1824fc0ee2f6e36c7a079e3de5fedf67e507d52ed32b3f06da86cee7e0.png\"\/><\/a><\/p>\n<p>T\u00e4n\u00e4\u00e4n klo 14:52 (p\u00e4ivitetty klo 15:46)<\/p>\n<p class=\"paragraph\">Ampumahiihdon maailmancupin Annecyn kilpailut k\u00e4ynnistyv\u00e4t torstaina naisten 7,5 kilometrin pikakilpailulla.<\/p>\n<p class=\"paragraph\">Kello 15.15 alkavassa kisassa n\u00e4hd\u00e4\u00e4n vahva suomalaisnelikko, joka on esiintynyt alkukaudella lupaavasti.<\/p>\n<p class=\"paragraph\"><strong>Venla Lehtonen<\/strong> starttaa numerolla 14 klo 15.22, <strong>Sonja Leinamo<\/strong> numerolla 38 klo 15.34, <strong>Inka H\u00e4m\u00e4l\u00e4inen<\/strong> numerolla 40 klo 15.35 ja <strong>Suvi Minkkinen<\/strong> numerolla 46 klo 15.38.<\/p>\n<p class=\"paragraph\">Minkkinen on viiden osakilpailun j\u00e4lkeen parhaana suomalaisena maailmancupin kokonaiskilpailussa kuudentena.<\/p>\n<p>Ei vanhempia p\u00e4ivityksi\u00e4<\/p>\n<p>Sonja Leinamolla kesti saada ensimm\u00e4inen patruuna matkaan. AOP<\/p>\n<p><a href=\"https:\/\/www.iltalehti.fi\/telkku\/?utm_source=iltalehti.fi&amp;utm_medium=almainternal&amp;utm_campaign=urheilu_artikkelibanneri&amp;utm_content=banner_612_a\" rel=\"nofollow noopener\" target=\"_blank\"><img decoding=\"async\" src=\"https:\/\/www.europesays.com\/fi\/wp-content\/uploads\/2025\/08\/7ef604e47d46ca174b7df4149bd3557dbde56a86d520f8e1b2125548b0a2e03a.png\" alt=\"TV-ohjelmat t\u00e4n\u00e4\u00e4n, TV-opas\"\/><\/a><\/p>\n","protected":false},"excerpt":{"rendered":"Iltalehti seuraa naisten ampumahiihdon pikakilpailua t\u00e4ss\u00e4 jutussa. Suvi Minkkinen starttaa pikakilpailuun kello 15.38. ZumaWire \/ MVPHOTOS T\u00e4n\u00e4\u00e4n klo&hellip;\n","protected":false},"author":2,"featured_media":119741,"comment_status":"","ping_status":"","sticky":false,"template":"","format":"standard","meta":{"footnotes":""},"categories":[158],"tags":[35,33,31,30,1511,3595,41,1616,2294,159,32,160],"class_list":{"0":"post-119740","1":"post","2":"type-post","3":"status-publish","4":"format-standard","5":"has-post-thumbnail","7":"category-urheilu","8":"tag-24h","9":"tag-fi","10":"tag-finland","11":"tag-finnish","12":"tag-joukkoviestinta","13":"tag-kustantaminen","14":"tag-liikunta-ja-urheilu","15":"tag-media-viestinta","16":"tag-sanomalehdet","17":"tag-sports","18":"tag-suomi","19":"tag-urheilu"},"share_on_mastodon":{"url":"https:\/\/pubeurope.com\/@fi\/115740904447626821","error":""},"_links":{"self":[{"href":"https:\/\/www.europesays.com\/fi\/wp-json\/wp\/v2\/posts\/119740","targetHints":{"allow":["GET"]}}],"collection":[{"href":"https:\/\/www.europesays.com\/fi\/wp-json\/wp\/v2\/posts"}],"about":[{"href":"https:\/\/www.europesays.com\/fi\/wp-json\/wp\/v2\/types\/post"}],"author":[{"embeddable":true,"href":"https:\/\/www.europesays.com\/fi\/wp-json\/wp\/v2\/users\/2"}],"replies":[{"embeddable":true,"href":"https:\/\/www.europesays.com\/fi\/wp-json\/wp\/v2\/comments?post=119740"}],"version-history":[{"count":0,"href":"https:\/\/www.europesays.com\/fi\/wp-json\/wp\/v2\/posts\/119740\/revisions"}],"wp:featuredmedia":[{"embeddable":true,"href":"https:\/\/www.europesays.com\/fi\/wp-json\/wp\/v2\/media\/119741"}],"wp:attachment":[{"href":"https:\/\/www.europesays.com\/fi\/wp-json\/wp\/v2\/media?parent=119740"}],"wp:term":[{"taxonomy":"category","embeddable":true,"href":"https:\/\/www.europesays.com\/fi\/wp-json\/wp\/v2\/categories?post=119740"},{"taxonomy":"post_tag","embeddable":true,"href":"https:\/\/www.europesays.com\/fi\/wp-json\/wp\/v2\/tags?post=119740"}],"curies":[{"name":"wp","href":"https:\/\/api.w.org\/{rel}","templated":true}]}}