{"id":119748,"date":"2025-12-18T13:58:09","date_gmt":"2025-12-18T13:58:09","guid":{"rendered":"https:\/\/www.europesays.com\/fi\/119748\/"},"modified":"2025-12-18T13:58:09","modified_gmt":"2025-12-18T13:58:09","slug":"paijat-hame-johtaa-alueiden-yhteista-energiavaikuttamista-euroopassa","status":"publish","type":"post","link":"https:\/\/www.europesays.com\/fi\/119748\/","title":{"rendered":"P\u00e4ij\u00e4t-H\u00e4me johtaa alueiden yhteist\u00e4 energiavaikuttamista Euroopassa"},"content":{"rendered":"<p><strong><\/p>\n<p>P\u00e4ij\u00e4t-H\u00e4meen maakunta johtaa eurooppalaisen syrj\u00e4isten ja merellisten alueiden liiton eli CPMR-j\u00e4rjest\u00f6n energiaty\u00f6ryhm\u00e4\u00e4 kaudella 2025\u20132026. Puheenjohtajana toimii P\u00e4ij\u00e4t-H\u00e4meen maakuntavaltuuston 1. varapuheenjohtaja Sami Salminen (sd.).<\/p>\n<p><\/strong><\/p>\n<p>CPMR (Conference of Peripheral Maritime Regions) on yksi Euroopan merkitt\u00e4vimmist\u00e4 alueiden edunvalvontaj\u00e4rjest\u00f6ist\u00e4, joka kokoaa yhteen noin 160 aluetta eri puolilta Eurooppaa. J\u00e4rjest\u00f6 tarjoaa alueille yhteisen kanavan vaikuttaa EU:n politiikkavalmisteluun ja rahoituslinjauksiin erityisesti energian, liikenteen, aluekehityksen ja kest\u00e4v\u00e4n kasvun kysymyksiss\u00e4.\u00a0<br \/>\u00a0<br \/>Energiaty\u00f6ryhm\u00e4n puheenjohtajana toimii P\u00e4ij\u00e4t-H\u00e4meen maakuntavaltuuston 1. varapuheenjohtaja\u00a0<strong>Sami Salminen<\/strong>. Puheenjohtajakaudella P\u00e4ij\u00e4t-H\u00e4me nostaa esiin alueiden roolia energiasiirtym\u00e4n k\u00e4yt\u00e4nn\u00f6n toteuttajina ja vahvistaa alueiden \u00e4\u00e4nt\u00e4 EU:n energiapolitiikassa.<\/p>\n<p><img decoding=\"async\" src=\"https:\/\/www.europesays.com\/fi\/wp-content\/uploads\/2025\/12\/6c2a39a3-3064-4667-9750-a463c62c1052-w_720.jpg\"  alt=\"Tummaan%20pukuun%20pukeutunut%20mies%20istuu%20kokoustilassa%20p%F6yd%E4n%20%E4%E4ress%E4.%20P%F6yd%E4ll%E4%20tietokone%2C%20muistikirjoja%20ja%20joulut%E4hti.%20Taustalla%20iso%20n%E4ytt%F6%2C%20jossa%20teksti%3A%20Supporting%20the%20Energy%20Transition%20of%20Europea%20n%20Regions.\"\/>Sami Salminen johti puhetta CPMR:n energiaty\u00f6ryhm\u00e4n et\u00e4kokouksessa 18.12.2025. <strong>Antti Kalliomaa<\/strong><\/p>\n<blockquote>\n<p>P\u00e4ij\u00e4t-H\u00e4meelle energiasiirtym\u00e4 tarkoittaa ennen kaikkea k\u00e4yt\u00e4nn\u00f6n tekoja. S\u00e4hk\u00f6istyminen, toimivat s\u00e4hk\u00f6verkot ja teollinen siirtym\u00e4 edellytt\u00e4v\u00e4t alueilla konkreettisia investointeja ja ratkaisuja. Puheenjohtajakaudella haluamme varmistaa, ett\u00e4 alueiden n\u00e4k\u00f6kulma kuuluu EU:n energiapolitiikassa ja ett\u00e4 ratkaisut tukevat alueiden erilaisia l\u00e4ht\u00f6kohtia, Salminen toteaa.<\/p>\n<\/blockquote>\n<p>CPMR:n energiaty\u00f6ryhm\u00e4n kokouksessa 18.12.2025 keskusteltiin EU:n ajankohtaisista energiapoliittisista aloitteista ja alueiden roolista niiden toimeenpanossa. Kokoukseen osallistui viisikymment\u00e4 alueiden edustajaa eri puolilta Eurooppaa. Kokouksen keskeisi\u00e4 teemoja olivat energian ja liikenteen s\u00e4hk\u00f6istyminen, s\u00e4hk\u00f6verkkojen kehitt\u00e4minen, investointien ja rahoituksen edellytykset sek\u00e4 alueiden valmius vastata kasvavaan energiakysynt\u00e4\u00e4n.\u00a0<\/p>\n<p>Kokouksessa vaihdettiin n\u00e4kemyksi\u00e4 my\u00f6s EU:n tulevista painopisteist\u00e4 sek\u00e4 siit\u00e4, miten alueet voivat vaikuttaa valmisteluun ja hy\u00f6dynt\u00e4\u00e4 EU:n rahoitus- ja tukiv\u00e4lineit\u00e4 energiasiirtym\u00e4n edist\u00e4misess\u00e4. Useissa puheenvuoroissa korostettiin alueiden v\u00e4lisen energiayhteisty\u00f6n merkityst\u00e4 niin hankkeiden ja projektien kuin edunvalvonnankin n\u00e4k\u00f6kulmasta.\u00a0\u00a0<\/p>\n<p>Kansainv\u00e4linen energia- ja liikenneseminaari Lahdessa kev\u00e4\u00e4ll\u00e4 2026<\/p>\n<p>P\u00e4ij\u00e4t-H\u00e4meen puheenjohtajakauden yksi keskeinen avaus on kev\u00e4\u00e4ll\u00e4 Lahdessa j\u00e4rjestett\u00e4v\u00e4 kansainv\u00e4linen seminaari, jonka toteuttavat yhdess\u00e4 CPMR:n energiaty\u00f6ryhm\u00e4 ja liikennety\u00f6ryhm\u00e4. Seminaarissa k\u00e4sitell\u00e4\u00e4n energian ja liikenteen s\u00e4hk\u00f6istymist\u00e4 eri n\u00e4k\u00f6kulmista sek\u00e4 s\u00e4hk\u00f6verkkojen, ajoneuvojen ja infrastruktuurin yhteensovittamista.\u00a0<br \/>\u00a0<\/p>\n<p>P\u00e4ij\u00e4t-H\u00e4meen liiton edunvalvontajohtaja <strong>Antti Kalliomaa<\/strong> korostaa CPMR:n merkityst\u00e4 osana alueen EU-vaikuttamisty\u00f6t\u00e4:\u00a0<\/p>\n<blockquote>\n<p>CPMR tarjoaa P\u00e4ij\u00e4t-H\u00e4meelle vaikuttavan kanavan EU-tason energiapolitiikkaan ja alueen edunvalvontaan. Energiaty\u00f6ryhm\u00e4 avaa konkreettisia mahdollisuuksia vaikuttaa valmisteluun, rakentaa hankekumppanuuksia sek\u00e4 tuoda esiin maakuntamme osaamista ja tarpeita eurooppalaisessa p\u00e4\u00e4t\u00f6ksenteossa, Kalliomaa sanoo.<\/p>\n<\/blockquote>\n","protected":false},"excerpt":{"rendered":"P\u00e4ij\u00e4t-H\u00e4meen maakunta johtaa eurooppalaisen syrj\u00e4isten ja merellisten alueiden liiton eli CPMR-j\u00e4rjest\u00f6n energiaty\u00f6ryhm\u00e4\u00e4 kaudella 2025\u20132026. Puheenjohtajana toimii P\u00e4ij\u00e4t-H\u00e4meen maakuntavaltuuston&hellip;\n","protected":false},"author":2,"featured_media":119749,"comment_status":"","ping_status":"","sticky":false,"template":"","format":"standard","meta":{"footnotes":""},"categories":[12],"tags":[22,23,26,27,33,31,30,17,24,25,28,29,15,18,21,32,19,20,16],"class_list":{"0":"post-119748","1":"post","2":"type-post","3":"status-publish","4":"format-standard","5":"has-post-thumbnail","7":"category-suomi","8":"tag-breaking-news","9":"tag-breakingnews","10":"tag-featured-news","11":"tag-featurednews","12":"tag-fi","13":"tag-finland","14":"tag-finnish","15":"tag-headlines","16":"tag-latest-news","17":"tag-latestnews","18":"tag-main-news","19":"tag-mainnews","20":"tag-news","21":"tag-otsikot","22":"tag-paauutiset","23":"tag-suomi","24":"tag-top-stories","25":"tag-topstories","26":"tag-uutiset"},"share_on_mastodon":{"url":"https:\/\/pubeurope.com\/@fi\/115740928419658102","error":""},"_links":{"self":[{"href":"https:\/\/www.europesays.com\/fi\/wp-json\/wp\/v2\/posts\/119748","targetHints":{"allow":["GET"]}}],"collection":[{"href":"https:\/\/www.europesays.com\/fi\/wp-json\/wp\/v2\/posts"}],"about":[{"href":"https:\/\/www.europesays.com\/fi\/wp-json\/wp\/v2\/types\/post"}],"author":[{"embeddable":true,"href":"https:\/\/www.europesays.com\/fi\/wp-json\/wp\/v2\/users\/2"}],"replies":[{"embeddable":true,"href":"https:\/\/www.europesays.com\/fi\/wp-json\/wp\/v2\/comments?post=119748"}],"version-history":[{"count":0,"href":"https:\/\/www.europesays.com\/fi\/wp-json\/wp\/v2\/posts\/119748\/revisions"}],"wp:featuredmedia":[{"embeddable":true,"href":"https:\/\/www.europesays.com\/fi\/wp-json\/wp\/v2\/media\/119749"}],"wp:attachment":[{"href":"https:\/\/www.europesays.com\/fi\/wp-json\/wp\/v2\/media?parent=119748"}],"wp:term":[{"taxonomy":"category","embeddable":true,"href":"https:\/\/www.europesays.com\/fi\/wp-json\/wp\/v2\/categories?post=119748"},{"taxonomy":"post_tag","embeddable":true,"href":"https:\/\/www.europesays.com\/fi\/wp-json\/wp\/v2\/tags?post=119748"}],"curies":[{"name":"wp","href":"https:\/\/api.w.org\/{rel}","templated":true}]}}