{"id":119750,"date":"2025-12-18T13:59:18","date_gmt":"2025-12-18T13:59:18","guid":{"rendered":"https:\/\/www.europesays.com\/fi\/119750\/"},"modified":"2025-12-18T13:59:18","modified_gmt":"2025-12-18T13:59:18","slug":"vesihuollon-runkolinjaurakka-valmis-2025-loppuun-mennessa","status":"publish","type":"post","link":"https:\/\/www.europesays.com\/fi\/119750\/","title":{"rendered":"Vesihuollon runkolinjaurakka valmis 2025 loppuun menness\u00e4"},"content":{"rendered":"<p><strong>Yl\u00f6j\u00e4rven Vesi Oy tiedottaa:<\/strong><\/p>\n<p>Yl\u00f6j\u00e4rven Veden vesihuollon runkolinjaurakka\u00a0Yl\u00f6j\u00e4rven keskustasta Teivoon on valmistumassa vuoden 2025 loppuun menness\u00e4.<\/p>\n<p>Recset Oy aloitti urakan tammikuussa 2025. Rakennusty\u00f6t ovat sujuneet turvallisesti ilman suurempia yll\u00e4tyksi\u00e4 ja valmistuvat hieman etuajassa. Urakassa on rakennettu yhteens\u00e4 yli 8 kilometri\u00e4 uusia runkoviem\u00e4reit\u00e4 ja vesijohtoja.<\/p>\n<p>Kaikki urakan liikennej\u00e4rjestelyt puretaan vuoden 2025 loppuun menness\u00e4, ja Mikkolantien jalankulku- ja py\u00f6r\u00e4ily-yhteys avataan liikenteelle.<\/p>\n<p>Uuden j\u00e4tevesipumppaamon rakennusty\u00f6t alkavat vuoden 2026 alussa<\/p>\n<p>Yl\u00f6j\u00e4rven Vesi Oy rakennuttaa vuoden 2026 aikana uuden j\u00e4tevesipumppaamon Ter\u00e4tien varteen. Rakennusty\u00f6t alkavat alkuvuodesta 2026. Uusi pumppaamo korvaa nykyisen elinkaarensa p\u00e4\u00e4ss\u00e4 olevan Saurion p\u00e4\u00e4j\u00e4tevesipumppaamon Mikkolantien varressa.<\/p>\n<p>Uuden pumppaamon valmistuttua tehd\u00e4\u00e4n viel\u00e4 liitosty\u00f6t vanhan ja uuden pumppaamon linjojen v\u00e4lille syksyll\u00e4 2026. Liitost\u00f6iden aikana toteutetaan kaivut\u00f6it\u00e4 Mikkolantien ja Vaasantien ymp\u00e4rist\u00f6ss\u00e4.<\/p>\n<p>Vesihuollon runkolinjojen uudistaminen ja uusi j\u00e4tevesipumppaamo varmistavat puhtaan veden toimitusvarmuuden ja j\u00e4tevesien siirron sek\u00e4 mahdollistaa Teivo-M\u00e4kkyl\u00e4n kaupunginosan vesihuollon rakentamisen.<\/p>\n<p><strong>Lis\u00e4tiedot:<\/strong><\/p>\n<p>Jouni V\u00e4h\u00e4kytt\u00e4, Yl\u00f6j\u00e4rven Vesi Oy, toimitusjohtaja, <a href=\"https:\/\/www.ylojarvi.fi\/vesihuollon-runkolinjaurakka-valmistuu-vuoden-2025-loppuun-mennessa\/mailto:jouni.vahakytta@ylojarvi.fi\" rel=\"nofollow noopener\" target=\"_blank\">jouni.vahakytta@ylojarvi.fi<\/a>, p. 050 390 4785<br \/>Tatu Hoikkala, Yl\u00f6j\u00e4rven Vesi Oy, rakennuttaja, <a href=\"https:\/\/www.ylojarvi.fi\/vesihuollon-runkolinjaurakka-valmistuu-vuoden-2025-loppuun-mennessa\/mailto:tatu.hoikkala@ylojarvi.fi\" rel=\"nofollow noopener\" target=\"_blank\">tatu.hoikkala@ylojarvi.fi<\/a>, p. 040 730 3022 (vaihteen nro, nro 5 kautta yhdistyy Hoikkalalle)<br \/>Mari Sipil\u00e4, Recset Oy, vastaava ty\u00f6njohtaja, <a href=\"https:\/\/www.ylojarvi.fi\/vesihuollon-runkolinjaurakka-valmistuu-vuoden-2025-loppuun-mennessa\/mailto:mari.sipila@recset.fi\" rel=\"nofollow noopener\" target=\"_blank\">mari.sipila@recset.fi<\/a>, p. 040 757 0054<\/p>\n","protected":false},"excerpt":{"rendered":"Yl\u00f6j\u00e4rven Vesi Oy tiedottaa: Yl\u00f6j\u00e4rven Veden vesihuollon runkolinjaurakka\u00a0Yl\u00f6j\u00e4rven keskustasta Teivoon on valmistumassa vuoden 2025 loppuun menness\u00e4. Recset Oy&hellip;\n","protected":false},"author":2,"featured_media":119751,"comment_status":"","ping_status":"","sticky":false,"template":"","format":"standard","meta":{"footnotes":""},"categories":[5],"tags":[22,23,26,27,33,31,30,17,24,25,28,29,15,18,21,32,19,20,16],"class_list":{"0":"post-119750","1":"post","2":"type-post","3":"status-publish","4":"format-standard","5":"has-post-thumbnail","7":"category-otsikot","8":"tag-breaking-news","9":"tag-breakingnews","10":"tag-featured-news","11":"tag-featurednews","12":"tag-fi","13":"tag-finland","14":"tag-finnish","15":"tag-headlines","16":"tag-latest-news","17":"tag-latestnews","18":"tag-main-news","19":"tag-mainnews","20":"tag-news","21":"tag-otsikot","22":"tag-paauutiset","23":"tag-suomi","24":"tag-top-stories","25":"tag-topstories","26":"tag-uutiset"},"share_on_mastodon":{"url":"https:\/\/pubeurope.com\/@fi\/115740931872381644","error":""},"_links":{"self":[{"href":"https:\/\/www.europesays.com\/fi\/wp-json\/wp\/v2\/posts\/119750","targetHints":{"allow":["GET"]}}],"collection":[{"href":"https:\/\/www.europesays.com\/fi\/wp-json\/wp\/v2\/posts"}],"about":[{"href":"https:\/\/www.europesays.com\/fi\/wp-json\/wp\/v2\/types\/post"}],"author":[{"embeddable":true,"href":"https:\/\/www.europesays.com\/fi\/wp-json\/wp\/v2\/users\/2"}],"replies":[{"embeddable":true,"href":"https:\/\/www.europesays.com\/fi\/wp-json\/wp\/v2\/comments?post=119750"}],"version-history":[{"count":0,"href":"https:\/\/www.europesays.com\/fi\/wp-json\/wp\/v2\/posts\/119750\/revisions"}],"wp:featuredmedia":[{"embeddable":true,"href":"https:\/\/www.europesays.com\/fi\/wp-json\/wp\/v2\/media\/119751"}],"wp:attachment":[{"href":"https:\/\/www.europesays.com\/fi\/wp-json\/wp\/v2\/media?parent=119750"}],"wp:term":[{"taxonomy":"category","embeddable":true,"href":"https:\/\/www.europesays.com\/fi\/wp-json\/wp\/v2\/categories?post=119750"},{"taxonomy":"post_tag","embeddable":true,"href":"https:\/\/www.europesays.com\/fi\/wp-json\/wp\/v2\/tags?post=119750"}],"curies":[{"name":"wp","href":"https:\/\/api.w.org\/{rel}","templated":true}]}}