{"id":119760,"date":"2025-12-18T14:18:08","date_gmt":"2025-12-18T14:18:08","guid":{"rendered":"https:\/\/www.europesays.com\/fi\/119760\/"},"modified":"2025-12-18T14:18:08","modified_gmt":"2025-12-18T14:18:08","slug":"ampumahiihto-suvi-minkkinen-taistelee-voitosta-hs-seuraa","status":"publish","type":"post","link":"https:\/\/www.europesays.com\/fi\/119760\/","title":{"rendered":"Ampumahiihto: Suvi Minkkinen taistelee voitosta \u2013 HS seuraa"},"content":{"rendered":"<p>Ampumahiihto|Ampumahiihdon maailmancup jatkuu naisten pikakilpailulla.<\/p>\n<p class=\"article-body mb-nof-24 px-nof-16\">Ampumahiihdon maailmancupin kiertue on siirtynyt Ranskaan, jossa kisaj\u00e4rjest\u00e4j\u00e4n\u00e4 toimii viikonvaihteessa Annecy-Le Grand Bornand.<\/p>\n<p class=\"article-body mb-nof-24 px-nof-16\">Kisaviikonloppu alkaa torstaina naisten pikakilpailulla. Kello 15.15 alkavaan kisaan on ilmoittautunut 103 urheilijaa.<\/p>\n<p class=\"article-body mb-nof-24 px-nof-16\">Suomesta mukana ovat <a class=\"article-personlink\" href=\"https:\/\/www.hs.fi\/haku\/?query=Venla%20Lehtonen\" rel=\"nofollow noopener\" target=\"_blank\">Venla Lehtonen<\/a>, <a class=\"article-personlink\" href=\"https:\/\/www.hs.fi\/haku\/?query=Sonja%20Leinamo\" rel=\"nofollow noopener\" target=\"_blank\">Sonja Leinamo<\/a>, <a class=\"article-personlink\" href=\"https:\/\/www.hs.fi\/haku\/?query=Inka%20H%C3%A4m%C3%A4l%C3%A4inen\" rel=\"nofollow noopener\" target=\"_blank\">Inka H\u00e4m\u00e4l\u00e4inen<\/a> ja <a class=\"article-personlink\" href=\"https:\/\/www.hs.fi\/haku\/?query=Suvi%20Minkkinen\" rel=\"nofollow noopener\" target=\"_blank\">Suvi Minkkinen<\/a>.<\/p>\n<p class=\"article-body mb-nof-24 px-nof-16\">Maailmancupin kokonaiskilpailun johdossa on Ruotsin <a class=\"article-personlink\" href=\"https:\/\/www.hs.fi\/haku\/?query=Anna%20Magnusson\" rel=\"nofollow noopener\" target=\"_blank\">Anna Magnusson<\/a>. H\u00e4n johtaa my\u00f6s pikakilpailucupia.<\/p>\n<p class=\"article-body nof-ui-body-medium mb-nof-24 px-nof-16\">HS seuraa kisaa hetki hetkelt\u00e4. Seuranta aukeaa alle.<\/p>\n","protected":false},"excerpt":{"rendered":"Ampumahiihto|Ampumahiihdon maailmancup jatkuu naisten pikakilpailulla. Ampumahiihdon maailmancupin kiertue on siirtynyt Ranskaan, jossa kisaj\u00e4rjest\u00e4j\u00e4n\u00e4 toimii viikonvaihteessa Annecy-Le Grand Bornand.&hellip;\n","protected":false},"author":2,"featured_media":119761,"comment_status":"","ping_status":"","sticky":false,"template":"","format":"standard","meta":{"footnotes":""},"categories":[158],"tags":[33,31,30,46,159,32,160],"class_list":{"0":"post-119760","1":"post","2":"type-post","3":"status-publish","4":"format-standard","5":"has-post-thumbnail","7":"category-urheilu","8":"tag-fi","9":"tag-finland","10":"tag-finnish","11":"tag-helsingin-sanomat","12":"tag-sports","13":"tag-suomi","14":"tag-urheilu"},"share_on_mastodon":{"url":"https:\/\/pubeurope.com\/@fi\/115741007045770441","error":""},"_links":{"self":[{"href":"https:\/\/www.europesays.com\/fi\/wp-json\/wp\/v2\/posts\/119760","targetHints":{"allow":["GET"]}}],"collection":[{"href":"https:\/\/www.europesays.com\/fi\/wp-json\/wp\/v2\/posts"}],"about":[{"href":"https:\/\/www.europesays.com\/fi\/wp-json\/wp\/v2\/types\/post"}],"author":[{"embeddable":true,"href":"https:\/\/www.europesays.com\/fi\/wp-json\/wp\/v2\/users\/2"}],"replies":[{"embeddable":true,"href":"https:\/\/www.europesays.com\/fi\/wp-json\/wp\/v2\/comments?post=119760"}],"version-history":[{"count":0,"href":"https:\/\/www.europesays.com\/fi\/wp-json\/wp\/v2\/posts\/119760\/revisions"}],"wp:featuredmedia":[{"embeddable":true,"href":"https:\/\/www.europesays.com\/fi\/wp-json\/wp\/v2\/media\/119761"}],"wp:attachment":[{"href":"https:\/\/www.europesays.com\/fi\/wp-json\/wp\/v2\/media?parent=119760"}],"wp:term":[{"taxonomy":"category","embeddable":true,"href":"https:\/\/www.europesays.com\/fi\/wp-json\/wp\/v2\/categories?post=119760"},{"taxonomy":"post_tag","embeddable":true,"href":"https:\/\/www.europesays.com\/fi\/wp-json\/wp\/v2\/tags?post=119760"}],"curies":[{"name":"wp","href":"https:\/\/api.w.org\/{rel}","templated":true}]}}