{"id":119766,"date":"2025-12-18T14:23:07","date_gmt":"2025-12-18T14:23:07","guid":{"rendered":"https:\/\/www.europesays.com\/fi\/119766\/"},"modified":"2025-12-18T14:23:07","modified_gmt":"2025-12-18T14:23:07","slug":"asiantuntijan-mukaan-venaja-yrittaa-toistaa-historiansa-400-vuoden-takaa","status":"publish","type":"post","link":"https:\/\/www.europesays.com\/fi\/119766\/","title":{"rendered":"Asiantuntijan mukaan Ven\u00e4j\u00e4 yritt\u00e4\u00e4 toistaa historiansa 400 vuoden takaa"},"content":{"rendered":"<p class=\"ai-optimize-6 ai-optimize-introduction\">Viron ulkomaantiedustelun entinen johtaja, nykyinen turvallisuusanalyytikko <strong>Rainer<\/strong> <strong>Saks<\/strong> analysoi <a href=\"https:\/\/epl.delfi.ee\/artikkel\/120424464\/sojaraport-rainer-saks-venemaa-kommunikatsioonis-on-tekkinud-uus-liin-raagitakse-euroopa-plaanist-alustada-nende-vastu-soda\" rel=\"nofollow noopener\" target=\"_blank\">Eesti P\u00e4evalehdess\u00e4<\/a> Ven\u00e4j\u00e4n propagandaa ja strategista viestint\u00e4\u00e4.<\/p>\n<p class=\"ai-optimize-7\">Ensinn\u00e4kin h\u00e4n kiinnitt\u00e4\u00e4 huomiota siihen, kuinka Ven\u00e4j\u00e4n perustelut ja tavoitteet ovat nelj\u00e4n sotavuoden kuluessa muuttuneet.<\/p>\n<p class=\"ai-optimize-8\">Eilen Ven\u00e4j\u00e4n diktaattori <strong>Vladimir<\/strong> <strong>Putin<\/strong> painotti keskeisin\u00e4 vaatimuksenaan Ukrainan alueluovutukset. Ven\u00e4j\u00e4 haluaa \u201dvapauttaa historialliset maansa\u201d, kuten Verkkouutiset kertoi eilen <a href=\"https:\/\/www.verkkouutiset.fi\/a\/vladimir-putinilta-raju-ulostulo\/#ac5093b4\" rel=\"nofollow noopener\" target=\"_blank\">t\u00e4ss\u00e4<\/a>.<\/p>\n<p class=\"ai-optimize-9\">Saks lis\u00e4\u00e4, ett\u00e4 Ven\u00e4j\u00e4ll\u00e4 k\u00e4ytet\u00e4\u00e4n my\u00f6s \u201dVen\u00e4j\u00e4lle laillisesti kuuluvat historialliset alueet\u201d ja sit\u00e4 vastaavia k\u00e4sitteit\u00e4.<\/p>\n<p class=\"ai-optimize-10\">\u2013 Ven\u00e4j\u00e4 on verrattuna sodan alkuun muuttanut hy\u00f6kk\u00e4ykseens\u00e4 liittyvi\u00e4 narratiiveja [kertomuksia]. Sodan alussa ensisijaisesti syyllistettiin Ukraina halusta liitty\u00e4 Natoon ja p\u00e4\u00e4tavoitteena oli Ukrainan poliittisen j\u00e4rjestelm\u00e4n muuttaminen, kirjoittaa Saks.<\/p>\n<p class=\"ai-optimize-11\">H\u00e4n toteaa, ett\u00e4 aluevaatimuksia Ven\u00e4j\u00e4ll\u00e4 on ollut, mutta ne eiv\u00e4t olleet ensisijaisia.<\/p>\n<p class=\"ai-optimize-12\">\u2013 Nyt Ukrainan Donbasin annektointi on noussut selv\u00e4sti kaikkien vaatimusten ykk\u00f6seksi. Toisin sanoen Ven\u00e4j\u00e4 k\u00e4y yksinkertaisesti valloitussotaa.<\/p>\n<p class=\"ai-optimize-13\">Sasks arvioi, ett\u00e4 tietyn \u201dkonkreettisen maa-alueen valtaaminen kumpuaa Ven\u00e4j\u00e4n nykyjohdon ymm\u00e4rryksest\u00e4 historiallisten prosessien logiikasta Ven\u00e4j\u00e4ll\u00e4\u201d eli k\u00e4yt\u00e4nn\u00f6ss\u00e4 historiak\u00e4sityksest\u00e4 ja sen toisintamisesta.<\/p>\n<p class=\"ai-optimize-14\">\u2013 Ukrainan it\u00e4osan alueiden valtaamisella yritet\u00e4\u00e4n matkia Ven\u00e4j\u00e4n historian kulkua 1600- ja 1700 luvulla. Ven\u00e4j\u00e4n johdolle kyse on v\u00e4liaikaisesta ratkaisusta, jolla luodaan strategiset ja taktiset edellytykset koko muun Ukrainan haltuun ottamiseksi tulevaisuudessa. Kuten on aiemminkin Ven\u00e4j\u00e4n historiassa tapahtunut.<\/p>\n<p class=\"ai-optimize-15\">Romanovien hallitsijahuoneen ensimm\u00e4isin\u00e4 vuosisatoina Ven\u00e4j\u00e4 levitt\u00e4ytyi Harkovan ja Donbasin pohjoisosan eli Sloboda-Ukrainan kautta muualle maahan. Lopulta 1700-luvun lopulla Katariina Suuri ja h\u00e4nen poikansa Paavali I valtasivat koko Etel\u00e4-Ukrainan ja julistivat \u201dUudeksi Ven\u00e4j\u00e4ksi\u201d eli Novorossijaksi.<\/p>\n<p><strong>\u201dL\u00e4nsimaissa on omaksuttu Ven\u00e4j\u00e4n retoriikkaa\u201d<\/strong><\/p>\n<p class=\"ai-optimize-17\">Saks kiinnitt\u00e4\u00e4 huomiota my\u00f6s siihen, kuinka \u201dVen\u00e4j\u00e4n johdon on onnistunut hiljalleen saada l\u00e4pi retoriikkaansa julkisuudessa\u201d. H\u00e4n katsoo, ett\u00e4 amerikkalaiset ja eurooppalaiset poliitikot ja lehdist\u00f6 \u201dovat pikkuhiljaa yh\u00e4 enemm\u00e4n omaksuneet tuota retoriikkaa\u201d.<\/p>\n<p class=\"ai-optimize-18\">\u2013 Ven\u00e4j\u00e4n uhkaukset jatkaa sotaansa Ukrainassa toimivat l\u00e4nsimaiden suhteen yh\u00e4 voimakkaammin painostuskeinona. T\u00e4llaisen painostuksen toimimiseksi Ven\u00e4j\u00e4n on tarpeen ensisijaisesti vakuuttaa mediajulkaisut ja p\u00e4\u00e4tt\u00e4j\u00e4t siit\u00e4, ett\u00e4 Ven\u00e4j\u00e4n armeija kykenee k\u00e4ym\u00e4\u00e4n menestyksek\u00e4st\u00e4 valloitussotaa ja valtaamaan j\u00e4rjestelm\u00e4llisesti uusia alueita nyt ja jatkossa.<\/p>\n<p class=\"ai-optimize-19\">T\u00e4st\u00e4 syyst\u00e4 Ven\u00e4j\u00e4 yritt\u00e4\u00e4 \u201dnyt mahdollisimman nopeasti reagoida tietoihin Ukrainan sotamenestyksest\u00e4\u201d, toteaa Saks.<\/p>\n<p class=\"ai-optimize-20\">\u2013 Aiemmin Ukrainan infokampanjat saatettiin j\u00e4tt\u00e4\u00e4 huomiotta. Ven\u00e4j\u00e4n puolustusministeri [<strong>Andrei<\/strong> <strong>Belousov<\/strong>] ei esiinny mediassa kovin usein, mutta eilen h\u00e4n oli tukemassa Ven\u00e4j\u00e4n presidentti\u00e4 viestitt\u00e4m\u00e4ll\u00e4, ett\u00e4 Kupjansk on edelleen Ven\u00e4j\u00e4n armeijan hallussa. Samoin ministerin mukaan Ven\u00e4j\u00e4n sotilaallisin hy\u00f6kk\u00e4yksin on h\u00e4vitetty 70 prosenttia l\u00e4mp\u00f6voimaloiden ja 30 prosenttia vesivoimaloiden tehosta.<\/p>\n<p><strong>Ven\u00e4j\u00e4 luo Euroopasta hy\u00f6kk\u00e4\u00e4j\u00e4\u00e4<\/strong><\/p>\n<p class=\"ai-optimize-22\">Ven\u00e4j\u00e4n puolustusministerin mukaan eurooppalaishallitukset valmistelevat joukkojensa l\u00e4hett\u00e4mist\u00e4 Ukrainaan vuonna 2026.<\/p>\n<p>Poimintoja videosis\u00e4ll\u00f6ist\u00e4mme<\/p>\n<p class=\"ai-optimize-23\">\u2013 Ministeri yritti omassa puheessaan j\u00e4tt\u00e4\u00e4 vaikutelman, ett\u00e4 Euroopassa valmistaudutaan aloittamaan sota Ven\u00e4j\u00e4\u00e4 vastaan seuraavina vuosina. T\u00e4m\u00e4 on viime viikkoina kehittynyt uusi Ven\u00e4j\u00e4n viestint\u00e4linja, jossa puhutaan Euroopan aikomuksesta sotia Ven\u00e4j\u00e4\u00e4 vastaan. T\u00e4ss\u00e4 hy\u00f6dynnet\u00e4\u00e4n l\u00e4nsipoliitikkojen vuosien aikana toistamia viestej\u00e4 siit\u00e4, ett\u00e4 Ven\u00e4j\u00e4 aikoo hy\u00f6k\u00e4t\u00e4 l\u00e4hivuosien aikana Eurooppaa tai Natoa vastaan, huomauttaa Saks.<\/p>\n<p class=\"ai-optimize-24\">Saks arvioi, ett\u00e4 \u201dn\u00e4in on luotu sopivan yleist\u00e4 hermostuneisuutta sodan suhteen\u201d ja t\u00e4t\u00e4 on mahdollista hy\u00f6dynt\u00e4\u00e4 Ven\u00e4j\u00e4n \u201domilla narratiiveilla sotapelon lietsomiseksi\u201d.<\/p>\n<p class=\"ai-optimize-25\">\u2013 Samanaikaisesti Ven\u00e4j\u00e4n presidentti toisti uudelleen, ett\u00e4 Ven\u00e4j\u00e4ll\u00e4 ei ole aikomusta hy\u00f6k\u00e4t\u00e4 Eurooppaan, mik\u00e4 taas tuottaa runsaasti vastareaktioita eurooppalaispoliitikoilta. \u00a0Kaikki toistuu ja aloite mediasodassa lipe\u00e4\u00e4 hiljalleen Ven\u00e4j\u00e4n k\u00e4teen.<\/p>\n<p class=\"ai-optimize-26\">Saks mainitsee \u201dt\u00e4llaiseen kontekstiin ihanteellisesti sopivana\u201d Saksan kristillisdemokraattien liittop\u00e4iv\u00e4edustaja <strong>Roderich<\/strong> <strong>Kiesewetterin<\/strong> <a href=\"https:\/\/en.belsat.eu\/90600713\/german-mp-says-russia-deployed-360000-troops-in-belarus-lithuanian-intelligence-denies-it\" rel=\"nofollow noopener\" target=\"_blank\">puheita<\/a> Saksan televisiossa, jossa t\u00e4m\u00e4 16. joulukuuta \u201dv\u00e4itti varmuudella Ven\u00e4j\u00e4n koonneen 300\u2013400 tuhatta sotilasta Valko-Ven\u00e4j\u00e4lle sotatoimien pikaista aloittamista varten\u201d.<\/p>\n<p class=\"ai-optimize-28\">\u2013 Kyse on sodan aikana jo monta kertaa k\u00e4ytetyn Valko-Ven\u00e4j\u00e4n kortin uudesta aktivoinnista. Valko-Ven\u00e4j\u00e4ll\u00e4 on muutama tuhat ven\u00e4l\u00e4issotilasta ja kaikki reservit on suunnattu jatkuvasti sotaan Ukrainaa vastaan, huomauttaa Saks.<\/p>\n<p>\u00a0<\/p>\n","protected":false},"excerpt":{"rendered":"Viron ulkomaantiedustelun entinen johtaja, nykyinen turvallisuusanalyytikko Rainer Saks analysoi Eesti P\u00e4evalehdess\u00e4 Ven\u00e4j\u00e4n propagandaa ja strategista viestint\u00e4\u00e4. Ensinn\u00e4kin h\u00e4n&hellip;\n","protected":false},"author":2,"featured_media":119767,"comment_status":"","ping_status":"","sticky":false,"template":"","format":"standard","meta":{"footnotes":""},"categories":[14],"tags":[22,23,26,27,33,31,30,17,24,25,28,29,15,18,21,32,19,20,56,16,987,59,60,61],"class_list":{"0":"post-119766","1":"post","2":"type-post","3":"status-publish","4":"format-standard","5":"has-post-thumbnail","7":"category-ulkomaat","8":"tag-breaking-news","9":"tag-breakingnews","10":"tag-featured-news","11":"tag-featurednews","12":"tag-fi","13":"tag-finland","14":"tag-finnish","15":"tag-headlines","16":"tag-latest-news","17":"tag-latestnews","18":"tag-main-news","19":"tag-mainnews","20":"tag-news","21":"tag-otsikot","22":"tag-paauutiset","23":"tag-suomi","24":"tag-top-stories","25":"tag-topstories","26":"tag-ulkomaat","27":"tag-uutiset","28":"tag-venajan-hyokkays","29":"tag-world","30":"tag-world-news","31":"tag-worldnews"},"share_on_mastodon":{"url":"https:\/\/pubeurope.com\/@fi\/115741026261274455","error":""},"_links":{"self":[{"href":"https:\/\/www.europesays.com\/fi\/wp-json\/wp\/v2\/posts\/119766","targetHints":{"allow":["GET"]}}],"collection":[{"href":"https:\/\/www.europesays.com\/fi\/wp-json\/wp\/v2\/posts"}],"about":[{"href":"https:\/\/www.europesays.com\/fi\/wp-json\/wp\/v2\/types\/post"}],"author":[{"embeddable":true,"href":"https:\/\/www.europesays.com\/fi\/wp-json\/wp\/v2\/users\/2"}],"replies":[{"embeddable":true,"href":"https:\/\/www.europesays.com\/fi\/wp-json\/wp\/v2\/comments?post=119766"}],"version-history":[{"count":0,"href":"https:\/\/www.europesays.com\/fi\/wp-json\/wp\/v2\/posts\/119766\/revisions"}],"wp:featuredmedia":[{"embeddable":true,"href":"https:\/\/www.europesays.com\/fi\/wp-json\/wp\/v2\/media\/119767"}],"wp:attachment":[{"href":"https:\/\/www.europesays.com\/fi\/wp-json\/wp\/v2\/media?parent=119766"}],"wp:term":[{"taxonomy":"category","embeddable":true,"href":"https:\/\/www.europesays.com\/fi\/wp-json\/wp\/v2\/categories?post=119766"},{"taxonomy":"post_tag","embeddable":true,"href":"https:\/\/www.europesays.com\/fi\/wp-json\/wp\/v2\/tags?post=119766"}],"curies":[{"name":"wp","href":"https:\/\/api.w.org\/{rel}","templated":true}]}}