{"id":119782,"date":"2025-12-18T14:49:10","date_gmt":"2025-12-18T14:49:10","guid":{"rendered":"https:\/\/www.europesays.com\/fi\/119782\/"},"modified":"2025-12-18T14:49:10","modified_gmt":"2025-12-18T14:49:10","slug":"uusi-kaanne-olof-palmen-murhatutkinnassa","status":"publish","type":"post","link":"https:\/\/www.europesays.com\/fi\/119782\/","title":{"rendered":"Uusi k\u00e4\u00e4nne Olof Palmen murhatutkinnassa"},"content":{"rendered":"<p>Olof Palme murhattiin vuonna 1986.<\/p>\n<p class=\"article-body mb-nof-24 px-nof-16\"><a class=\"article-personlink article-leadin\" href=\"https:\/\/www.is.fi\/haku\/?query=Olof%20Palmen\" rel=\"nofollow noopener\" target=\"_blank\">Olof Palmen<\/a> murhan tutkinnassa tapahtui yll\u00e4tt\u00e4v\u00e4 k\u00e4\u00e4nne 39 vuotta murhan j\u00e4lkeen.<\/p>\n<p class=\"article-body mb-nof-24 px-nof-16\">Perusteet tutkinnan lopettamiselle ovat nyt muuttuneet. Tapauksen p\u00e4\u00e4syytt\u00e4j\u00e4 <a class=\"article-personlink\" href=\"https:\/\/www.is.fi\/haku\/?query=Lennart%20Gun%C3%A9\" rel=\"nofollow noopener\" target=\"_blank\">Lennart Gun\u00e9<\/a> kertoo, ettei p\u00e4\u00e4ep\u00e4ilty <a class=\"article-personlink\" href=\"https:\/\/www.is.fi\/haku\/?query=Stig%20Engdstr%C3%B6min\" rel=\"nofollow noopener\" target=\"_blank\">Stig Engdstr\u00f6min<\/a> syytt\u00e4miselle ole perusteita. Engdstr\u00f6m ei siis ole en\u00e4\u00e4 ep\u00e4iltyn\u00e4 Palmen murhasta.<\/p>\n<p class=\"article-body mb-nof-24 px-nof-16\">Gun\u00e9 kertoi asiasta Ruotsin syytt\u00e4j\u00e4nviraston torstaina pit\u00e4m\u00e4ss\u00e4 tiedotus\u00adtilaisuudessa. Asiasta uutisoi muun muassa Ruotsin yleisradioyhti\u00f6 <a class=\"article-genericlink\" href=\"https:\/\/www.svt.se\/nyheter\/inrikes\/motivering-till-nedlaggningsbeslut-om-palme-utredning-andras\" rel=\"nofollow noopener\" target=\"_blank\">SVT<\/a>.<\/p>\n<p class=\"article-body mb-nof-24 px-nof-16\">Ruotsin p\u00e4\u00e4ministeri Olof Palme murhattiin helmikuussa vuonna 1986. Murhaajaa tai murhan motiivia ei ole saatu selville.<\/p>\n<p class=\"article-body mb-nof-24 px-nof-16\">Murhasta ep\u00e4iltiin Skandia-miehen\u00e4 tunnettua Engstr\u00f6mi\u00e4, joka oli murhan p\u00e4\u00e4silminn\u00e4kij\u00e4 ja n\u00e4ytt\u00e4ytyi rikospaikan sankarina. H\u00e4nen kertomuksensa her\u00e4tti kuitenkin alusta saakka kysymyksi\u00e4. Engstr\u00f6m teki itsemurhan 2000-luvun alussa.<\/p>\n<p class=\"article-body mb-nof-24 px-nof-16\">Tapauksen tutkinta lopetettiin vuonna 2020. Perusteena oli p\u00e4\u00e4ep\u00e4ilty Engstr\u00f6min kuolema. Nyt peruste tutkinnan lopettamiselle kuitenkin muuttui, kun Gun\u00e9 totesi, ettei Engdstr\u00f6min syytt\u00e4miseksi ole tarpeeksi todisteita.<\/p>\n<p class=\"article-body mb-nof-24 px-nof-16\">\u2013 Olen tarkastellut niit\u00e4 seikkoja, joiden joiden katsottiin olevan raskauttavia henkil\u00f6\u00e4 kohtaan, joka nimettiin ep\u00e4illyksi vuonna 2020. Olen my\u00f6s perehtynyt seikkoihin, jotka puhuvat sen puolesta, ettei h\u00e4n ole tekij\u00e4. Kokonaisuutena arvioiden katson, ett\u00e4 n\u00e4ytt\u00f6 ei ole riitt\u00e4v\u00e4 h\u00e4nen nime\u00e4misekseen ep\u00e4illyksi, Gun\u00e9 sanoo SVT:n mukaan.<\/p>\n<p class=\"article-body mb-nof-24 px-nof-16\">Ruotsalainen toimittaja oli pyyt\u00e4nyt tutkinnan uudelleen\u00adavaamista syyskuussa 2025. Tapauksen p\u00e4\u00e4syytt\u00e4j\u00e4 kuitenkin kielt\u00e4ytyi pyynn\u00f6st\u00e4.<\/p>\n<p class=\"article-body mb-nof-24 px-nof-16\">Tutkinnan avaamista pyyt\u00e4nyt toimittaja olisi halunnut selvitt\u00e4\u00e4, voisiko Palmen murhay\u00f6n\u00e4 k\u00e4ytt\u00e4m\u00e4st\u00e4 takista l\u00f6yty\u00e4 uusia todisteita k\u00e4ytt\u00e4m\u00e4ll\u00e4 modernia dna-tekniikkaa.<\/p>\n<p class=\"article-body mb-nof-24 px-nof-16\"><a class=\"article-genericlink\" href=\"https:\/\/www.sverigesradio.se\/artikel\/palmes-rock-kan-ha-forstorts-som-bevismaterial\" rel=\"nofollow noopener\" target=\"_blank\">Ruotsin radion<\/a> mukaan Palmen takki on kuitenkin kadonnut ja se on saatettu tuhota todistusaineiston mukana.<\/p>\n<p class=\"article-body mb-nof-24 px-nof-16\">P\u00e4\u00e4syytt\u00e4j\u00e4 Gun\u00e9n mukaan takista olisi tuskin l\u00f6ytynyt dna-todisteita, sill\u00e4 takkia on vuosien varrella k\u00e4sitellyt niin moni henkil\u00f6. H\u00e4n kertoo konsultoineensa asiassa Ruotsin poliisin rikosteknist\u00e4 laboratoriota (NFC).<\/p>\n","protected":false},"excerpt":{"rendered":"Olof Palme murhattiin vuonna 1986. Olof Palmen murhan tutkinnassa tapahtui yll\u00e4tt\u00e4v\u00e4 k\u00e4\u00e4nne 39 vuotta murhan j\u00e4lkeen. Perusteet tutkinnan&hellip;\n","protected":false},"author":2,"featured_media":119783,"comment_status":"","ping_status":"","sticky":false,"template":"","format":"standard","meta":{"footnotes":""},"categories":[14],"tags":[22,23,26,27,33,31,30,17,34,24,25,28,29,15,18,21,32,19,20,56,16,59,60,61],"class_list":{"0":"post-119782","1":"post","2":"type-post","3":"status-publish","4":"format-standard","5":"has-post-thumbnail","7":"category-ulkomaat","8":"tag-breaking-news","9":"tag-breakingnews","10":"tag-featured-news","11":"tag-featurednews","12":"tag-fi","13":"tag-finland","14":"tag-finnish","15":"tag-headlines","16":"tag-ilta-sanomat","17":"tag-latest-news","18":"tag-latestnews","19":"tag-main-news","20":"tag-mainnews","21":"tag-news","22":"tag-otsikot","23":"tag-paauutiset","24":"tag-suomi","25":"tag-top-stories","26":"tag-topstories","27":"tag-ulkomaat","28":"tag-uutiset","29":"tag-world","30":"tag-world-news","31":"tag-worldnews"},"share_on_mastodon":{"url":"https:\/\/pubeurope.com\/@fi\/115741128476894592","error":""},"_links":{"self":[{"href":"https:\/\/www.europesays.com\/fi\/wp-json\/wp\/v2\/posts\/119782","targetHints":{"allow":["GET"]}}],"collection":[{"href":"https:\/\/www.europesays.com\/fi\/wp-json\/wp\/v2\/posts"}],"about":[{"href":"https:\/\/www.europesays.com\/fi\/wp-json\/wp\/v2\/types\/post"}],"author":[{"embeddable":true,"href":"https:\/\/www.europesays.com\/fi\/wp-json\/wp\/v2\/users\/2"}],"replies":[{"embeddable":true,"href":"https:\/\/www.europesays.com\/fi\/wp-json\/wp\/v2\/comments?post=119782"}],"version-history":[{"count":0,"href":"https:\/\/www.europesays.com\/fi\/wp-json\/wp\/v2\/posts\/119782\/revisions"}],"wp:featuredmedia":[{"embeddable":true,"href":"https:\/\/www.europesays.com\/fi\/wp-json\/wp\/v2\/media\/119783"}],"wp:attachment":[{"href":"https:\/\/www.europesays.com\/fi\/wp-json\/wp\/v2\/media?parent=119782"}],"wp:term":[{"taxonomy":"category","embeddable":true,"href":"https:\/\/www.europesays.com\/fi\/wp-json\/wp\/v2\/categories?post=119782"},{"taxonomy":"post_tag","embeddable":true,"href":"https:\/\/www.europesays.com\/fi\/wp-json\/wp\/v2\/tags?post=119782"}],"curies":[{"name":"wp","href":"https:\/\/api.w.org\/{rel}","templated":true}]}}