{"id":119788,"date":"2025-12-18T15:03:13","date_gmt":"2025-12-18T15:03:13","guid":{"rendered":"https:\/\/www.europesays.com\/fi\/119788\/"},"modified":"2025-12-18T15:03:13","modified_gmt":"2025-12-18T15:03:13","slug":"ari-lahti-paljastaa-hyytavan-summan-jonka-hanen-on-kaatanut-suureen-rakkauteensa","status":"publish","type":"post","link":"https:\/\/www.europesays.com\/fi\/119788\/","title":{"rendered":"Ari Lahti paljastaa hyyt\u00e4v\u00e4n summan, jonka h\u00e4nen on kaatanut suureen rakkauteensa"},"content":{"rendered":"<p>Valioliigaseuran kohtaaminen on tunteikas hetki Ari Lahdelle.<\/p>\n<p class=\"article-body mb-nof-24 px-nof-16\">Lontoo<\/p>\n<p class=\"article-body mb-nof-24 px-nof-16\">Hymyileminen on turhankin helppoa juuri nyt <a class=\"article-personlink\" href=\"https:\/\/www.is.fi\/haku\/?query=Ari%20Lahdelle\" rel=\"nofollow noopener\" target=\"_blank\">Ari Lahdelle<\/a>.<\/p>\n<p class=\"article-body mb-nof-24 px-nof-16\">Liikemies ja Kuopion Palloseuran p\u00e4\u00e4omistaja istuu hulppean The Shard -pilvenpiirt\u00e4j\u00e4n aulassa, ja h\u00e4nen takanaan aukeaa upea n\u00e4kym\u00e4 Lontoosta.<\/p>\n<p class=\"article-body mb-nof-24 px-nof-16\">Kuten Lahti, my\u00f6s KuPS on korkealla juuri nyt. Torstaina vastaan asettuu Valioliigan Crystal Palace. Lahti on sit\u00e4 suomalaista sukupolvea, jolle Valioliigalla on erityisen suuri merkitys innoittajana jalkapalloon. T\u00e4ll\u00e4 ottelulla on erityinen merkitys h\u00e4nelle ja koko seurayhteis\u00f6lle.<\/p>\n<p class=\"article-body mb-nof-24 px-nof-16\">Paikalle odotetaan jopa yli 800 KuPSin kannattajaa.<\/p>\n<p class=\"article-body mb-nof-24 px-nof-16\">KuPS on kulkenut pitk\u00e4n matkan Lahden johdolla. H\u00e4n on ollut seuran rahoittaja valtaosan 2000-luvusta ja pelasti seuran konkurssilta 2000-luvulla.<\/p>\n<p class=\"article-body mb-nof-24 px-nof-16\">Lahden avok\u00e4tinen tuki siivitti KuPSin ensin alemmista sarjoista takaisin Veikkausliigaan ja sittemmin osaksi liigan jokavuotista mestaruustaistelua. Siit\u00e4 on vuosikymmen, kun KuPS on viimeksi j\u00e4\u00e4nyt vaille mitalia.<\/p>\n<p class=\"article-body mb-nof-24 px-nof-16\">Mestaruuksia on tullut kolme kuuteen vuoteen, kaksi per\u00e4kk\u00e4in.<\/p>\n<p class=\"article-body mb-nof-24 px-nof-16\">\u2013\u2009Kyll\u00e4 t\u00e4m\u00e4 on se nuoren kannattajan ja jalkapalloromantikon unelmien t\u00e4yttymys, Lahti summaa l\u00e4hes liikuttuneena.<\/p>\n<p class=\"article-body mb-nof-24 px-nof-16\">KuPSin edelliset huippuvuodet ajoittuivat 1970-luvulle. Nyt kannattajat saavat uusia, unohtumattomia muistoja.<\/p>\n<p class=\"article-body mb-nof-24 px-nof-16\">\u2013\u2009Olikohan joskus 2015 maissa kun istuin Kuopion torilla kahvilla ja kuuntelin, kun \u00e4ij\u00e4t puhuivat viel\u00e4kin 70-luvun kultakausista. Niit\u00e4 aikoja pit\u00e4\u00e4 muistella ja vaalia, mutta nyt ei tarvitse en\u00e4\u00e4 nostalgisoida 70-luvun aikoja.<\/p>\n<p class=\"article-body mb-nof-24 px-nof-16\">KuPSin omistajana toimiminen avasi Lahdelle my\u00f6s kansainv\u00e4liset portit. H\u00e4n nousi my\u00f6hemmin Palloliiton puheenjohtajaksi ja kuuluu Euroopan jalkapalloliiton Uefan hallitukseen.<\/p>\n<p><img decoding=\"async\" src=\"https:\/\/www.europesays.com\/fi\/wp-content\/uploads\/2025\/12\/1766070192_821_468.jpg\" alt=\"Jalkapalloon ja KuPSin mukaan l\u00e4hteminen avasi Ari Lahdelle portit my\u00f6s kansainv\u00e4lisen jalkapallon vaikuttajaksi.\" class=\"_Img_1rerz_1\" style=\"aspect-ratio:1.5\" loading=\"eager\"\/><\/p>\n<p class=\"article-picture-caption\">Jalkapalloon ja KuPSin mukaan l\u00e4hteminen avasi Ari Lahdelle portit my\u00f6s kansainv\u00e4lisen jalkapallon vaikuttajaksi. Kuva:\u00a0Pete Aarre-Ahtio \/ IS<\/p>\n<p class=\"article-body mb-nof-24 px-nof-16\">Palacen kohtaaminen Selhurst Parkilla on jo 14:s euro-ottelu KuPSille t\u00e4ll\u00e4 kaudella. Pitk\u00e4 polku tuo seuran kassaan l\u00e4hes viisi miljoonaa euroa palkintorahoja, ja lis\u00e4\u00e4, jos KuPS viel\u00e4 raivaa tiens\u00e4 jatkokierroksille.<\/p>\n<p class=\"article-body mb-nof-24 px-nof-16\">Toistaiseksi palkintorahoja on tullut 4,7 miljoonaa euroa, ja p\u00e4\u00e4lle tulevat viel\u00e4 ainakin sijoitusbonus ja tv-rahoja.<\/p>\n<p class=\"article-body mb-nof-24 px-nof-16\">Se on valtava taloudellinen ruiske seuralle, joka on el\u00e4nyt t\u00e4ysin Lahden avok\u00e4tisyyden varassa pian 20 vuotta. Eik\u00e4 omistaja peittele, millaisista summista puhutaan.<\/p>\n<p class=\"article-body mb-nof-24 px-nof-16\">\u2013 Olen k\u00e4ytt\u00e4nyt t\u00e4h\u00e4n pitk\u00e4lti 20 miljoonaa euroa, Lahti sanoo ja py\u00f6rittelee p\u00e4\u00e4t\u00e4\u00e4n.<\/p>\n<p class=\"article-body mb-nof-24 px-nof-16\">Oman toimintansa tuloilla KuPS pelaisi Lahden arvion mukaan Ykk\u00f6sliigassa tai Ykk\u00f6sess\u00e4. Rahoilla on ollut valtava merkitys.<\/p>\n<p class=\"article-body mb-nof-24 px-nof-16\">Nyt tilille tulevat Uefan miljoonat tarkoittavat sit\u00e4, ett\u00e4 kuluva kausi on ensimm\u00e4inen, jolloin Lahden ei tarvitse laittaa omia rahojaan seuraan.<\/p>\n<p class=\"article-body mb-nof-24 px-nof-16\">\u2013\u2009Pelej\u00e4 on paljon kivempi katsoa, kun tiet\u00e4\u00e4, ettei tarvitse syyt\u00e4\u00e4 sinne hirve\u00e4\u00e4 m\u00e4\u00e4r\u00e4\u00e4 rahaa. Pahimmillaan olen kuitenkin laittanut sinne yli kaksi miljoonaa kaudessa.<\/p>\n<p class=\"article-body mb-nof-24 px-nof-16\">KuPSin tie huipulle on ollut kallis ja Lahden avaama piikki, kuten summista voi p\u00e4\u00e4tell\u00e4, liki pohjaton. H\u00e4n asetti parikymment\u00e4 vuotta sitten omien sanojensa mukaan \u201dhieman lapsellisesti\u201d tavoitteeksi, ett\u00e4 KuPS taistelee lopulta tasaisesti mitaleista ja pelaa vuosittain Euroopassa.<\/p>\n<p class=\"article-body mb-nof-24 px-nof-16\">Tavoite on toteutunut, ja sen n\u00e4kee Lahden kasvoilta. Seuran toiminta vakautuu huomattavasti, kun se ei hetkeen tarvitse ulkopuolista lis\u00e4sijoitusta. Seura pelaa liigavaiheessa todenn\u00e4k\u00f6isesti my\u00f6s ensi vuonna kiitos tuoreen Suomen mestaruuden tarjoaman pehme\u00e4n europolun. Se tiet\u00e4\u00e4 uutta miljoonien pottia.<\/p>\n<p><img decoding=\"async\" src=\"https:\/\/www.europesays.com\/fi\/wp-content\/uploads\/2025\/11\/1762910709_16_468.jpg\" alt=\"Mestarit Ari Lahti ja Jarkko Wiss. Wiss jatkaa ensi kaudella Sein\u00e4joella.\" class=\"_Img_1rerz_1\" style=\"aspect-ratio:1.6340425531914893\" loading=\"eager\"\/><\/p>\n<p class=\"article-picture-caption\">Mestarit Ari Lahti ja Jarkko Wiss. Wiss jatkaa ensi kaudella Sein\u00e4joella. Kuva:\u00a0Jussi Eskola<\/p>\n<p class=\"article-body mb-nof-24 px-nof-16\">Lahti my\u00f6s my\u00f6nt\u00e4\u00e4 seuran sis\u00e4lt\u00e4 ja ulkopuolelta kummunneen kritiikin, ettei KuPS ole sijoittanut riitt\u00e4v\u00e4sti pelimerkkej\u00e4 seuraorganisaation kehitt\u00e4miseen. K\u00e4yt\u00e4nn\u00f6ss\u00e4 seura on noussut huipulle satsaamalla onnistuneisiin pelaajahankintoihin ja valmentajiin.<\/p>\n<p class=\"article-body mb-nof-24 px-nof-16\">Samalla muu seuraorganisaatio on j\u00e4\u00e4nyt v\u00e4hemm\u00e4lle huomiolle. L\u00e4hteet KuPSin sis\u00e4ll\u00e4 ovat kertoneet kapeista resursseista ja vaikeasta toimintaymp\u00e4rist\u00f6st\u00e4. V\u00e4itteiden mukaan KuPS n\u00e4ytt\u00e4ytyy ulosp\u00e4in huippuseurana vain pelillisten ansioidensa vuoksi.<\/p>\n<p class=\"article-body mb-nof-24 px-nof-16\">Lahti my\u00f6nt\u00e4\u00e4 ongelman ja sanoo, ett\u00e4 nyt seura aikoo investoida organisaatioon, kun siihen on enemm\u00e4n pelimerkkej\u00e4.<\/p>\n<p class=\"article-body mb-nof-24 px-nof-16\">\u2013\u2009Kritiikki pit\u00e4\u00e4 paikkansa, ja se on ollut pakon sanelema juttu. Nyt tilanne muuttuu jossain m\u00e4\u00e4rin. Toimitusjohtaja <a class=\"article-personlink\" href=\"https:\/\/www.is.fi\/haku\/?query=Tomi%20Erola\" rel=\"nofollow noopener\" target=\"_blank\">Tomi Erola<\/a> on tehnyt todella pitk\u00e4\u00e4 p\u00e4iv\u00e4\u00e4 tiimins\u00e4 kanssa. Kaikki toimistolla tekev\u00e4t todella kovasti t\u00f6it\u00e4, mutta tiedostan, ett\u00e4 olemme toimineet ohuilla resursseilla. He ovat p\u00e4rj\u00e4nneet hienosti, mutta pian pys\u00e4hdymme miettim\u00e4\u00e4n, miten voimme vahvistaa sit\u00e4 puolta.<\/p>\n<p><img decoding=\"async\" src=\"https:\/\/www.europesays.com\/fi\/wp-content\/uploads\/2025\/12\/1766070193_818_468.jpg\" alt=\"Viime vuodet ovat olleet KuPSin juhlaa.\" class=\"_Img_1rerz_1\" style=\"aspect-ratio:1.5323224261771748\" loading=\"eager\"\/><\/p>\n<p class=\"article-picture-caption\">Viime vuodet ovat olleet KuPSin juhlaa. Kuva:\u00a0Jussi Eskola<\/p>\n<p class=\"article-body mb-nof-24 px-nof-16\">T\u00e4ysin vakaa tilanne ei viel\u00e4 ole seuran sis\u00e4ll\u00e4. P\u00e4\u00e4valmentaja <a class=\"article-personlink\" href=\"https:\/\/www.is.fi\/haku\/?query=Jarkko%20Wiss\" rel=\"nofollow noopener\" target=\"_blank\">Jarkko Wiss<\/a> valmentaa torstaina viimeist\u00e4 kertaa KuPSia. H\u00e4n siirtyy ensi kaudeksi Sein\u00e4joen Jalkapallokerhon p\u00e4\u00e4valmentajaksi.<\/p>\n<p class=\"article-body mb-nof-24 px-nof-16\">N\u00e4in siit\u00e4kin huolimatta, ett\u00e4 KuPS voitti Suomen mestaruuden ja taistelee viel\u00e4 paikasta Konferenssiliigan jatkopeleiss\u00e4.<\/p>\n<p class=\"article-body mb-nof-24 px-nof-16\">\u2013\u2009Jarkko Wissin aika on ollut pelillisesti aivan loistavaa. H\u00e4n saavutti tavoitteet aivan t\u00e4ysin ja ylitti ne. Lopputulos oli eritt\u00e4in hyv\u00e4, Lahti summaa.<\/p>\n<p class=\"article-body mb-nof-24 px-nof-16\">Toimituksen tietojen mukaan tilanne Wissin ja muun seuran taustatiimin v\u00e4lill\u00e4 oli hyvin tulehtunut.<\/p>\n<p class=\"article-body mb-nof-24 px-nof-16\">Lahti ei my\u00f6nn\u00e4 v\u00e4itett\u00e4 todeksi, mutta taustoittaa, ett\u00e4 urheilulliset syyt eiv\u00e4t olleet syy sille, miksi Wiss ei jatka KuPSissa.<\/p>\n<p class=\"article-body mb-nof-24 px-nof-16\">\u2013\u2009Minulle on t\u00e4rke\u00e4\u00e4, ett\u00e4 se ty\u00f6, mink\u00e4 joukkueena ja kokonaisuutena teemme, jatkuu. Tarkoitan valmennustiimi\u00e4 ja pelaajia. Tarkoitan siis sit\u00e4, ett\u00e4 olimme yhdeks\u00e4tt\u00e4 kertaa putkeen mitaleilla liigassa. Siell\u00e4 on joitain juttuja, jotka eiv\u00e4t liity pelilliseen puolen, vaan ennemmin henkil\u00f6kemiapuoleen, Lahti valotta.<\/p>\n<p class=\"article-body mb-nof-24 px-nof-16\">\u2013\u2009P\u00e4\u00e4t\u00f6s oli minun eik\u00e4 kenenk\u00e4\u00e4n muun. Min\u00e4 p\u00e4\u00e4t\u00e4n kahdesta asiasta: toimitusjohtajasta ja p\u00e4\u00e4valmentajasta. Valitsin t\u00e4ll\u00e4 kertaa niin, ett\u00e4 kokonaisuuden kannalta <a class=\"article-personlink\" href=\"https:\/\/www.is.fi\/haku\/?query=Sixten%20Bostr%C3%B6m\" rel=\"nofollow noopener\" target=\"_blank\">Sixten Bostr\u00f6m<\/a> toimii ankkurina sille menestykselle, mit\u00e4 olemme luoneet, ja mik\u00e4 toivon mukaan jatkuu.<\/p>\n<p class=\"article-body mb-nof-24 px-nof-16\">Johtuuko Wissin korvaaminen siit\u00e4, ett\u00e4 valmennusjohto ei ollut harmonien t\u00e4ll\u00e4 kaudella?<\/p>\n<p class=\"article-body mb-nof-24 px-nof-16\">\u2013\u2009En ole ollut siin\u00e4 l\u00e4sn\u00e4, mutta sen perusteella, mit\u00e4 olen kuullut, niin olisi todenn\u00e4k\u00f6isesti tapahtunut asioita, jotka olisivat rikkoneet t\u00e4m\u00e4n mainitsemani ty\u00f6n ja perinteen. Totta kai t\u00e4h\u00e4n p\u00e4\u00e4t\u00f6kseen liittyy valtavia riskej\u00e4, mutta joissain tilanteissa pit\u00e4\u00e4 uskaltaa tehd\u00e4 nopeita ratkaisuja.<\/p>\n<p class=\"article-body mb-nof-24 px-nof-16\">\u2013\u2009Olen todella onnellinen, ett\u00e4 Wiss l\u00f6ysi hyv\u00e4n paikan SJK:sta. Siell\u00e4 on mahdollista tehd\u00e4 niit\u00e4 asioita, joissa h\u00e4n on todella hyv\u00e4. Ja se on suomalaisen jalkapallonkin kannalta hyv\u00e4 asia.<\/p>\n","protected":false},"excerpt":{"rendered":"Valioliigaseuran kohtaaminen on tunteikas hetki Ari Lahdelle. Lontoo Hymyileminen on turhankin helppoa juuri nyt Ari Lahdelle. Liikemies ja&hellip;\n","protected":false},"author":2,"featured_media":119789,"comment_status":"","ping_status":"","sticky":false,"template":"","format":"standard","meta":{"footnotes":""},"categories":[136],"tags":[407,137,33,31,30,34,408,32,109],"class_list":{"0":"post-119788","1":"post","2":"type-post","3":"status-publish","4":"format-standard","5":"has-post-thumbnail","7":"category-julkkikset","8":"tag-celebrities","9":"tag-entertainment","10":"tag-fi","11":"tag-finland","12":"tag-finnish","13":"tag-ilta-sanomat","14":"tag-julkkikset","15":"tag-suomi","16":"tag-viihde"},"share_on_mastodon":{"url":"https:\/\/pubeurope.com\/@fi\/115741183662315756","error":""},"_links":{"self":[{"href":"https:\/\/www.europesays.com\/fi\/wp-json\/wp\/v2\/posts\/119788","targetHints":{"allow":["GET"]}}],"collection":[{"href":"https:\/\/www.europesays.com\/fi\/wp-json\/wp\/v2\/posts"}],"about":[{"href":"https:\/\/www.europesays.com\/fi\/wp-json\/wp\/v2\/types\/post"}],"author":[{"embeddable":true,"href":"https:\/\/www.europesays.com\/fi\/wp-json\/wp\/v2\/users\/2"}],"replies":[{"embeddable":true,"href":"https:\/\/www.europesays.com\/fi\/wp-json\/wp\/v2\/comments?post=119788"}],"version-history":[{"count":0,"href":"https:\/\/www.europesays.com\/fi\/wp-json\/wp\/v2\/posts\/119788\/revisions"}],"wp:featuredmedia":[{"embeddable":true,"href":"https:\/\/www.europesays.com\/fi\/wp-json\/wp\/v2\/media\/119789"}],"wp:attachment":[{"href":"https:\/\/www.europesays.com\/fi\/wp-json\/wp\/v2\/media?parent=119788"}],"wp:term":[{"taxonomy":"category","embeddable":true,"href":"https:\/\/www.europesays.com\/fi\/wp-json\/wp\/v2\/categories?post=119788"},{"taxonomy":"post_tag","embeddable":true,"href":"https:\/\/www.europesays.com\/fi\/wp-json\/wp\/v2\/tags?post=119788"}],"curies":[{"name":"wp","href":"https:\/\/api.w.org\/{rel}","templated":true}]}}