{"id":119794,"date":"2025-12-18T15:11:09","date_gmt":"2025-12-18T15:11:09","guid":{"rendered":"https:\/\/www.europesays.com\/fi\/119794\/"},"modified":"2025-12-18T15:11:09","modified_gmt":"2025-12-18T15:11:09","slug":"elokuva-arvio-uusi-avatar-meinaa-hukkua-nayttavyyteensa-paikalliset","status":"publish","type":"post","link":"https:\/\/www.europesays.com\/fi\/119794\/","title":{"rendered":"Elokuva-arvio | Uusi Avatar meinaa hukkua n\u00e4ytt\u00e4vyyteens\u00e4 | Paikalliset"},"content":{"rendered":"<p class=\"diks-storyline__topic\">Elokuva<\/p>\n<p class=\"diks-storyline__lead-paragraph\">Avatar: Fire and Ash. K-12. Bio Rex. Ohjaus: James Cameron. Esiintyj\u00e4t: Sam Worthington, Jack Champion, Zoe Salda\u00f1a, Sigourney Weaver. 3 t 19 min.<\/p>\n<p>Avatar-sarjan kolmas osa Fire and Ash vie katsojan taas Pandora-planeetalle. Siell\u00e4 avaruusolioista koostuva soturiheimo el\u00e4\u00e4 kalojen ja valaiden kanssa syv\u00e4ss\u00e4 harmoniassa.<\/p>\n<p>Heid\u00e4n johtohahmoihinsa lukeutuu entinen sotilas Jake (<strong>Sam Worthington<\/strong>), joka on ottanut nuoren ihmisen, surffipummia muistuttavan Spiderin (<strong>Jack Champion<\/strong>) osaksi perhett\u00e4\u00e4n.<\/p>\n<p>Jaken vaimo Neytiri (<strong>Zoe Salda\u00f1a<\/strong>) suhtautuu Spideriin varauksella. Neytiri uskoo, ett\u00e4 kaikki ihmiset kantavat sis\u00e4ll\u00e4\u00e4n ahneutta ja hulluutta.<\/p>\n<p>Spider voi hengitt\u00e4\u00e4 Pandoran ilmaa vain happinaamarin avulla. Maski pett\u00e4\u00e4 ja hengenl\u00e4ht\u00f6 on l\u00e4hell\u00e4. T\u00e4st\u00e4 Neytiri saa tekosyyn karkottaa h\u00e4net Pandoralta terveyssyihin vedoten.<\/p>\n<p>Jaken perhe l\u00e4htee saattamaan Spideria pois. T\u00e4ll\u00f6in tuhkan kansa, joka sotii tarinan hyvisten kanssa, k\u00e4y heid\u00e4n ilmalaivansa kimppuun. Perhe putoaa keskelle viidakkoa eksyen toisistaan.<\/p>\n<p>\t\t<a class=\"diks-gallery__link\" href=\"https:\/\/i.media.fi\/incoming\/pw7zew\/11206894.jpg\/alternates\/FREE_1440\/11206894.jpg\" data-thumbnail=\"\" data-sub-html=\"Sam Worthingtonin motion capture -tekniikalla toteutettu p\u00e4\u00e4henkil\u00f6 Jake Sully on k\u00e4\u00e4ntynyt omaa lajiaan vastaan. 20th Century Studios\" aria-label=\"Katso isompi kuva\" rel=\"nofollow noopener\" target=\"_blank\"><br \/>\n\t\t\t\t<img class=\"diks-figure__image\" src=\"https:\/\/www.europesays.com\/fi\/wp-content\/uploads\/2025\/12\/11206894.jpg\" loading=\"lazy\" decoding=\"sync\" alt=\"\"\/><\/p>\n<p>\t\t\t<\/a><br \/>\n\t\t\t\t\tSam Worthingtonin motion capture -tekniikalla toteutettu p\u00e4\u00e4henkil\u00f6 Jake Sully on k\u00e4\u00e4ntynyt omaa lajiaan vastaan. 20th Century Studios<\/p>\n<p><strong class=\"diks-storyline__impact\">Ryt\u00e4k\u00e4ss\u00e4<\/strong> Spider meinaa tukehtua. Melkein-sisko Kiri (<strong>Sigourney Weaver<\/strong>) kokeilee vaarallista poppakonstia, jolla h\u00e4n onnistuu antamaan Spiderille kyvyn hengitt\u00e4\u00e4 Pandoran ilmaa.<\/p>\n<p>Se on onnettomuus onnessa. Ihmiskunta yritt\u00e4\u00e4 kolonisoida Pandoraa, mutta maan asukeille myrkyllinen ilma hidastaa hanketta. Spiderin kyky olisi ihmisten k\u00e4siss\u00e4 vaarallinen ase.<\/p>\n<p>T\u00e4m\u00e4n tiet\u00e4\u00e4 my\u00f6s ihmisten johtaja kenraali Ardmore (Sopranos-t\u00e4hti<strong> Edie Falco<\/strong>), joka passittaa aiemmista osista tutun eversti Quaritchin (<strong>Stephen Lang<\/strong>) Spiderin per\u00e4\u00e4n.<\/p>\n<p>Quaritch saa apua luonnosta viis veisaavalta tuhkav\u00e4elt\u00e4, joiden johtajan Varangin kanssa h\u00e4n ly\u00f6 hynttyyt yhteen. Varangia esitt\u00e4\u00e4 <strong>Charlie Chaplinin<\/strong> lapsenlapsi <strong>Oona Chaplin<\/strong>.<\/p>\n<p>Kuviota mutkistaa, ett\u00e4 Quaritchilla on muistoja siit\u00e4, ett\u00e4 h\u00e4n on kasvattanut Spiderin, vaikka ei olekaan. Jos juoni kuulostaa monimutkaiselta, se johtuu siit\u00e4, ett\u00e4 se on.<\/p>\n<p>\t\t<a class=\"diks-gallery__link\" href=\"https:\/\/i.media.fi\/incoming\/2gb0do\/11206895.jpg\/alternates\/FREE_1440\/11206895.jpg\" data-thumbnail=\"\" data-sub-html=\"Avatar-elokuvat ovat tehneet historiaa taloudellisesti sek\u00e4 teknisesti \u00e4llistytt\u00e4vin\u00e4 suorituksina. 20th Century Studios\" aria-label=\"Katso isompi kuva\" rel=\"nofollow noopener\" target=\"_blank\"><br \/>\n\t\t\t\t<img class=\"diks-figure__image\" src=\"https:\/\/www.europesays.com\/fi\/wp-content\/uploads\/2025\/12\/11206895.jpg\" loading=\"lazy\" decoding=\"sync\" alt=\"\"\/><\/p>\n<p>\t\t\t<\/a><br \/>\n\t\t\t\t\tAvatar-elokuvat ovat tehneet historiaa taloudellisesti sek\u00e4 teknisesti \u00e4llistytt\u00e4vin\u00e4 suorituksina. 20th Century Studios<\/p>\n<p><strong class=\"diks-storyline__impact\">Ohjaaja<\/strong> <strong>James Cameron<\/strong> on k\u00e4yt\u00e4nn\u00f6ss\u00e4 \u00e4nkenyt nelj\u00e4n\u2013viiden fantasiaspektaakkelin juonet yhteen ja kuorruttanut kokonaisuuden hillitt\u00f6m\u00e4ll\u00e4 m\u00e4\u00e4r\u00e4ll\u00e4 erikoistehosteita.<\/p>\n<p>Tuhkav\u00e4ki n\u00e4ytt\u00e4\u00e4 Mad Max -hahmoilta. Heid\u00e4n johtajansa ja Quaritchin dynastinen liitto tuo mieleen Game of Thronesin. Merenel\u00e4viin liittyv\u00e4 juonikuvio on kopioitu <strong>J.R.R. Tolkienilta<\/strong>.<\/p>\n<p>Lainaaminen on taiteessa sallittua ja jopa toivottavaa, jos sen tekee taidokkaasti. Avatar tuntuu v\u00e4limallin viihdetuotteelta, josta esikuvien parhaat puolet ovat hioutuneet pois.<\/p>\n<p>Elokuvassa ei ole Mad Maxin adrenaliinia pursuavaa toimintaa, ei Sormusten herran rikasta maailmaa, ei T\u00e4htien sodan veijarimaisuutta eik\u00e4 Dyynin poliittista ter\u00e4vyytt\u00e4.<\/p>\n<p>My\u00f6s erikoistehosteet, joihin filmin vetovoima paljolti pohjaa, k\u00e4\u00e4ntyv\u00e4t itse\u00e4\u00e4n vastaan.<\/p>\n<p>Kun n\u00e4yttelij\u00e4t eiv\u00e4t n\u00e4e studiossa kuin erikoistehosteiden tekemiseen tarkoitetun sein\u00e4n, ja joutuvat kuvittelemaan sen tilalle kokonaisen maailman, tulee suorituksesta helposti ontto.<\/p>\n<p><strong class=\"diks-storyline__impact\">Huonoksi<\/strong> Fire and Ashia ei voi kutsua. Cameron on kuitenkin erinomainen elokuvantekij\u00e4, jolla riitt\u00e4isiv\u00e4t rahkeet sis\u00e4ll\u00f6lisesti kunnianhimoisempiin projekteihin.<\/p>\n<p>Avataria on tehty vuosikausia, ja sen budjetilla tuottaisi parisataa suomalaista draamaa. T\u00e4ss\u00e4 viitekehyksess\u00e4 k\u00e4denl\u00e4mmin kolmen t\u00e4hden raina tuntuu resurssien haaskaamiselta.<\/p>\n","protected":false},"excerpt":{"rendered":"Elokuva Avatar: Fire and Ash. K-12. Bio Rex. Ohjaus: James Cameron. Esiintyj\u00e4t: Sam Worthington, Jack Champion, Zoe Salda\u00f1a,&hellip;\n","protected":false},"author":2,"featured_media":119795,"comment_status":"","ping_status":"","sticky":false,"template":"","format":"standard","meta":{"footnotes":""},"categories":[130],"tags":[153,2234,155,137,33,31,30,108,622,154,32,485,140,156,109],"class_list":{"0":"post-119794","1":"post","2":"type-post","3":"status-publish","4":"format-standard","5":"has-post-thumbnail","7":"category-viihde","8":"tag-audiovisuaalinen-media","9":"tag-elokuvagenre","10":"tag-elokuvat","11":"tag-entertainment","12":"tag-fi","13":"tag-finland","14":"tag-finnish","15":"tag-kulttuuri","16":"tag-nayttelijat","17":"tag-nayttelijat-teatteri","18":"tag-suomi","19":"tag-taide-yleista","20":"tag-tv-ja-elokuvat","21":"tag-tv","22":"tag-viihde"},"share_on_mastodon":{"url":"https:\/\/pubeurope.com\/@fi\/115741215073258071","error":""},"_links":{"self":[{"href":"https:\/\/www.europesays.com\/fi\/wp-json\/wp\/v2\/posts\/119794","targetHints":{"allow":["GET"]}}],"collection":[{"href":"https:\/\/www.europesays.com\/fi\/wp-json\/wp\/v2\/posts"}],"about":[{"href":"https:\/\/www.europesays.com\/fi\/wp-json\/wp\/v2\/types\/post"}],"author":[{"embeddable":true,"href":"https:\/\/www.europesays.com\/fi\/wp-json\/wp\/v2\/users\/2"}],"replies":[{"embeddable":true,"href":"https:\/\/www.europesays.com\/fi\/wp-json\/wp\/v2\/comments?post=119794"}],"version-history":[{"count":0,"href":"https:\/\/www.europesays.com\/fi\/wp-json\/wp\/v2\/posts\/119794\/revisions"}],"wp:featuredmedia":[{"embeddable":true,"href":"https:\/\/www.europesays.com\/fi\/wp-json\/wp\/v2\/media\/119795"}],"wp:attachment":[{"href":"https:\/\/www.europesays.com\/fi\/wp-json\/wp\/v2\/media?parent=119794"}],"wp:term":[{"taxonomy":"category","embeddable":true,"href":"https:\/\/www.europesays.com\/fi\/wp-json\/wp\/v2\/categories?post=119794"},{"taxonomy":"post_tag","embeddable":true,"href":"https:\/\/www.europesays.com\/fi\/wp-json\/wp\/v2\/tags?post=119794"}],"curies":[{"name":"wp","href":"https:\/\/api.w.org\/{rel}","templated":true}]}}