{"id":119801,"date":"2025-12-18T15:17:16","date_gmt":"2025-12-18T15:17:16","guid":{"rendered":"https:\/\/www.europesays.com\/fi\/119801\/"},"modified":"2025-12-18T15:17:16","modified_gmt":"2025-12-18T15:17:16","slug":"selviytymisvinkkeja-joululomalle-imatralla-imatran-kaupunki","status":"publish","type":"post","link":"https:\/\/www.europesays.com\/fi\/119801\/","title":{"rendered":"Selviytymisvinkkej\u00e4 joululomalle Imatralla | Imatran kaupunki"},"content":{"rendered":"<p>Monella on joulun ja uuden vuoden aikaan paljon vapaata aikaa. Toisille vapaat merkitsev\u00e4t helpotusta, mutta joitakin pitk\u00e4 loma-aika voi ahdistaa. T\u00e4ss\u00e4 jutussa on muutamia vinkkej\u00e4 joulun ja uudenvuoden viettoon Imatralla.<br \/>&#13;\n<\/p>\n<p>                  Tapahtumat<\/p>\n<p>Tapahtumarintamalla on hieman hiljaisempaa, mutta ei t\u00e4ysin. Imatran tapahtumakalenterissa on <a href=\"https:\/\/tapahtumat.imatra.fi\/fi-FI\/topic\/5dc903e498fud7206130344f4?mode=event&amp;count=9\" rel=\"nofollow noopener\" target=\"_blank\">oma joulun ja uudenvuoden osio<\/a>, johon on koottu lomasesongin tapahtumia, tansseja, konsertteja, joulupihaa ja niin edelleen.\u00a0<\/p>\n<p>Kinkunsulatukseen Imatralla erinomaiset mahdollisuudet. Haastavasta lumitilanteesta huolimatta <a href=\"https:\/\/kansallisihme.fi\/fi\/ensilumenlatu\" rel=\"nofollow noopener\" target=\"_blank\">ensilumenlatu on k\u00e4yt\u00f6ss\u00e4, valaistuna joka p\u00e4iv\u00e4 kello 6\u201322<\/a>. \u00a0Ja vaikka luistelukenttien suhteen n\u00e4ytt\u00e4\u00e4 hankalalta, yleis\u00f6luisteluja on j\u00e4\u00e4hallissa joulun j\u00e4lkeen.<\/p>\n<p>Se mit\u00e4 et voi kokea miss\u00e4\u00e4n muualla on tietenkin Imatrankoski. Se <a href=\"https:\/\/kansallisihme.fi\/fi\/imatrankoski\" rel=\"nofollow noopener\" target=\"_blank\">kuohuu uudenvuodenaattona ja uudenvuodenp\u00e4iv\u00e4n\u00e4<\/a>.\u00a0<\/p>\n<p>Imatran evankelisluterilaisessa seurakunnassa, kuten monissa muissakin kristillisiss\u00e4 yhteis\u00f6iss\u00e4, joulunaika on tapahtumien sesonkia. <a href=\"https:\/\/www.imatranseurakunta.fi\/tapahtumat\" rel=\"nofollow noopener\" target=\"_blank\">Seurakunnan tapahtumia on koottu sen omaan kalenteriin<\/a>.<\/p>\n<p>Ruoka, apu ja kriisit<\/p>\n<p>Joulu on mahdollisuus tehd\u00e4 hyv\u00e4\u00e4. Yksi k\u00e4tev\u00e4 keino auttaa on <a href=\"https:\/\/www.imatra.fi\/tyo-ja-elinvoima\/imatralaisuus\/nain-pyydat-loydat-ja-annat-apua-turvallisesti-ja-helposti-imatralla\" data-entity-type=\"node\" data-entity-uuid=\"8e4479b1-9209-4463-ba6d-316c06217883\" data-entity-substitution=\"canonical\" title=\"N\u00e4in pyyd\u00e4t, l\u00f6yd\u00e4t ja annat apua turvallisesti ja helposti Imatralla\" rel=\"nofollow noopener\" target=\"_blank\">naapuriapusovellus Commu<\/a>. Sen kautta voit pyyt\u00e4\u00e4, l\u00f6yt\u00e4\u00e4 ja antaa apua turvallisesti ja helposti Imatralla.\u00a0<\/p>\n<p>Jouluun kuuluu olennaisena osana ruoka. Jos ruoanlaitto ei ole oma juttu, niin <a href=\"https:\/\/gosaimaa.com\/suunnittele-lomasi\/ravintolat\/\" rel=\"nofollow noopener\" target=\"_blank\">Imatran seudun ravintolat <\/a>hoitavat homman puolestasi siin\u00e4 miss\u00e4 <a href=\"https:\/\/gosaimaa.com\/suunnittele-lomasi\/majoitus\/\" rel=\"nofollow noopener\" target=\"_blank\">seudun hotellitkin<\/a>.<\/p>\n<p>Joskus rahat on totaalisesti loppu. Etel\u00e4-Karjalan Vasemmistoliiton j\u00e4rjest\u00e4m\u00e4 maksuton jouluateria on tarjolla Vuoksenniskan ty\u00f6v\u00e4entalolla ilman ennakkoilmoittautumista jouluaattona kello 12 alkaen.<\/p>\n<p>Ruoka-apua Imatralla on saatavilla my\u00f6s joulunpyhin\u00e4. <a href=\"https:\/\/ruoka-apu.fi\/?viewType=list&amp;page=1&amp;startDate=2025-12-18&amp;city=6644 \" rel=\"nofollow noopener\" target=\"_blank\">Linkki ruoka-apusivustolle<\/a>.<\/p>\n<p>Joskus asiat kriisiytyv\u00e4t. <a href=\"https:\/\/www.imatra.fi\/apuah%C3%A4iri%C3%B6tilanteissa\" data-entity-type=\"node\" data-entity-uuid=\"5ff78a9d-4af2-4c54-845f-9e720e54dcf3\" data-entity-substitution=\"canonical\" title=\"Mist\u00e4 apua h\u00e4iri\u00f6tilanteissa?\" rel=\"nofollow noopener\" target=\"_blank\">T\u00e4\u00e4lt\u00e4 l\u00f6yd\u00e4t erilaisia apuv\u00e4yli\u00e4 avun hakemiseen kriisitilanteissa<\/a>, oli sitten kyse p\u00e4ihteist\u00e4, yksin\u00e4isyydest\u00e4 tai vaikka tulipalosta.<\/p>\n<p>Oikein hyv\u00e4\u00e4 ja leppoisaa joulunaikaa imatralaiset!<\/p>\n<p>HUOMIOITHAN, ett\u00e4 tapahtumien tiedot saattavat muuttua.<\/p>\n<p>                  Kuinka selvit\u00e4 joulun pyhist\u00e4 lukemalla<\/p>\n<p>Parasta joulussa on lukeminen. Kirjastonhoitaja <strong>Mika K\u00e4hk\u00f6nen<\/strong> vinkkaa t\u00e4ll\u00e4 kertaa niist\u00e4 kirjoista, jotka viel\u00e4 voit saada k\u00e4siisi jo n\u00e4ille vapaille.<\/p>\n<p>Nyt on jo kiire k\u00e4yd\u00e4 lainaamassa joululukemiset. Suosituimpia kirjoja ei en\u00e4\u00e4 pyhiksi kerki\u00e4 saamaan. Esimerkiksi <strong>Satu R\u00e4m\u00f6n<\/strong> Tinnasta on edelleen yli 700 varausta, jonon purkuun menee viel\u00e4 muutama kuukausi. T\u00e4ss\u00e4 muutama sellainen teos, jotka saattavat jo l\u00f6yty\u00e4 kirjastojen hyllyist\u00e4 varaamatta.<\/p>\n<p>Imatralainen <strong>Martti Malinen <\/strong>julkaisi t\u00e4n\u00e4 vuonna kaksi kirjaa, esikoisromaaninsa Oikukas el\u00e4m\u00e4 \u2013 Willa Werkkaisen tarina ja novellikokoelman Aikojen k\u00e4yt\u00e4v\u00e4. Ensin mainittu kertoo vanhusten palvelutalosta ja sen asukkaiden arjesta ja unelmista. Aikojen k\u00e4yt\u00e4v\u00e4 taasen on historiallisen mystinen ja jopa fantasiamainen tarinakokoelma.<\/p>\n<p><strong>Pirkka-Pekka Peteliuksen<\/strong> Ensilento ja viimeinen mohikaani on l\u00e4mminhenkinen ja lyhyist\u00e4 tekstinp\u00e4tkist\u00e4 koostuva muistelmateos 1950- ja 60-luvuilta. Kirjan lapsuus- ja nuoruusmuistot ovat helppoa ja mukavaa luettavaa, vaikkapa pieni\u00e4 lepohetki\u00e4 kesken jouluvalmistelujen.\u00a0<\/p>\n<p>Kekkos-tutkija <strong>Timo J. Tuikan<\/strong> Lappiin sijoittuvan romaanin Kyl\u00e4 josta pojat katosivat aikajana kulkee talvisodasta nykyp\u00e4iv\u00e4\u00e4n asti. Aihe on synkk\u00e4, mutta Tuikan mustahko huumori kevent\u00e4\u00e4 tarinaa.<\/p>\n<p>Imatrallakin ty\u00f6skennelleen <strong>Miia Saaren <\/strong>esikoisromaani Toimenpidep\u00e4iv\u00e4t kertoo, millaista on saada potkut. Aiheestaan huolimatta kirja on humoristinen. Raa\u2019an humoristinen, mutta humoristinen silti, vaikka nykyp\u00e4iv\u00e4n ty\u00f6el\u00e4m\u00e4 ei aina jaksa naurattaa.<\/p>\n<p><strong>Neil Hardwickin<\/strong> muistelmateosta Poistetut kohtaukset ei viel\u00e4 varaamatta saa, mutta haluan sen mainita. Olen pit\u00e4nyt kaikista Hardwickin kirjoista, eik\u00e4 t\u00e4m\u00e4k\u00e4\u00e4n tuota pettymyst\u00e4. El\u00e4m\u00e4 on valintoja, ja v\u00e4lill\u00e4 ne menev\u00e4t pieleen. Jo kirjan aloituslause her\u00e4tt\u00e4\u00e4 mielenkiinnon, kuten parhaissa kirjoissa aina: \u201dT\u00e4m\u00e4 p\u00e4iv\u00e4 oli k\u00e4\u00e4nnekohta el\u00e4m\u00e4ss\u00e4ni: min\u00e4 kuolin.\u201d<\/p>\n<p>Jos olet nopea ja tottunut lukija, voit tarttua jouluna <strong>Samuli Knuutin<\/strong> tiiliskiviromaaniin Kuviot, joita kadut eiv\u00e4t tied\u00e4 tekev\u00e4ns\u00e4. Rumban toimittajana, \u00e4rh\u00e4kk\u00e4n\u00e4 kolumnistina sek\u00e4 <strong>Miki Liukkosen <\/strong>kustannustoimittajana tutuksi tulleen Knuutin esikoisromaani on varmasti paljon velkaa Liukkoselle. Luulen, itse en ole uskaltautunut Liukkosen kirjoihin tarttumaan. Knuutin kirjasta pid\u00e4n kovasti, vaikka sen lukeminen on jo ihan fyysisesti kova urakka.<\/p>\n<p>Yht\u00e4\u00e4n vinkkilistaa en liene tehnyt ilman <strong>Petri Tammista<\/strong>, koska h\u00e4nen tiiviit ja t\u00e4ydelliset lauseensa jaksavat minua vuodesta toiseen miellytt\u00e4\u00e4. H\u00e4nen tuorein romaaninsa Sinua, sinua on niit\u00e4 t\u00e4ynn\u00e4ns\u00e4.<\/p>\n<p>Nuorisoakaan ei pid\u00e4 jouluna unohtaman. Ensi vuonna ilmestyy nelj\u00e4s osa <strong>Jessica Townsendin<\/strong> Nevermoor-sarjasta: Hopeasyntyinen \u2013 Morriganin arvoitus. Joulunpyhin\u00e4 on hyv\u00e4\u00e4 aikaa lukea sarjan aiemmat osat. Jos tykk\u00e4sit Harry Pottereista, kannattaa tutustua Nevermooriin.<\/p>\n<p>Rauhallista ja lukemisrikasta joulua toivotellen,<\/p>\n<p>Mika K\u00e4hk\u00f6nen, kirjastonhoitaja<\/p>\n","protected":false},"excerpt":{"rendered":"Monella on joulun ja uuden vuoden aikaan paljon vapaata aikaa. Toisille vapaat merkitsev\u00e4t helpotusta, mutta joitakin pitk\u00e4 loma-aika&hellip;\n","protected":false},"author":2,"featured_media":119802,"comment_status":"","ping_status":"","sticky":false,"template":"","format":"standard","meta":{"footnotes":""},"categories":[5],"tags":[22,23,26,27,33,31,30,17,24,25,28,29,15,18,21,32,19,20,16],"class_list":{"0":"post-119801","1":"post","2":"type-post","3":"status-publish","4":"format-standard","5":"has-post-thumbnail","7":"category-otsikot","8":"tag-breaking-news","9":"tag-breakingnews","10":"tag-featured-news","11":"tag-featurednews","12":"tag-fi","13":"tag-finland","14":"tag-finnish","15":"tag-headlines","16":"tag-latest-news","17":"tag-latestnews","18":"tag-main-news","19":"tag-mainnews","20":"tag-news","21":"tag-otsikot","22":"tag-paauutiset","23":"tag-suomi","24":"tag-top-stories","25":"tag-topstories","26":"tag-uutiset"},"share_on_mastodon":{"url":"https:\/\/pubeurope.com\/@fi\/115741238429426754","error":""},"_links":{"self":[{"href":"https:\/\/www.europesays.com\/fi\/wp-json\/wp\/v2\/posts\/119801","targetHints":{"allow":["GET"]}}],"collection":[{"href":"https:\/\/www.europesays.com\/fi\/wp-json\/wp\/v2\/posts"}],"about":[{"href":"https:\/\/www.europesays.com\/fi\/wp-json\/wp\/v2\/types\/post"}],"author":[{"embeddable":true,"href":"https:\/\/www.europesays.com\/fi\/wp-json\/wp\/v2\/users\/2"}],"replies":[{"embeddable":true,"href":"https:\/\/www.europesays.com\/fi\/wp-json\/wp\/v2\/comments?post=119801"}],"version-history":[{"count":0,"href":"https:\/\/www.europesays.com\/fi\/wp-json\/wp\/v2\/posts\/119801\/revisions"}],"wp:featuredmedia":[{"embeddable":true,"href":"https:\/\/www.europesays.com\/fi\/wp-json\/wp\/v2\/media\/119802"}],"wp:attachment":[{"href":"https:\/\/www.europesays.com\/fi\/wp-json\/wp\/v2\/media?parent=119801"}],"wp:term":[{"taxonomy":"category","embeddable":true,"href":"https:\/\/www.europesays.com\/fi\/wp-json\/wp\/v2\/categories?post=119801"},{"taxonomy":"post_tag","embeddable":true,"href":"https:\/\/www.europesays.com\/fi\/wp-json\/wp\/v2\/tags?post=119801"}],"curies":[{"name":"wp","href":"https:\/\/api.w.org\/{rel}","templated":true}]}}