{"id":119805,"date":"2025-12-18T15:36:11","date_gmt":"2025-12-18T15:36:11","guid":{"rendered":"https:\/\/www.europesays.com\/fi\/119805\/"},"modified":"2025-12-18T15:36:11","modified_gmt":"2025-12-18T15:36:11","slug":"nyt-tarahti-elian-lehto-taraytti-huippukisan-syoksylaskussa","status":"publish","type":"post","link":"https:\/\/www.europesays.com\/fi\/119805\/","title":{"rendered":"Nyt t\u00e4r\u00e4hti! Elian Lehto t\u00e4r\u00e4ytti huippukisan sy\u00f6ksylaskussa"},"content":{"rendered":"<p>Elian Lehto laski upean kisan.<\/p>\n<p><img decoding=\"async\" class=\"image image-show image-preview\" src=\"https:\/\/www.europesays.com\/fi\/wp-content\/uploads\/2025\/12\/b900e36002f3050ea168e514bd0ed07e89e42d44443d9992c69610a5e1217a5a.jpg\" alt=\"\"\/><img decoding=\"async\" class=\"image image-show\" src=\"https:\/\/www.europesays.com\/fi\/wp-content\/uploads\/2025\/12\/1766072169_393_b900e36002f3050ea168e514bd0ed07e89e42d44443d9992c69610a5e1217a5a.jpg\" alt=\"\"\/><\/p>\n<p>Elian Lehto ei antanut haastavien olosuhteiden haitata itse\u00e4\u00e4n. AOP<\/p>\n<p class=\"paragraph\"><strong>Elian Lehto<\/strong> laski upeasti kymmenenneksi alppihiihdon maailmancupin sy\u00f6ksykilpailussa Italian Val Gardenassa.<\/p>\n<p class=\"paragraph\">Sijoitus on 25-vuotiaan vauhtilajiekspertin uran jaettu paras noteeraus. Sijoitus oli sama viime kaudella helmikuussa Crans Montanan sylksyss\u00e4.<\/p>\n<p class=\"paragraph\">Lehto j\u00e4i kisan voittaneesta Sveitsin <strong>Marco Odermattista<\/strong> 0,82 sekuntia. Sveitsi otti kisasta kaksoisvoiton, <strong>Franjo von Allmen<\/strong> j\u00e4i maanmiehelleen 0,15 sekuntia. Kolmas oli Italian <strong>Dominik Paris<\/strong> (+0,19).<\/p>\n<p class=\"paragraph\">\u2013 Hyv\u00e4 aloitus t\u00e4lle kisaviikonlopulle. Kaksi kisaa viel\u00e4 ja pidet\u00e4\u00e4n keskittyminen niihin. J\u00e4i ehdottomasti parannettavaa, mutta oli todella hyv\u00e4\u00e4 tekemist\u00e4. Jatketaan huomenna ja ylihuomenna siit\u00e4 mihin t\u00e4n\u00e4\u00e4n j\u00e4\u00e4tiin ja otetaan lis\u00e4\u00e4 maailmancupin pisteit\u00e4, Lehto kertoi Ski Sport Finlandin tiedotteessa.<\/p>\n<p class=\"paragraph\">Kilpailussa n\u00e4htiin paha kaatuminen. Norjan <strong>Fredrik M\u00f8ller<\/strong> m\u00e4tk\u00e4hti selk\u00e4 edell\u00e4 rinteeseen hypyn j\u00e4lkeen. Hetke\u00e4 aiemmin miehen nopeudeksi mitattiin yli 120 km\/h.<\/p>\n<p class=\"paragraph\">M\u00f8ller ker\u00e4ili t\u00e4rskyn j\u00e4lkeen hetken aikaa itse\u00e4\u00e4n, mutta hetken p\u00e4\u00e4st\u00e4 h\u00e4n pystyi nousemaan polvilleen. H\u00e4net lenn\u00e4tettiin l\u00e4heiseen sairaalaan jatkotutkimuksiin varotoimenpiteen\u00e4.<\/p>\n<p class=\"paragraph\">Olosuhteet kisassa olivat vaikeat. Sankka sumu vaikeutti kilpailun l\u00e4piviemist\u00e4.<\/p>\n<p><a href=\"https:\/\/www.iltalehti.fi\/telkku\/?utm_source=iltalehti.fi&amp;utm_medium=almainternal&amp;utm_campaign=urheilu_artikkelibanneri&amp;utm_content=banner_612_a\" rel=\"nofollow noopener\" target=\"_blank\"><img decoding=\"async\" src=\"https:\/\/www.europesays.com\/fi\/wp-content\/uploads\/2025\/08\/7ef604e47d46ca174b7df4149bd3557dbde56a86d520f8e1b2125548b0a2e03a.png\" alt=\"TV-ohjelmat t\u00e4n\u00e4\u00e4n, TV-opas\"\/><\/a><\/p>\n","protected":false},"excerpt":{"rendered":"Elian Lehto laski upean kisan. Elian Lehto ei antanut haastavien olosuhteiden haitata itse\u00e4\u00e4n. AOP Elian Lehto laski upeasti&hellip;\n","protected":false},"author":2,"featured_media":119806,"comment_status":"","ping_status":"","sticky":false,"template":"","format":"standard","meta":{"footnotes":""},"categories":[158],"tags":[35,33,31,30,501,41,2461,159,32,502,167,160],"class_list":{"0":"post-119805","1":"post","2":"type-post","3":"status-publish","4":"format-standard","5":"has-post-thumbnail","7":"category-urheilu","8":"tag-24h","9":"tag-fi","10":"tag-finland","11":"tag-finnish","12":"tag-laakaripalvelut","13":"tag-liikunta-ja-urheilu","14":"tag-sairaalat-ja-terveyskeskukset","15":"tag-sports","16":"tag-suomi","17":"tag-terveydenhoito","18":"tag-terveys","19":"tag-urheilu"},"share_on_mastodon":{"url":"https:\/\/pubeurope.com\/@fi\/115741313592609271","error":""},"_links":{"self":[{"href":"https:\/\/www.europesays.com\/fi\/wp-json\/wp\/v2\/posts\/119805","targetHints":{"allow":["GET"]}}],"collection":[{"href":"https:\/\/www.europesays.com\/fi\/wp-json\/wp\/v2\/posts"}],"about":[{"href":"https:\/\/www.europesays.com\/fi\/wp-json\/wp\/v2\/types\/post"}],"author":[{"embeddable":true,"href":"https:\/\/www.europesays.com\/fi\/wp-json\/wp\/v2\/users\/2"}],"replies":[{"embeddable":true,"href":"https:\/\/www.europesays.com\/fi\/wp-json\/wp\/v2\/comments?post=119805"}],"version-history":[{"count":0,"href":"https:\/\/www.europesays.com\/fi\/wp-json\/wp\/v2\/posts\/119805\/revisions"}],"wp:featuredmedia":[{"embeddable":true,"href":"https:\/\/www.europesays.com\/fi\/wp-json\/wp\/v2\/media\/119806"}],"wp:attachment":[{"href":"https:\/\/www.europesays.com\/fi\/wp-json\/wp\/v2\/media?parent=119805"}],"wp:term":[{"taxonomy":"category","embeddable":true,"href":"https:\/\/www.europesays.com\/fi\/wp-json\/wp\/v2\/categories?post=119805"},{"taxonomy":"post_tag","embeddable":true,"href":"https:\/\/www.europesays.com\/fi\/wp-json\/wp\/v2\/tags?post=119805"}],"curies":[{"name":"wp","href":"https:\/\/api.w.org\/{rel}","templated":true}]}}