{"id":119811,"date":"2025-12-18T15:41:12","date_gmt":"2025-12-18T15:41:12","guid":{"rendered":"https:\/\/www.europesays.com\/fi\/119811\/"},"modified":"2025-12-18T15:41:12","modified_gmt":"2025-12-18T15:41:12","slug":"zelenskyi-vetoaa-belgian-paaministeriin-emme-saa-paastaa-jaadytettyja-varoja-venajan-kasiin","status":"publish","type":"post","link":"https:\/\/www.europesays.com\/fi\/119811\/","title":{"rendered":"Zelenskyi vetoaa Belgian p\u00e4\u00e4ministeriin: Emme saa p\u00e4\u00e4st\u00e4\u00e4 j\u00e4\u00e4dytettyj\u00e4 varoja Ven\u00e4j\u00e4n k\u00e4siin"},"content":{"rendered":"<p>Ukraina|EU-johtajat yritt\u00e4v\u00e4t taivutella Belgian p\u00e4\u00e4ministerin Bart De Weverin hyv\u00e4ksym\u00e4\u00e4n Ven\u00e4j\u00e4n j\u00e4\u00e4dytettyjen varojen k\u00e4ytt\u00e4misen Ukrainan tukemiseen.<\/p>\n<p class=\"article-body mb-nof-24 px-nof-16\">Bryssel<\/p>\n<p class=\"article-body mb-nof-24 px-nof-16\">Ukrainan kohtalosta p\u00e4\u00e4tt\u00e4v\u00e4 EU-huippukokous Brysseliss\u00e4 on k\u00e4ynnistynyt. EU-johtajien on tarkoitus p\u00e4\u00e4tt\u00e4\u00e4 Ukrainan l\u00e4hivuosien rahoitustarpeen kattamisesta.<\/p>\n<p class=\"article-body mb-nof-24 px-nof-16\">K\u00e4yt\u00e4nn\u00f6ss\u00e4 muut EU-johtajat yritt\u00e4v\u00e4t taivutella Belgian p\u00e4\u00e4ministerin <a class=\"article-personlink\" href=\"https:\/\/www.hs.fi\/haku\/?query=Bart%20De%20Weverin\" rel=\"nofollow noopener\" target=\"_blank\">Bart De Weverin<\/a> hyv\u00e4ksym\u00e4\u00e4n j\u00e4rjestelyn, jossa Ven\u00e4j\u00e4n keskuspankin j\u00e4\u00e4dytettyj\u00e4 varoja k\u00e4ytett\u00e4isiin Ukrainan tukemiseen. Komissio on esitt\u00e4nyt, ett\u00e4 j\u00e4\u00e4dytetyist\u00e4 varoista teht\u00e4isiin Ukrainalle 90 miljardin euron sotakorvauslaina.<\/p>\n<p class=\"article-body mb-nof-24 px-nof-16\">Belgia vastustaa j\u00e4rjestely\u00e4, koska pelk\u00e4\u00e4 sen taloudellisia riskej\u00e4 ja Ven\u00e4j\u00e4n vastatoimia. 185 miljardin euron arvosta j\u00e4\u00e4dytettyj\u00e4 varoja sijaitsee Belgiaan rekister\u00f6idyn arvopaperikeskus Euroclearin tilill\u00e4.<\/p>\n<p class=\"article-body mb-nof-24 px-nof-16\">My\u00f6s Ukrainan presidentti <a class=\"article-personlink\" href=\"https:\/\/www.hs.fi\/haku\/?query=Volodymyr%20Zelenskyi\" rel=\"nofollow noopener\" target=\"_blank\">Volodymyr Zelenskyi<\/a> yritti pehmitt\u00e4\u00e4 De Weveri\u00e4. Zelenskyi osallistui huippukokouksen alkuun ja tapasi De Weverin lis\u00e4ksi kahden kesken.<\/p>\n<p class=\"article-body mb-nof-24 px-nof-16\">\u201dMeill\u00e4 oli hyv\u00e4 keskustelu. Ymm\u00e4rr\u00e4n riskit, joista h\u00e4n puhuu, mutta me olemme sodassa ja riskit ovat suuremmat\u201d, Zelenskyi sanoi tapaamiseen j\u00e4lkeen tiedotustilaisuudessa.<\/p>\n<p class=\"article-body mb-nof-24 px-nof-16\">\u201dVoi olettaa, ett\u00e4 Ven\u00e4j\u00e4 ryhtyy vastatoimiin oikeusteitse, mutta ne [vastatoimet] eiv\u00e4t ole yht\u00e4 pelottavia kuin Ven\u00e4j\u00e4n joukot rajalla.\u201d<\/p>\n<p class=\"article-body mb-nof-24 px-nof-16\">Zelenskyi vetoaa EU-johtajiin, jotta n\u00e4m\u00e4 sopivat Ukrainan rahoituksesta ennen vuoden loppua. H\u00e4n varoitti, ett\u00e4 ilman uutta rahoituspakettia Ukraina voi joutua v\u00e4hent\u00e4m\u00e4\u00e4n esimerkiksi droonituotantoa.<\/p>\n<p class=\"article-body mb-nof-24 px-nof-16\">Zelenskyi sanoo, ett\u00e4 j\u00e4\u00e4dytettyjen varojen k\u00e4ytt\u00e4misell\u00e4 on my\u00f6s yhteys k\u00e4ynniss\u00e4 oleviin rauhanneuvotteluihin. Yhdysvallat ja Ven\u00e4j\u00e4 olivat jo sopimassa j\u00e4\u00e4dytettyjen varojen jakamisesta kesken\u00e4\u00e4n, ohi Euroopan.<\/p>\n<p class=\"article-body mb-nof-24 px-nof-16\">\u201dHaluamme n\u00e4m\u00e4 [j\u00e4\u00e4dytetyt] varat niin, ettei niit\u00e4 k\u00e4ytet\u00e4 meit\u00e4 vastaan\u201d, Zelenskyi sanoo.<\/p>\n<p class=\"article-body mb-nof-24 px-nof-16\">Kokouksen alla De Wever ei antanut mink\u00e4\u00e4nlaista viitett\u00e4 siit\u00e4, ett\u00e4 olisi valmis hyv\u00e4ksym\u00e4\u00e4n j\u00e4rjestelyn.<\/p>\n<p class=\"article-body mb-nof-24 px-nof-16\">\u201dEn ole viel\u00e4 n\u00e4hnyt teksti\u00e4, joka vakuuttaisi minut antamaan Belgian hyv\u00e4ksynn\u00e4n. En ole n\u00e4hnyt sellaista viel\u00e4. Toivon n\u00e4kev\u00e4ni sellaisen t\u00e4n\u00e4\u00e4n, mutta en ole n\u00e4hnyt viel\u00e4\u201d, De Wever sanoi aamulla puhuessaan Belgian parlamentille.<\/p>\n<p class=\"article-body mb-nof-24 px-nof-16\">H\u00e4n sanoi, ettei ole valmis kompromisseihin asioissa, jotka koskevat Belgian ja Euroopan rahoitusvakautta. De Weverin mukaan muiden j\u00e4senmaiden toistaiseksi tarjoamat takaukset Belgialle ovat riitt\u00e4m\u00e4tt\u00f6mi\u00e4.<\/p>\n<p class=\"article-body mb-nof-24 px-nof-16\">P\u00e4\u00e4ministeri <a class=\"article-personlink\" href=\"https:\/\/www.hs.fi\/haku\/?query=Petteri%20Orpo\" rel=\"nofollow noopener\" target=\"_blank\">Petteri Orpo<\/a> (kok) sanoo, ett\u00e4 kuukausien kest\u00e4neiden intensiivisten neuvotteluiden j\u00e4lkeen sopu sotakorvauslainasta on hyvin l\u00e4hell\u00e4.<\/p>\n<p class=\"article-body mb-nof-24 px-nof-16\">\u201dMutta en voi varmaksi sanoa, ett\u00e4 valmista tulee\u201d, Orpo sanoi kokoukseen saapuessaan.<\/p>\n<p class=\"article-body mb-nof-24 px-nof-16\">Komission lakiesitys on sorvattu siten, ett\u00e4 se mahdollistaa sotakorvauslainasta p\u00e4\u00e4tt\u00e4misen m\u00e4\u00e4r\u00e4enemmist\u00f6ll\u00e4, siis ilman Belgian hyv\u00e4ksynt\u00e4\u00e4. Orpon mukaan realismia kuitenkin on, ettei p\u00e4\u00e4t\u00f6ksess\u00e4 voida ohittaa Belgiaa, miss\u00e4 varat sijaitsevat.<\/p>\n<p class=\"article-body mb-nof-24 px-nof-16\">\u201dRatkaisu pit\u00e4\u00e4 l\u00f6yt\u00e4\u00e4 Belgian kanssa.\u201d<\/p>\n<p class=\"article-body mb-nof-24 px-nof-16\">Neuvotteluiden odotetaan kest\u00e4v\u00e4n pitk\u00e4\u00e4n. EU-diplomaatit ovat varautuneet jopa p\u00e4ivien neuvotteluihin.<\/p>\n<p class=\"article-body mb-nof-24 px-nof-16\">\u201dEmme lopeta kokousta ennen kuin meill\u00e4 on sopu Ukrainan vuosien 2026\u20132027 rahoitustarpeiden kattamisesta\u201d, kokousta johtava Eurooppa-neuvoston puheenjohtaja <a class=\"article-personlink\" href=\"https:\/\/www.hs.fi\/haku\/?query=Ant%C3%B3nio%20Costa\" rel=\"nofollow noopener\" target=\"_blank\">Ant\u00f3nio Costa<\/a> sanoi kokoukseen saapuessaan.<\/p>\n<p class=\"article-body mb-nof-24 px-nof-16\">Belgia ajaa sotakorvauslainan sijasta Ukrainan rahoittamista yhteisvelalla, jonka takauksena toimisi EU:n yhteinen budjetti.<\/p>\n<p class=\"article-body mb-nof-24 px-nof-16\">Komission puheenjohtaja <a class=\"article-personlink\" href=\"https:\/\/www.hs.fi\/haku\/?query=Ursula%20von%20der%20Leyen\" rel=\"nofollow noopener\" target=\"_blank\">Ursula von der Leyen<\/a> saapui kokoukseen muistuttamalla, ett\u00e4 yhteisvelka on my\u00f6s vaihtoehto Ukrainan tukemiseksi.<\/p>\n<p class=\"article-body mb-nof-24 px-nof-16\">\u201dT\u00e4n\u00e4\u00e4n meid\u00e4n t\u00e4ytyy p\u00e4\u00e4tt\u00e4\u00e4 n\u00e4iden vaihtoehtojen v\u00e4lilt\u00e4. Siit\u00e4 tulee intensiivinen keskustelu\u201d, von der Leyen sanoi.<\/p>\n<p class=\"article-body mb-nof-24 px-nof-16\">Orpon mukaan t\u00e4m\u00e4 ei kuitenkaan ole realistinen vaihtoehto, sill\u00e4 se vaatisi j\u00e4senmaiden yksimielisen p\u00e4\u00e4t\u00f6ksen. Unkari on jo ilmoittanut vastustavansa j\u00e4rjestely\u00e4.<\/p>\n<p class=\"article-body mb-nof-24 px-nof-16\">\u201dEn halua k\u00e4yd\u00e4 sit\u00e4 keskustelua edes, vaan nyt keskityt\u00e4\u00e4n t\u00e4m\u00e4n ratkaisun [sotakorvauslainan] aikaansaamiseen, koska se on ainoa realistinen vaihtoehto.\u201d<\/p>\n<p class=\"article-body mb-nof-24 px-nof-16\">Jos EU-maat eiv\u00e4t hyv\u00e4ksy sotakorvauslainaa, olisi se Orpon mukaan hyvin suuri pettymys.<\/p>\n","protected":false},"excerpt":{"rendered":"Ukraina|EU-johtajat yritt\u00e4v\u00e4t taivutella Belgian p\u00e4\u00e4ministerin Bart De Weverin hyv\u00e4ksym\u00e4\u00e4n Ven\u00e4j\u00e4n j\u00e4\u00e4dytettyjen varojen k\u00e4ytt\u00e4misen Ukrainan tukemiseen. Bryssel Ukrainan kohtalosta&hellip;\n","protected":false},"author":2,"featured_media":119812,"comment_status":"","ping_status":"","sticky":false,"template":"","format":"standard","meta":{"footnotes":""},"categories":[14],"tags":[22,23,26,27,33,31,30,17,46,24,25,28,29,15,18,21,32,19,20,56,16,59,60,61],"class_list":{"0":"post-119811","1":"post","2":"type-post","3":"status-publish","4":"format-standard","5":"has-post-thumbnail","7":"category-ulkomaat","8":"tag-breaking-news","9":"tag-breakingnews","10":"tag-featured-news","11":"tag-featurednews","12":"tag-fi","13":"tag-finland","14":"tag-finnish","15":"tag-headlines","16":"tag-helsingin-sanomat","17":"tag-latest-news","18":"tag-latestnews","19":"tag-main-news","20":"tag-mainnews","21":"tag-news","22":"tag-otsikot","23":"tag-paauutiset","24":"tag-suomi","25":"tag-top-stories","26":"tag-topstories","27":"tag-ulkomaat","28":"tag-uutiset","29":"tag-world","30":"tag-world-news","31":"tag-worldnews"},"share_on_mastodon":{"url":"https:\/\/pubeurope.com\/@fi\/115741332938100558","error":""},"_links":{"self":[{"href":"https:\/\/www.europesays.com\/fi\/wp-json\/wp\/v2\/posts\/119811","targetHints":{"allow":["GET"]}}],"collection":[{"href":"https:\/\/www.europesays.com\/fi\/wp-json\/wp\/v2\/posts"}],"about":[{"href":"https:\/\/www.europesays.com\/fi\/wp-json\/wp\/v2\/types\/post"}],"author":[{"embeddable":true,"href":"https:\/\/www.europesays.com\/fi\/wp-json\/wp\/v2\/users\/2"}],"replies":[{"embeddable":true,"href":"https:\/\/www.europesays.com\/fi\/wp-json\/wp\/v2\/comments?post=119811"}],"version-history":[{"count":0,"href":"https:\/\/www.europesays.com\/fi\/wp-json\/wp\/v2\/posts\/119811\/revisions"}],"wp:featuredmedia":[{"embeddable":true,"href":"https:\/\/www.europesays.com\/fi\/wp-json\/wp\/v2\/media\/119812"}],"wp:attachment":[{"href":"https:\/\/www.europesays.com\/fi\/wp-json\/wp\/v2\/media?parent=119811"}],"wp:term":[{"taxonomy":"category","embeddable":true,"href":"https:\/\/www.europesays.com\/fi\/wp-json\/wp\/v2\/categories?post=119811"},{"taxonomy":"post_tag","embeddable":true,"href":"https:\/\/www.europesays.com\/fi\/wp-json\/wp\/v2\/tags?post=119811"}],"curies":[{"name":"wp","href":"https:\/\/api.w.org\/{rel}","templated":true}]}}