{"id":119813,"date":"2025-12-18T15:42:09","date_gmt":"2025-12-18T15:42:09","guid":{"rendered":"https:\/\/www.europesays.com\/fi\/119813\/"},"modified":"2025-12-18T15:42:09","modified_gmt":"2025-12-18T15:42:09","slug":"kaupunginjohtajan-ajankohtaiskatsaus-16-12-2025-lammin-kiitos-tyontayteisesta-vuodesta","status":"publish","type":"post","link":"https:\/\/www.europesays.com\/fi\/119813\/","title":{"rendered":"Kaupunginjohtajan ajankohtaiskatsaus 16.12.2025: L\u00e4mmin kiitos ty\u00f6nt\u00e4yteisest\u00e4 vuodesta!"},"content":{"rendered":"<p>&#13;<br \/>\n\t\t\t\t\t\t\t\t\t\t\t&#13;<br \/>\n\t\t\t\t&#13;<\/p>\n<p>Kaupunginjohtaja Pauli Piiparinen on julkaissut loppuvuotta 2025 koskevan ajankohtaiskatsauksen. Videokatsaus on kuvattu 16.12.2025 ja sen voi katsoa kaupungin YouTube-kanavalta. Video on tekstitetty.<\/p>\n<p>T\u00e4ll\u00e4 kertaa aiheita ovat:<\/p>\n<ul class=\"wp-block-list\">\n<li>Vuoden viimeisen kaupunginhallituksen kokouksen kuulumisia: Yl\u00f6j\u00e4rven Palvelukiinteist\u00f6t Oy:n perustaminen, Asuntilan-Ilmarinj\u00e4rventien kaavan jatkovalmistelun linjaaminen Suolaniityntien vaihtoehdon pohjalta.<\/li>\n<li>Isojen rakennushankkeiden eteneminen tai valmistuminen: Vaasantien-Pallotien liittym\u00e4, koulutuskeskus Valon laajennus, Kurun yhten\u00e4iskoulu, Kirsi Kunnaksen p\u00e4iv\u00e4koti ja Siltatien tekoj\u00e4\u00e4kent\u00e4t, vilkas asuinalueiden kaavoitus, raitiotien hankesuunnittelun k\u00e4ynnistyminen.<\/li>\n<li>Tulevan vuoden talousarvio: tuloveron korotus ja investoinnit kaupungin ydinteht\u00e4viin kuten p\u00e4iv\u00e4koteihin ja kouluihin.<\/li>\n<li>Yl\u00f6j\u00e4rven hyv\u00e4 menestys kuntatutkimuksissa: Taloustutkimuksen imagotutkimuksessa sija 10 ja WSP:n elinvoimatutkimuksessa sija 16.<\/li>\n<li>Vuodenvaihteen perinteisen tapahtumat: tervetuloa koko perheen uudenvuoden juhlaan 31.12. ja Loiste-valotaidetapahtumaan 23.-25.1.<\/li>\n<\/ul>\n<p>L\u00e4mpim\u00e4t kiitokset henkil\u00f6st\u00f6lle, p\u00e4\u00e4tt\u00e4jille, yhteisty\u00f6kumppaneille ja yritt\u00e4jille. Hauskaa joulunaikaa kaikille!<\/p>\n<p><strong><a href=\"https:\/\/youtu.be\/izQmBUNC-Pg\" target=\"_blank\" rel=\"noreferrer noopener nofollow\">Katso ajankohtaiskatsaus 16.12.2025 t\u00e4st\u00e4<\/a><\/strong><\/p>\n<p>Alla videoupotus, joka n\u00e4kyy, jos olet hyv\u00e4ksynyt ev\u00e4steet. <\/p>\n<p>\t\t\t\t\t&#13;<br \/>\n\t\t\t\t\t&#13;<\/p>\n","protected":false},"excerpt":{"rendered":"&#13; &#13; &#13; Kaupunginjohtaja Pauli Piiparinen on julkaissut loppuvuotta 2025 koskevan ajankohtaiskatsauksen. Videokatsaus on kuvattu 16.12.2025 ja sen&hellip;\n","protected":false},"author":2,"featured_media":119814,"comment_status":"","ping_status":"","sticky":false,"template":"","format":"standard","meta":{"footnotes":""},"categories":[12],"tags":[21659,22,23,26,27,33,31,30,17,21660,24,25,28,29,15,18,21,32,19,20,16,21661],"class_list":{"0":"post-119813","1":"post","2":"type-post","3":"status-publish","4":"format-standard","5":"has-post-thumbnail","7":"category-suomi","8":"tag-ajankohtaiskatsaus","9":"tag-breaking-news","10":"tag-breakingnews","11":"tag-featured-news","12":"tag-featurednews","13":"tag-fi","14":"tag-finland","15":"tag-finnish","16":"tag-headlines","17":"tag-kaupunginjohtaja","18":"tag-latest-news","19":"tag-latestnews","20":"tag-main-news","21":"tag-mainnews","22":"tag-news","23":"tag-otsikot","24":"tag-paauutiset","25":"tag-suomi","26":"tag-top-stories","27":"tag-topstories","28":"tag-uutiset","29":"tag-vuosi-2025"},"share_on_mastodon":{"url":"https:\/\/pubeurope.com\/@fi\/115741336877152584","error":""},"_links":{"self":[{"href":"https:\/\/www.europesays.com\/fi\/wp-json\/wp\/v2\/posts\/119813","targetHints":{"allow":["GET"]}}],"collection":[{"href":"https:\/\/www.europesays.com\/fi\/wp-json\/wp\/v2\/posts"}],"about":[{"href":"https:\/\/www.europesays.com\/fi\/wp-json\/wp\/v2\/types\/post"}],"author":[{"embeddable":true,"href":"https:\/\/www.europesays.com\/fi\/wp-json\/wp\/v2\/users\/2"}],"replies":[{"embeddable":true,"href":"https:\/\/www.europesays.com\/fi\/wp-json\/wp\/v2\/comments?post=119813"}],"version-history":[{"count":0,"href":"https:\/\/www.europesays.com\/fi\/wp-json\/wp\/v2\/posts\/119813\/revisions"}],"wp:featuredmedia":[{"embeddable":true,"href":"https:\/\/www.europesays.com\/fi\/wp-json\/wp\/v2\/media\/119814"}],"wp:attachment":[{"href":"https:\/\/www.europesays.com\/fi\/wp-json\/wp\/v2\/media?parent=119813"}],"wp:term":[{"taxonomy":"category","embeddable":true,"href":"https:\/\/www.europesays.com\/fi\/wp-json\/wp\/v2\/categories?post=119813"},{"taxonomy":"post_tag","embeddable":true,"href":"https:\/\/www.europesays.com\/fi\/wp-json\/wp\/v2\/tags?post=119813"}],"curies":[{"name":"wp","href":"https:\/\/api.w.org\/{rel}","templated":true}]}}