{"id":119815,"date":"2025-12-18T15:43:10","date_gmt":"2025-12-18T15:43:10","guid":{"rendered":"https:\/\/www.europesays.com\/fi\/119815\/"},"modified":"2025-12-18T15:43:10","modified_gmt":"2025-12-18T15:43:10","slug":"hoitajien-ja-laakarien-palkkarastit-johtivat-riitaan-pohjois-karjalassa-kukaan-ei-suostu-maksamaan-kotimaa","status":"publish","type":"post","link":"https:\/\/www.europesays.com\/fi\/119815\/","title":{"rendered":"Hoitajien ja l\u00e4\u00e4k\u00e4rien palkkar\u00e4stit johtivat riitaan Pohjois-Karjalassa \u2013 kukaan ei suostu maksamaan | Kotimaa"},"content":{"rendered":"<ul class=\"aw-1jjocuh iJTSwP yle__article__list yle__article__list--ul\">\n<li class=\"aw-1j7gwms gNYKfi\">Pohjois-Karjalan hyvinvointialue ja viisi kuntaa ovat erimielisi\u00e4 siit\u00e4, kenen kuuluu maksaa ty\u00f6ntekij\u00f6iden palkkojen yhten\u00e4ist\u00e4misest\u00e4 syntynyt velka.<\/li>\n<\/ul>\n<ul class=\"aw-1jjocuh iJTSwP yle__article__list yle__article__list--ul\">\n<li class=\"aw-1j7gwms gNYKfi\">Hyvinvointialue katsoo, ett\u00e4 vastuu on kunnilla, sill\u00e4 palkkar\u00e4stit ovat perua ajalta ennen hyvinvointialueita.<\/li>\n<\/ul>\n<ul class=\"aw-1jjocuh iJTSwP yle__article__list yle__article__list--ul\">\n<li class=\"aw-1j7gwms gNYKfi\">Lieksa, Juuka, Ilomantsi, Polvij\u00e4rvi ja Tohmaj\u00e4rvi taas n\u00e4kev\u00e4t, ett\u00e4 vastuu velasta siirtyi soteuudistuksessa hyvinvointialueelle.<\/li>\n<\/ul>\n<ul class=\"aw-1jjocuh iJTSwP yle__article__list yle__article__list--ul\">\n<li class=\"aw-1j7gwms gNYKfi\">It\u00e4-Suomen hallinto-oikeus p\u00e4\u00e4tti joulukuussa, ett\u00e4 kuntien pit\u00e4\u00e4 maksaa alij\u00e4\u00e4m\u00e4.<\/li>\n<li class=\"aw-1j7gwms gNYKfi\">Kunnat ovat tyytym\u00e4tt\u00f6mi\u00e4 ratkaisuun ja aikovat hakea valituslupaa korkeimmasta hallinto-oikeudesta<\/li>\n<li class=\"aw-1j7gwms gNYKfi\">Samasta asiasta on ollut riitaa my\u00f6s P\u00e4ij\u00e4t-H\u00e4meess\u00e4.<\/li>\n<\/ul>\n<p class=\"aw-1gybjub aw-1p7kakr kEtdKx cEmitX yle__article__paragraph\">Sotety\u00f6ntekij\u00f6iden palkkojen yhten\u00e4ist\u00e4minen on johtanut riitaan Pohjois-Karjalassa.<\/p>\n<p class=\"aw-1gybjub aw-1p7kakr kEtdKx cEmitX yle__article__paragraph\">Riita juontaa juurensa soteuudistuksesta.<\/p>\n<p class=\"aw-1gybjub aw-1p7kakr kEtdKx cEmitX yle__article__paragraph\">Pohjois-Karjalan kunnat perustivat vuonna 2017 Siun sote -kuntayhtym\u00e4n huolehtimaan maakunnan asukkaiden sosiaali- ja terveyspalveluista.<\/p>\n<p class=\"aw-1gybjub aw-1p7kakr kEtdKx cEmitX yle__article__paragraph\">Kuntayhtym\u00e4n piti yhten\u00e4ist\u00e4\u00e4 ty\u00f6ntekij\u00f6iden, kuten hoitajien ja l\u00e4\u00e4k\u00e4rien, palkat.<\/p>\n<p class=\"aw-1gybjub aw-1p7kakr kEtdKx cEmitX yle__article__paragraph\">Ty\u00f6 j\u00e4i kuitenkin kesken, kun palvelut siirtyiv\u00e4t soteuudistuksessa hyvinvointialueille ja kuntayhtym\u00e4 lakkautettiin.<\/p>\n<p class=\"aw-1gybjub aw-1p7kakr kEtdKx cEmitX yle__article__paragraph\">Pohjois-Karjalan hyvinvointialue vei palkkaharmonisoinnin loppuun ja maksoi takautuvasti palkkoja ajalta ennen soteuudistusta.<\/p>\n<p class=\"aw-1gybjub aw-1p7kakr kEtdKx cEmitX yle__article__paragraph\">Riitaa tuli, kun hyvinvointialue ryhtyi karhuamaan palkkar\u00e4stej\u00e4 kunnilta.<\/p>\n<p>Pattitilanne my\u00f6s P\u00e4ij\u00e4t-H\u00e4meess\u00e4<\/p>\n<p class=\"aw-1gybjub aw-1p7kakr kEtdKx cEmitX yle__article__paragraph\">Ongelma koskee kaikkia Suomen hyvinvointialueita, joissa kuntayhtym\u00e4t alkoivat tasata palkkaeroja ennen soteuudistusta.<\/p>\n<p class=\"aw-1gybjub aw-1p7kakr kEtdKx cEmitX yle__article__paragraph\">Pohjois-Karjalan lis\u00e4ksi n\u00e4in on ollut <a class=\"aw-iao6s4 iHOxEa yle__article__link\" href=\"https:\/\/yle.fi\/a\/74-20115734\" role=\"link\" rel=\"nofollow noopener\" target=\"_blank\">muun muassa P\u00e4ij\u00e4t-H\u00e4meess\u00e4<\/a>.<\/p>\n<p class=\"aw-1gybjub aw-1p7kakr kEtdKx cEmitX yle__article__paragraph\">Pohjois-Karjalassa hyvinvointialue maksoi ty\u00f6ntekij\u00f6ille takautuvasti palkkoja vajaat 24 miljoonaa euroa ja laskutti summan kuntayhtym\u00e4n entisilt\u00e4 j\u00e4senkunnilta.<\/p>\n<p class=\"aw-1gybjub aw-1p7kakr kEtdKx cEmitX yle__article__paragraph\">Suurin osa Pohjois-Karjalan kunnista maksoi osuutensa, mutta Lieksa, Juuka, Ilomantsi, Polvij\u00e4rvi ja Tohmaj\u00e4rvi kielt\u00e4ytyiv\u00e4t.<\/p>\n<p class=\"aw-1gybjub aw-1p7kakr kEtdKx cEmitX yle__article__paragraph\">Kunnat katsovat, ett\u00e4 velka siirtyi soteuudistuksessa hyvinvointialueelle.<\/p>\n<p><img decoding=\"async\" alt=\"POhjois-Karjalan keskussairaalan uusin laajennus on valmistunut vanhan p\u00e4\u00e4rakennksen yhteteen..\" src=\"https:\/\/www.europesays.com\/fi\/wp-content\/uploads\/2025\/12\/39-6420785e44d2c5b2860.jpeg\" loading=\"lazy\" class=\"aw-1l9m598 hKVVvP\"\/><\/p>\n<p>Avaa kuvien katselu<\/p>\n<p>Pohjois-Karjalassa palkkoja maksettiin takautuvasti noin 2000 kuntayhtym\u00e4n entiselle ty\u00f6ntekij\u00e4lle. Kuva: Siun sote \/ Antti Pitk\u00e4j\u00e4rviHallinto-oikeus m\u00e4\u00e4r\u00e4si kunnat maksamaan<\/p>\n<p class=\"aw-1gybjub aw-1p7kakr kEtdKx cEmitX yle__article__paragraph\">Juuan kunnanjohtajan <strong class=\"aw-ak79eh KyCXm yle__article__strong\">Henri Tanskasen<\/strong> mukaan riidan keski\u00f6ss\u00e4 on se, miten kauas kuntien maksuvelvollisuus ulottuu ja voidaanko maksuista sopia ilman kuntia.<\/p>\n<p class=\"aw-1gybjub aw-1p7kakr kEtdKx cEmitX yle__article__paragraph\">Tanskanen sanoo, ett\u00e4 lain mukaan kuntayhtym\u00e4n varat, velat ja sitoumukset siirtyiv\u00e4t hyvinvointialueille.<\/p>\n<p class=\"aw-1gybjub aw-1p7kakr kEtdKx cEmitX yle__article__paragraph\">\u2013 Emme edes olleet en\u00e4\u00e4 mukana neuvottelup\u00f6yd\u00e4ss\u00e4, jossa palkkaharmonisoinnista sovittiin. Saimme vain eteemme laskun, ett\u00e4 t\u00e4m\u00e4 pit\u00e4\u00e4 maksaa, Tanskanen kertaa.<\/p>\n<p class=\"aw-1gybjub aw-1p7kakr kEtdKx cEmitX yle__article__paragraph\">Juuka ja nelj\u00e4 muuta kuntaa kantelivat asiasta It\u00e4-Suomen hallinto-oikeuteen, joka antoi ratkaisunsa joulukuun alussa.<\/p>\n<p class=\"aw-1gybjub aw-1p7kakr kEtdKx cEmitX yle__article__paragraph\">Hallinto-oikeus p\u00e4\u00e4tti, ett\u00e4 kuntien on maksettava osuutensa palkkar\u00e4steist\u00e4.<\/p>\n<p class=\"aw-1gybjub aw-1p7kakr kEtdKx cEmitX yle__article__paragraph\">Oikeus perusteli p\u00e4\u00e4t\u00f6st\u00e4\u00e4n muun muassa kuntayhtym\u00e4n vuoden 2022 tilinp\u00e4\u00e4t\u00f6ksell\u00e4.<\/p>\n<p class=\"aw-1gybjub aw-1p7kakr kEtdKx cEmitX yle__article__paragraph\">Tilinp\u00e4\u00e4t\u00f6kseen on kirjattu 24,1 miljoonan euron varaus tulevia palkkakustannuksia varten.<\/p>\n<p class=\"aw-1gybjub aw-1p7kakr kEtdKx cEmitX yle__article__paragraph\">Oikeuden mukaan varaus on ollut kuntayhtym\u00e4n alij\u00e4\u00e4m\u00e4\u00e4, joka j\u00e4senkuntien tulee soteuudistuksen voimaanpanolain mukaan kattaa.<\/p>\n<p>Kunnat eiv\u00e4t hyv\u00e4ksy oikeuden perusteluja<\/p>\n<p class=\"aw-1gybjub aw-1p7kakr kEtdKx cEmitX yle__article__paragraph\">Henri Tanskanen pit\u00e4\u00e4 oikeuden perustelua ongelmallisena.<\/p>\n<p class=\"aw-1gybjub aw-1p7kakr kEtdKx cEmitX yle__article__paragraph\">Vuoden 2022 tilinp\u00e4\u00e4t\u00f6s oli kuntayhtym\u00e4n viimeinen tilinp\u00e4\u00e4t\u00f6s, ja sen on laatinut hyvinvointialue.<\/p>\n<p class=\"aw-1gybjub aw-1p7kakr kEtdKx cEmitX yle__article__paragraph\">Tanskasen mukaan hyvinvointialueen edun mukaista on ollut kirjata alij\u00e4\u00e4m\u00e4 mahdollisimman suureksi.<\/p>\n<p class=\"aw-1gybjub aw-1p7kakr kEtdKx cEmitX yle__article__paragraph\">\u2013 Mit\u00e4 suuremmat tappiot kuntayhtym\u00e4 teki, sit\u00e4 suuremman valtionosuuden hyvinvointialue sai laskennallisesti. Vastaavasti kuntien valtionosuuksia on leikattu, Tanskanen sanoo.<\/p>\n<p class=\"aw-1gybjub aw-1p7kakr kEtdKx cEmitX yle__article__paragraph\">Pohjois-Karjalan hyvinvointialueen talousjohtaja <strong class=\"aw-ak79eh KyCXm yle__article__strong\">Ismo Rouvinen<\/strong> ihmettelee Tanskasen n\u00e4kemyst\u00e4.<\/p>\n<p class=\"aw-1gybjub aw-1p7kakr kEtdKx cEmitX yle__article__paragraph\">\u2013 Alij\u00e4\u00e4m\u00e4\u00e4 ei voi kirjata suuremmaksi kuin se todellisuudessa on.<\/p>\n<p class=\"aw-1gybjub aw-1p7kakr kEtdKx cEmitX yle__article__paragraph\">Rouvinen ty\u00f6skenteli kuntayhtym\u00e4ss\u00e4 talousjohtajana. Soteuudistuksen j\u00e4lkeen h\u00e4n on jatkanut samassa teht\u00e4v\u00e4ss\u00e4 hyvinvointialueella.<\/p>\n<p class=\"aw-1gybjub aw-1p7kakr kEtdKx cEmitX yle__article__paragraph\"><strong class=\"aw-ak79eh KyCXm yle__article__strong\">Juuan kunnanjohtaja Henri Tanskanen odottaa, ett\u00e4 asia etenee korkeimpaan hallinto-oikeuteen:<\/strong><\/p>\n<p>Kunnille kyse jopa miljoonista<\/p>\n<p class=\"aw-1gybjub aw-1p7kakr kEtdKx cEmitX yle__article__paragraph\">Juuka, Tohmaj\u00e4rvi ja mahdollisesti muutkin kunnat aikovat hakea valituslupaa korkeimmalta hallinto-oikeudelta.<\/p>\n<p class=\"aw-1gybjub aw-1p7kakr kEtdKx cEmitX yle__article__paragraph\">\u2013 Maksamme osuutemme hallinto-oikeuden p\u00e4\u00e4t\u00f6ksen mukaisesti, jotta viiv\u00e4styskorot eiv\u00e4t kasva. Viemme kuitenkin p\u00e4\u00e4t\u00f6ksen korkeimpaan hallinto-oikeuteen, sill\u00e4 kysymys on oikeudellisesti ep\u00e4selv\u00e4, Henri Tanskanen sanoo.<\/p>\n<p class=\"aw-1gybjub aw-1p7kakr kEtdKx cEmitX yle__article__paragraph\">Kunnille kyse on merkitt\u00e4vist\u00e4 summista.<\/p>\n<p class=\"aw-1gybjub aw-1p7kakr kEtdKx cEmitX yle__article__paragraph\">Esimerkiksi Juuan maksuosuus on noin 893\u00a0000 euroa.<\/p>\n<p class=\"aw-1gybjub aw-1p7kakr kEtdKx cEmitX yle__article__paragraph\">\u2013 Jos korkein hallinto-oikeus muuttaa p\u00e4\u00e4t\u00f6ksen, se muuttaa my\u00f6s kuntamme valtionosuuksia eli vaikutus kunnan talouteen on suurempi kuin yksin maksuosuus, Tanskanen sanoo.<\/p>\n<p>Talousjohtaja pelk\u00e4\u00e4 jo uutta palkkaharmonisointia<\/p>\n<p class=\"aw-1gybjub aw-1p7kakr kEtdKx cEmitX yle__article__paragraph\">My\u00f6s hyvinvointialueelle vajaat 24 miljoonaa euroa on merkitt\u00e4v\u00e4 summa.<\/p>\n<p class=\"aw-1gybjub aw-1p7kakr kEtdKx cEmitX yle__article__paragraph\">Talousjohtaja Ismo Rouvinen arvioi, ett\u00e4 se tarkoittaisi j\u00e4lleen uusia yt-neuvotteluja.<\/p>\n<p class=\"aw-1gybjub aw-1p7kakr kEtdKx cEmitX yle__article__paragraph\">\u2013 Meill\u00e4 on ollut t\u00e4n\u00e4 vuonna kahdet yt-neuvottelut, eik\u00e4 tuollaista summaa voi muuten kattaa.<\/p>\n<p class=\"aw-1gybjub aw-1p7kakr kEtdKx cEmitX yle__article__paragraph\">Rouvisen mukaan palkkaharmonisaatio on yksi isoimmista ongelmista, joka pit\u00e4\u00e4 ottaa huomioon, jos hyvinvointialueiden m\u00e4\u00e4r\u00e4\u00e4 viel\u00e4 v\u00e4hennet\u00e4\u00e4n.<\/p>\n<p class=\"aw-1gybjub aw-1p7kakr kEtdKx cEmitX yle__article__paragraph\">\u2013 Palkkojen yhten\u00e4ist\u00e4minen tulee joka kerta vastaan. Valtakunnallisesti puhutaan satojen miljoonien eurojen kulusta.<\/p>\n","protected":false},"excerpt":{"rendered":"Pohjois-Karjalan hyvinvointialue ja viisi kuntaa ovat erimielisi\u00e4 siit\u00e4, kenen kuuluu maksaa ty\u00f6ntekij\u00f6iden palkkojen yhten\u00e4ist\u00e4misest\u00e4 syntynyt velka. Hyvinvointialue katsoo,&hellip;\n","protected":false},"author":2,"featured_media":119816,"comment_status":"","ping_status":"","sticky":false,"template":"","format":"standard","meta":{"footnotes":""},"categories":[5],"tags":[22,23,26,27,33,31,30,17,2218,1687,2947,71,1833,24,25,1255,28,29,15,18,21,1137,15475,5057,32,1688,19,20,16],"class_list":{"0":"post-119815","1":"post","2":"type-post","3":"status-publish","4":"format-standard","5":"has-post-thumbnail","7":"category-otsikot","8":"tag-breaking-news","9":"tag-breakingnews","10":"tag-featured-news","11":"tag-featurednews","12":"tag-fi","13":"tag-finland","14":"tag-finnish","15":"tag-headlines","16":"tag-hyvinvointialueet","17":"tag-ilomantsi","18":"tag-juuka","19":"tag-kotimaa","20":"tag-kunnat","21":"tag-latest-news","22":"tag-latestnews","23":"tag-lieksa","24":"tag-main-news","25":"tag-mainnews","26":"tag-news","27":"tag-otsikot","28":"tag-paauutiset","29":"tag-pohjois-karjala","30":"tag-pohjois-karjalan-hyvinvointialue","31":"tag-polvijarvi","32":"tag-suomi","33":"tag-tohmajarvi","34":"tag-top-stories","35":"tag-topstories","36":"tag-uutiset"},"share_on_mastodon":{"url":"https:\/\/pubeurope.com\/@fi\/115741340838804791","error":""},"_links":{"self":[{"href":"https:\/\/www.europesays.com\/fi\/wp-json\/wp\/v2\/posts\/119815","targetHints":{"allow":["GET"]}}],"collection":[{"href":"https:\/\/www.europesays.com\/fi\/wp-json\/wp\/v2\/posts"}],"about":[{"href":"https:\/\/www.europesays.com\/fi\/wp-json\/wp\/v2\/types\/post"}],"author":[{"embeddable":true,"href":"https:\/\/www.europesays.com\/fi\/wp-json\/wp\/v2\/users\/2"}],"replies":[{"embeddable":true,"href":"https:\/\/www.europesays.com\/fi\/wp-json\/wp\/v2\/comments?post=119815"}],"version-history":[{"count":0,"href":"https:\/\/www.europesays.com\/fi\/wp-json\/wp\/v2\/posts\/119815\/revisions"}],"wp:featuredmedia":[{"embeddable":true,"href":"https:\/\/www.europesays.com\/fi\/wp-json\/wp\/v2\/media\/119816"}],"wp:attachment":[{"href":"https:\/\/www.europesays.com\/fi\/wp-json\/wp\/v2\/media?parent=119815"}],"wp:term":[{"taxonomy":"category","embeddable":true,"href":"https:\/\/www.europesays.com\/fi\/wp-json\/wp\/v2\/categories?post=119815"},{"taxonomy":"post_tag","embeddable":true,"href":"https:\/\/www.europesays.com\/fi\/wp-json\/wp\/v2\/tags?post=119815"}],"curies":[{"name":"wp","href":"https:\/\/api.w.org\/{rel}","templated":true}]}}